{"id":133458,"date":"2026-03-20T08:45:37","date_gmt":"2026-03-20T08:45:37","guid":{"rendered":"https:\/\/www.europesays.com\/lt\/133458\/"},"modified":"2026-03-20T08:45:37","modified_gmt":"2026-03-20T08:45:37","slug":"seimas-pritare-siulymui-nustatyti-lietuvos-kariu-ir-kas-tarnautoju-skaiciu-tarptautinese-misijose","status":"publish","type":"post","link":"https:\/\/www.europesays.com\/lt\/133458\/","title":{"rendered":"Seimas pritar\u0117 si\u016blymui nustatyti Lietuvos kari\u0173 ir KAS tarnautoj\u0173 skai\u010di\u0173 tarptautin\u0117se misijose"},"content":{"rendered":"<p>U\u017e projekt\u0105 balsavo 92 parlamentarai, prie\u0161taraujan\u010di\u0173 ir susilaikiusi\u0173j\u0173 nebuvo.<\/p>\n<p>Kaip ra\u0161oma projekte, iki 2027 m. pabaigos si\u016bloma si\u0173sti iki 80 Lietuvos kari\u0173 ir KAS darbuotoj\u0173 dalyvauti tarptautin\u0117se operacijose, kuriose personalas veikt\u0173 kaip NATO reagavimo paj\u0117g\u0173 dalis. Kariai ir darbuotojai b\u016bt\u0173 dislokuojami tik tuomet, kai atitinkam\u0105 sprendim\u0105 priimt\u0173 \u0160iaur\u0117s Atlanto Taryba.<\/p>\n<p>Taip pat si\u016bloma iki 2027 m. gruod\u017eio 31 d. si\u0173sti iki 20 Lietuvos kari\u0173 ir KAS darbuotoj\u0173 dalyvauti tarptautin\u0117se operacijose kaip Europos S\u0105jungos (ES) kovin\u0117s grup\u0117s daliai. Jie b\u016bt\u0173 dislokuojami tokiu atveju, jei sprendim\u0105 priimt\u0173 ES Taryba.<\/p>\n<p>Kartu dalyvauti tarptautin\u0117se operacijose iki kit\u0173 met\u0173 pabaigos si\u016bloma si\u0173sti apie 125 NATO ir ES karin\u0117se vadaviet\u0117se tarnaujan\u010di\u0173 Lietuvos kari\u0173 ir KAS tarnautoj\u0173. J\u0173 dislokacija \u012fvykt\u0173 tada, kai tok\u012f sprendim\u0105 priimt\u0173 NATO arba ES institucijos.<\/p>\n<p>Galiausiai, iki 2027 m. pabaigos si\u016bloma si\u0173sti iki 160 Lietuvos kari\u0173 ir KAS darbuotoj\u0173, priskirt\u0173 Jungtin\u0117ms ekspedicin\u0117ms paj\u0117goms (JEF), dalyvauti tarptautin\u0117se operacijose. Jie b\u016bt\u0173 dislokuojami, kai sprendim\u0105 dalyvauti priimt\u0173 JEF vadovaujanti valstyb\u0117, pasikonsultavusi su partneriais.<\/p>\n<p>\u012eprastai tokios operacijos vykdomos siekiant u\u017etikrinti saugum\u0105, stabilizuoti konflikt\u0173 zonas arba stiprinti partneri\u0173 paj\u0117gumus.<\/p>\n<p>Lietuvos kariai jose dalyvauja kaip tarptautini\u0173 paj\u0117g\u0173 dalis.<\/p>\n","protected":false},"excerpt":{"rendered":"U\u017e projekt\u0105 balsavo 92 parlamentarai, prie\u0161taraujan\u010di\u0173 ir susilaikiusi\u0173j\u0173 nebuvo. Kaip ra\u0161oma projekte, iki 2027 m. pabaigos si\u016bloma si\u0173sti&hellip;\n","protected":false},"author":2,"featured_media":131930,"comment_status":"","ping_status":"","sticky":false,"template":"","format":"standard","meta":{"footnotes":"","_share_on_mastodon":"0"},"categories":[13],"tags":[25,30,31,34,35,224,24,361,6117,32,33,37,39,36,38,40,4276,23,22,28,29,26,27],"class_list":["post-133458","post","type-post","status-publish","format-standard","has-post-thumbnail","category-lietuva","tag-antrastes","tag-breaking-news","tag-breakingnews","tag-featured-news","tag-featurednews","tag-gynyba","tag-headlines","tag-kariuomene","tag-krasto-apsauga","tag-latest-news","tag-latestnews","tag-lietuva","tag-lietuviu","tag-lithuania","tag-lithuanian","tag-lt","tag-misija","tag-naujienos","tag-news","tag-populiariausios-naujienos","tag-populiariausiosnaujienos","tag-top-stories","tag-topstories"],"share_on_mastodon":{"url":"https:\/\/pubeurope.com\/@lt\/116260629543661626","error":""},"_links":{"self":[{"href":"https:\/\/www.europesays.com\/lt\/wp-json\/wp\/v2\/posts\/133458","targetHints":{"allow":["GET"]}}],"collection":[{"href":"https:\/\/www.europesays.com\/lt\/wp-json\/wp\/v2\/posts"}],"about":[{"href":"https:\/\/www.europesays.com\/lt\/wp-json\/wp\/v2\/types\/post"}],"author":[{"embeddable":true,"href":"https:\/\/www.europesays.com\/lt\/wp-json\/wp\/v2\/users\/2"}],"replies":[{"embeddable":true,"href":"https:\/\/www.europesays.com\/lt\/wp-json\/wp\/v2\/comments?post=133458"}],"version-history":[{"count":0,"href":"https:\/\/www.europesays.com\/lt\/wp-json\/wp\/v2\/posts\/133458\/revisions"}],"wp:featuredmedia":[{"embeddable":true,"href":"https:\/\/www.europesays.com\/lt\/wp-json\/wp\/v2\/media\/131930"}],"wp:attachment":[{"href":"https:\/\/www.europesays.com\/lt\/wp-json\/wp\/v2\/media?parent=133458"}],"wp:term":[{"taxonomy":"category","embeddable":true,"href":"https:\/\/www.europesays.com\/lt\/wp-json\/wp\/v2\/categories?post=133458"},{"taxonomy":"post_tag","embeddable":true,"href":"https:\/\/www.europesays.com\/lt\/wp-json\/wp\/v2\/tags?post=133458"}],"curies":[{"name":"wp","href":"https:\/\/api.w.org\/{rel}","templated":true}]}}