{"id":133480,"date":"2026-03-20T09:11:07","date_gmt":"2026-03-20T09:11:07","guid":{"rendered":"https:\/\/www.europesays.com\/lt\/133480\/"},"modified":"2026-03-20T09:11:07","modified_gmt":"2026-03-20T09:11:07","slug":"politico-europos-sajungai-meloni-akibrokstas-delfi","status":"publish","type":"post","link":"https:\/\/www.europesays.com\/lt\/133480\/","title":{"rendered":"\u201ePolitico\u201c: Europos S\u0105jungai \u2013 Meloni akibrok\u0161tas &#8211; Delfi"},"content":{"rendered":"<ol>\n<li><a href=\"https:\/\/news.google.com\/rss\/articles\/CBMimAFBVV95cUxOZUFpSmc1a0txNmRDS09qTjZRRFNMQU5RUHlnNUNxOWlxRzB5RmY4bmNhcUtldlJHdXhPOFc5bDh1bmlVLVc5eklmSDZ2VkJOU3pfMlNjNGg5SE1NeTdQak5Dd3dremlkTjNZM2tfWXpVb0RPUF8wUHN1dGZjeGpaLTFKMTVjZUd5cno4ZkMwSUtQSk5RMXhEMQ?oc=5\" target=\"_blank\" rel=\"nofollow noopener\">\u201ePolitico\u201c: Europos S\u0105jungai \u2013 Meloni akibrok\u0161tas<\/a>&nbsp;&nbsp;Delfi<\/li>\n<li><a href=\"https:\/\/news.google.com\/rss\/articles\/CBMixgFBVV95cUxQeXdXMm5UaE10ZzFkZXg0T3ItUjNLaGI4MFJUM3pURDJ6cjZZalNmcWF3TWVBai0xTlp0UmxKSzBEa0FuNEFScFQwWTQtWldSYmJ4WUNqc255bkZsbi1nZEFNbnBBUEtCNjlsc2VJR0RBMXFBN085SUVYLWp0S0YzWE9YcVFrdWl4ZGhWcHZyak1YMHh2Zzlnd0FtUTRZZWF3d2djMldVcjk0RENORldxS3dDaG9pc0VkMUJCOVNfUzZjb081OWc?oc=5\" target=\"_blank\" rel=\"nofollow noopener\">Karas Ukrainoje. Von der Leyen: pagalba Kyjiv\u0105 pasieks nepaisant Orbano blokados<\/a>&nbsp;&nbsp;LRT<\/li>\n<li><a href=\"https:\/\/news.google.com\/rss\/articles\/CBMifkFVX3lxTFBOZ1gzdHF6eTAtTWdNVkhMc3d5Vi1yejBRelBKU3JtZzAyZ3BEeXlWaXBVRV9nVW1jajh4RkJuUDlLckxFcXJVMzhMcmEwcVJxYS1janRfdUktRV9FZlktYkJtbU14bVh4TWRXTmR3c2FvSWFRLWZBbzRiOW93Zw?oc=5\" target=\"_blank\" rel=\"nofollow noopener\">Karas Ukrainoje. \u201ePolitico\u201c: Italijos premjer\u0117 Ukrainos konflikto klausimu palaiko Orban\u0105<\/a>&nbsp;&nbsp;15min.lt<\/li>\n<li><a href=\"https:\/\/news.google.com\/rss\/articles\/CBMi8gFBVV95cUxPY1lUb2JLcEVYS292OTZ3WU5CV0dpQ09WaFZObGhPaXczUjc1Vk1vZXhOVnNBSGIzNEdTTjBkcXdXUzF1QWJxel9ILUNkZ3Z6Q0xwZnlvenh4blpjaWtEVWI4SWlEaXdhOVYyT2FIRTQ5UmtLYWZLOHBCYjRPVUhpaXZRaE0xTTV2Z1huMkxuN3VyY0ZFVnpXdzBqR2ZTeW9CWU9UY2FxSjNSVDM3SllEaG5WTmlLSnNOSktjeVFOOTFIUnFWVGRodjhUOVl4ck1UZjR1UVpxcFF4VS1zaVE5S2dGVW03QUQ1Q3BmbS1ZTzZRQQ?oc=5\" target=\"_blank\" rel=\"nofollow noopener\">ES lyderiai stoja \u012f kov\u0105 su V. Orbanu: vienas po kito rei\u0161kia pasipiktinim\u0105 \u012fsipareigojim\u0173 nepaisymu<\/a>&nbsp;&nbsp;Lrytas<\/li>\n<li><a href=\"https:\/\/news.google.com\/rss\/articles\/CBMi2AFBVV95cUxQUEJoUUxmdm95ZEVIR0tlalNkSkttR3lLZlR5VXdBQUtZUDQwRFBFa3hLcm5XYUhTbGd4LTNQNHMtZ1JPVmNQT29MUi1jWGlhdGZfZDgxTDBLcVc3UXN6STlfSDVLUnpreC1xMzlrQUE2Zy0tMnpnQ2Y4Rk42S1U3SG9HY0FmTW9OdTlteEpnYTE0ZmFlQjBJSC1QdEJJc2tJU2F5dThQeWhQV3UwSWkwaU1fV3pubHEyNXdkNXJDLUVycElVS1NOX1Z6bGs3TmVWLUtEQ3l5ZEY?oc=5\" target=\"_blank\" rel=\"nofollow noopener\">Ukrainos naftos \u012fmon\u0117 \u201eNaftogaz\u201c partneriams Europoje pristat\u0117 naftotiekio \u201eDru\u017eba\u201c atstatymo plan\u0105<\/a>&nbsp;&nbsp;tv3.lt<\/li>\n<\/ol>\n","protected":false},"excerpt":{"rendered":"\u201ePolitico\u201c: Europos S\u0105jungai \u2013 Meloni akibrok\u0161tas&nbsp;&nbsp;Delfi Karas Ukrainoje. Von der Leyen: pagalba Kyjiv\u0105 pasieks nepaisant Orbano blokados&nbsp;&nbsp;LRT Karas&hellip;\n","protected":false},"author":2,"featured_media":133481,"comment_status":"","ping_status":"","sticky":false,"template":"","format":"standard","meta":{"footnotes":"","_share_on_mastodon":"0"},"categories":[15],"tags":[2767,25,30,31,1068,34,35,5836,24,32,33,37,39,36,38,40,23,22,44,28,29,119,2204,26,27,360,330,331,74,75,76],"class_list":["post-133480","post","type-post","status-publish","format-standard","has-post-thumbnail","category-pasaulis","tag-antonio-costa","tag-antrastes","tag-breaking-news","tag-breakingnews","tag-europos-sajunga","tag-featured-news","tag-featurednews","tag-giorgia-meloni","tag-headlines","tag-latest-news","tag-latestnews","tag-lietuva","tag-lietuviu","tag-lithuania","tag-lithuanian","tag-lt","tag-naujienos","tag-news","tag-pasaulis","tag-populiariausios-naujienos","tag-populiariausiosnaujienos","tag-rusija","tag-slovakija","tag-top-stories","tag-topstories","tag-ukraina","tag-vengrija","tag-viktoras-orbanas","tag-world","tag-world-news","tag-worldnews"],"share_on_mastodon":{"url":"https:\/\/pubeurope.com\/@lt\/116260731923327967","error":""},"_links":{"self":[{"href":"https:\/\/www.europesays.com\/lt\/wp-json\/wp\/v2\/posts\/133480","targetHints":{"allow":["GET"]}}],"collection":[{"href":"https:\/\/www.europesays.com\/lt\/wp-json\/wp\/v2\/posts"}],"about":[{"href":"https:\/\/www.europesays.com\/lt\/wp-json\/wp\/v2\/types\/post"}],"author":[{"embeddable":true,"href":"https:\/\/www.europesays.com\/lt\/wp-json\/wp\/v2\/users\/2"}],"replies":[{"embeddable":true,"href":"https:\/\/www.europesays.com\/lt\/wp-json\/wp\/v2\/comments?post=133480"}],"version-history":[{"count":0,"href":"https:\/\/www.europesays.com\/lt\/wp-json\/wp\/v2\/posts\/133480\/revisions"}],"wp:featuredmedia":[{"embeddable":true,"href":"https:\/\/www.europesays.com\/lt\/wp-json\/wp\/v2\/media\/133481"}],"wp:attachment":[{"href":"https:\/\/www.europesays.com\/lt\/wp-json\/wp\/v2\/media?parent=133480"}],"wp:term":[{"taxonomy":"category","embeddable":true,"href":"https:\/\/www.europesays.com\/lt\/wp-json\/wp\/v2\/categories?post=133480"},{"taxonomy":"post_tag","embeddable":true,"href":"https:\/\/www.europesays.com\/lt\/wp-json\/wp\/v2\/tags?post=133480"}],"curies":[{"name":"wp","href":"https:\/\/api.w.org\/{rel}","templated":true}]}}