{"id":133482,"date":"2026-03-20T09:12:08","date_gmt":"2026-03-20T09:12:08","guid":{"rendered":"https:\/\/www.europesays.com\/lt\/133482\/"},"modified":"2026-03-20T09:12:08","modified_gmt":"2026-03-20T09:12:08","slug":"ryanair-lietuvoje-ieskos-200-nauju-darbuotoju","status":"publish","type":"post","link":"https:\/\/www.europesays.com\/lt\/133482\/","title":{"rendered":"\u201eRyanair\u201c Lietuvoje ie\u0161kos 200 nauj\u0173 darbuotoj\u0173"},"content":{"rendered":"<p>Lietuvos oro uost\u0173 vadovas <a rel=\"noopener nofollow\" target=\"_blank\" href=\"https:\/\/www.delfi.lt\/temos\/simonas-bartkus\" tag-id=\"59381127\">Simonas Bartkus<\/a> socialiniame tinkle \u201eFacebook\u201c prane\u0161\u0117, kad Kauno rajone yra ir kylan\u010di\u0173 investicij\u0173.<\/p>\n<p>\u201eKauno oro uoste matau, kaip pilnu tempu \u201e<a rel=\"noopener nofollow\" target=\"_blank\" href=\"https:\/\/www.delfi.lt\/temos\/ryanair\" tag-id=\"53957469\">Ryanair<\/a>\u201c stato dar vien\u0105 l\u0117ktuv\u0173 remontui ir prie\u017ei\u016brai skirt\u0105 angar\u0105, kuriame tilps dar du \u201eBoeing\u201c l\u0117ktuvai baziniam aptarnavimui. <\/p>\n<p>Numatoma, jog pirmi l\u0117ktuvai \u012fva\u017eiuos jau ateinan\u010di\u0105 \u017eiem\u0105, nes vasaromis visi l\u0117ktuvai skraido. Matau kaip Karolis visais kanalais ie\u0161ko darbuotoj\u0173. (&#8230;) Po \u0161io pl\u0117tros etapo Kauno oro uostas taps antra ar tre\u010dia did\u017eiausia \u201eRyanair\u201c MRO baz\u0117 Europoje, priklauso, kaip skai\u010diuosi\u201c, \u2013 ra\u0161\u0117 S. Bartkus. <\/p>\n<p>\u201eKaunas Aircraft Maintenance Services\u201c vadovas Karolis \u010cepukas portalui lrt.lt patvirtino, kad Kaune \u0161iuo metu statomi du orlaivi\u0173 technin\u0117s prie\u017ei\u016bros angarai. Juose veikl\u0105 planuojama prad\u0117ti 2027 metais, ie\u0161koma 200 nauj\u0173 darbuotoj\u0173.<\/p>\n<p>\u201eOrlaivi\u0173 in\u017einieriai \u0161iandien u\u017edirba atlyginimus, prilygstan\u010dius ministr\u0173 algoms\u201c, \u2013 lrt.lt sak\u0117 K. \u010cepukas.<\/p>\n<p>Rekvizitai.lt duomenimis, \u201eKaunas Aircraft Maintenance Services\u201c \u0161iuo metu dirba 382 darbuotojai, vidutin\u0117 alga saus\u012f siek\u0117 4 474 eurus, neatskai\u010dius mokes\u010di\u0173. <\/p>\n<p>\u201eRyanair\u201c puslapyje jau galima matyti <a rel=\"noopener nofollow\" target=\"_blank\" href=\"https:\/\/careers.ryanair.com\/jobs\/?ryanair-jobs-location=21150&amp;page=1\" data-rel-date-range=\"[]\">tam tikrus darbo skelbimus<\/a>. Pavyzd\u017eiui, ie\u0161komas orlaivi\u0173 mechanikas. Jam \u017eadamas m\u0117nesinis atlyginimas nuo 1958 eur\u0173 iki 4154 eur\u0173, neatskai\u010dius mokes\u010di\u0173, priklausomai nuo kvalifikacijos ir patirties. <\/p>\n<p>Licencijuotam orlaivi\u0173 in\u017einieriui \u017eadamas atlyginimas iki 7650 eur\u0173 per m\u0117nes\u012f, neatskai\u010dius mokes\u010di\u0173. <\/p>\n","protected":false},"excerpt":{"rendered":"Lietuvos oro uost\u0173 vadovas Simonas Bartkus socialiniame tinkle \u201eFacebook\u201c prane\u0161\u0117, kad Kauno rajone yra ir kylan\u010di\u0173 investicij\u0173. \u201eKauno&hellip;\n","protected":false},"author":2,"featured_media":133483,"comment_status":"","ping_status":"","sticky":false,"template":"","format":"standard","meta":{"footnotes":"","_share_on_mastodon":"0"},"categories":[13],"tags":[25,30,31,34,35,24,32,33,37,39,36,38,40,23,22,28,29,1329,12323,26,27],"class_list":["post-133482","post","type-post","status-publish","format-standard","has-post-thumbnail","category-lietuva","tag-antrastes","tag-breaking-news","tag-breakingnews","tag-featured-news","tag-featurednews","tag-headlines","tag-latest-news","tag-latestnews","tag-lietuva","tag-lietuviu","tag-lithuania","tag-lithuanian","tag-lt","tag-naujienos","tag-news","tag-populiariausios-naujienos","tag-populiariausiosnaujienos","tag-ryanair","tag-simonas-bartkus","tag-top-stories","tag-topstories"],"share_on_mastodon":{"url":"https:\/\/pubeurope.com\/@lt\/116260735889953015","error":""},"_links":{"self":[{"href":"https:\/\/www.europesays.com\/lt\/wp-json\/wp\/v2\/posts\/133482","targetHints":{"allow":["GET"]}}],"collection":[{"href":"https:\/\/www.europesays.com\/lt\/wp-json\/wp\/v2\/posts"}],"about":[{"href":"https:\/\/www.europesays.com\/lt\/wp-json\/wp\/v2\/types\/post"}],"author":[{"embeddable":true,"href":"https:\/\/www.europesays.com\/lt\/wp-json\/wp\/v2\/users\/2"}],"replies":[{"embeddable":true,"href":"https:\/\/www.europesays.com\/lt\/wp-json\/wp\/v2\/comments?post=133482"}],"version-history":[{"count":0,"href":"https:\/\/www.europesays.com\/lt\/wp-json\/wp\/v2\/posts\/133482\/revisions"}],"wp:featuredmedia":[{"embeddable":true,"href":"https:\/\/www.europesays.com\/lt\/wp-json\/wp\/v2\/media\/133483"}],"wp:attachment":[{"href":"https:\/\/www.europesays.com\/lt\/wp-json\/wp\/v2\/media?parent=133482"}],"wp:term":[{"taxonomy":"category","embeddable":true,"href":"https:\/\/www.europesays.com\/lt\/wp-json\/wp\/v2\/categories?post=133482"},{"taxonomy":"post_tag","embeddable":true,"href":"https:\/\/www.europesays.com\/lt\/wp-json\/wp\/v2\/tags?post=133482"}],"curies":[{"name":"wp","href":"https:\/\/api.w.org\/{rel}","templated":true}]}}