{"id":13366,"date":"2025-10-08T19:50:10","date_gmt":"2025-10-08T19:50:10","guid":{"rendered":"https:\/\/www.europesays.com\/lt\/13366\/"},"modified":"2025-10-08T19:50:10","modified_gmt":"2025-10-08T19:50:10","slug":"kedainiecius-supancioje-gargzdiskiai-isirase-pirmaja-pergale-kmt-rungtynese","status":"publish","type":"post","link":"https:\/\/www.europesays.com\/lt\/13366\/","title":{"rendered":"K\u0117dainie\u010dius supan\u010dioj\u0119 garg\u017edi\u0161kiai \u012fsira\u0161\u0117 pirm\u0105j\u0105 pergal\u0119 KMT rungtyn\u0117se"},"content":{"rendered":"<p>Trita\u0161kiais prabil\u0119 garg\u017edi\u0161kiai nuo rungtyni\u0173 prad\u017eios i\u0161siver\u017e\u0117 \u012f priek\u012f \u2013 11:2. Tiesa, \u0161eimininkai greitai priart\u0117jo (10:11), bet sek\u0117 dar viena gera \u201eGarg\u017ed\u0173\u201c atkarpa \u2013 19:12. Benas Grici\u016bnas skirtum\u0105 augino iki dvi\u017eenklio (24:14), o po pirmojo k\u0117linio \u0161eimininkai atsiliko 23:32.<\/p>\n<p>Nojus Mineikis tolino \u201eGarg\u017edus\u201c nuo oponent\u0173 (38:24), o Ethano Chargoiso ir J.D.Muilo metimai dramati\u0161kai \u201eNev\u0117\u017eio-Paskol\u0173 klubo\u201c situacijos nekeit\u0117 \u2013 38:53. \u0160eimininkai po pirmos ma\u010do dalies tur\u0117jo problem\u0173 \u2013 39:56.<\/p>\n<p>Atotr\u016bkis tarp ekip\u0173 po truput\u012f pasiek\u0117 triu\u0161kinam\u0105 rib\u0105 (64:42), o puolime K\u0117daini\u0173 ekipa \u017eaid\u0117 pras\u010diausi\u0105 savo k\u0117lin\u012f. U\u017e tai baud\u0119 garg\u017edi\u0161kiai tolo jau 73:49. Paskutinis ketvirtis liko formalumu. Daugiau intrigos rungtyn\u0117se nebei\u0161vydome.<\/p>\n<p>K\u0117daini\u0173 klubas pataik\u0117 3 trita\u0161kius i\u0161 22 (13 proc.), tuo tarpu \u201eGarg\u017edai\u201c \u2013 13 i\u0161 23 (56 proc.).<\/p>\n<p>\u0160eiminink\u0173 gretose labiau i\u0161siskyr\u0117 tik E.Chargoisas (14 t\u0161k.) ir J.D.Muila (11 atk. kam., 9 atk. kam., 13 n.b.). Ignas Vaitkus komandai nepad\u0117jo.<\/p>\n<p>Nugal\u0117tojams 19 ta\u0161k\u0173 peln\u0117 Nojus Mineikis (5\/7 trit.), 13 \u2013 Darylas Doualla. Garg\u017edi\u0161kiai vis dar neturi Pauliaus Petrilevi\u010diaus.<\/p>\n<p>Kiti \u201eGarg\u017ed\u0173\u201c oponentai Citadele KMT \u2013 \u201e\u0160iauliai\u201c. Rungtyn\u0117s vyks spalio 15 dien\u0105. \u201eNev\u0117\u017eis-Paskol\u0173 klubas\u201c spalio 23 dien\u0105 keliaus \u012f Jonav\u0105. <\/p>\n<p>\u201eNev\u0117\u017eis-Paskol\u0173 klubas\u201c: Ethanas Chargoisas 14, J.D.Muila 11 (9 atk. kam.), Justinas Marcinkevi\u010dius ir Tony Perkinsas (3\/13 metimai) \u2013 po 10, Tyleris Petersonas 7.<\/p>\n<p>\u201eGarg\u017edai\u201c: Nojus Mineikis 19 (5\/7 trit.), Darylas Doualla 13, Deividas Gailius ir Joshua Haginsas (5 rez. perd.) \u2013 po 11, Benas Grici\u016bnas 8.<\/p>\n<p>Pra\u0117jusi\u0105 savait\u0119 Karaliaus Mindaugo taur\u0117s (KMT) starte \u201eNev\u0117\u017eis-Paskol\u0173 klubas\u201c  po atkaklios kovos <a rel=\"noopener follow nofollow\" target=\"_blank\" href=\"https:\/\/www.delfi.lt\/krepsinis\/naujienos\/karaliaus-mindaugo-taures-starte-siauliu-pergale-ir-puikus-reddishas-120155985\" data-rel-date-range=\"[]\">92:95<\/a> nusileido \u201e\u0160iauliams\u201c, o \u201eGarg\u017edai\u201c 68:72 tur\u0117jo pripa\u017einti Utenos \u201eJuventus\u201c krep\u0161inink\u0173 prana\u0161um\u0105.<\/p>\n<p>Tuo tarpu <a rel=\"noopener nofollow\" target=\"_blank\" href=\"https:\/\/www.delfi.lt\/temos\/lkl\" tag-id=\"63102926\">LKL<\/a> pirmenyb\u0117se kedainie\u010di\u0173 (1-3)  ir garg\u017edi\u0161ki\u0173 (1-2) s\u0105skaitose viena pergal\u0117 taip pat \u2013 vien\u0105 i\u0161 trij\u0173.<\/p>\n<p>Priminsime, jog kaip \u012fprasta, tarptautiniuose turnyruose \u017eaid\u017eiantys klubai (Kauno \u201e\u017dalgiris\u201c, Vilniaus \u201eRytas\u201c, Panev\u0117\u017eio \u201eLietkabelis\u201c ir Klaip\u0117dos \u201eNept\u016bnas\u201c) \u012f turnyro kovas \u012fsijungia nuo ketvirtfinalio etapo. <\/p>\n<p>Likusias keturias vietas ketvirtfinalio etape i\u0161sidalins penkios LKL ekipos: \u201eJuventus\u201c, \u201eJonava\u201c, \u201e\u0160iauliai\u201c, \u201eGarg\u017edai\u201c bei K\u0117daini\u0173 \u201eNev\u0117\u017eis-Paskol\u0173 klubas\u201c. <\/p>\n<p>Jos  KMT pirmajame etape var\u017eysis vienoje grup\u0117je dviej\u0173 rat\u0173 sistema \u2013 tarpusavyje visos komandos su\u017eais po dusyk (namie ir i\u0161vykoje). \u0160is etapas startavo spalio 1 d., ir fini\u0161uos gruod\u017eio 10 d., rungtyn\u0117s vyks tre\u010diadieniais ir ketvirtadieniais. <\/p>\n<p>Pasibaigus pirmajam etapui, \u012f ketvirtfinal\u012f pateks keturios geriausios grup\u0117s komandos. Svarbu pa\u017eym\u0117ti, kad ekip\u0173 u\u017eimta vieta grup\u0117je taip pat tampa svarbesn\u0117 d\u0117l pasikeitusio ketvirtfinalio por\u0173 formavimo, kurio procese nebelieka burt\u0173 traukimo. <\/p>\n","protected":false},"excerpt":{"rendered":"Trita\u0161kiais prabil\u0119 garg\u017edi\u0161kiai nuo rungtyni\u0173 prad\u017eios i\u0161siver\u017e\u0117 \u012f priek\u012f \u2013 11:2. Tiesa, \u0161eimininkai greitai priart\u0117jo (10:11), bet sek\u0117&hellip;\n","protected":false},"author":2,"featured_media":13367,"comment_status":"","ping_status":"","sticky":false,"template":"","format":"standard","meta":{"footnotes":""},"categories":[19],"tags":[1570,1204,852,37,39,36,38,327,40,47,104],"class_list":{"0":"post-13366","1":"post","2":"type-post","3":"status-publish","4":"format-standard","5":"has-post-thumbnail","7":"category-sportas","8":"tag-gargzdu-gargzdai","9":"tag-karaliaus-mindaugo-taure","10":"tag-kedainiu-nevezis","11":"tag-lietuva","12":"tag-lietuviu","13":"tag-lithuania","14":"tag-lithuanian","15":"tag-lkl","16":"tag-lt","17":"tag-sportas","18":"tag-sports"},"share_on_mastodon":{"url":"","error":""},"_links":{"self":[{"href":"https:\/\/www.europesays.com\/lt\/wp-json\/wp\/v2\/posts\/13366","targetHints":{"allow":["GET"]}}],"collection":[{"href":"https:\/\/www.europesays.com\/lt\/wp-json\/wp\/v2\/posts"}],"about":[{"href":"https:\/\/www.europesays.com\/lt\/wp-json\/wp\/v2\/types\/post"}],"author":[{"embeddable":true,"href":"https:\/\/www.europesays.com\/lt\/wp-json\/wp\/v2\/users\/2"}],"replies":[{"embeddable":true,"href":"https:\/\/www.europesays.com\/lt\/wp-json\/wp\/v2\/comments?post=13366"}],"version-history":[{"count":0,"href":"https:\/\/www.europesays.com\/lt\/wp-json\/wp\/v2\/posts\/13366\/revisions"}],"wp:featuredmedia":[{"embeddable":true,"href":"https:\/\/www.europesays.com\/lt\/wp-json\/wp\/v2\/media\/13367"}],"wp:attachment":[{"href":"https:\/\/www.europesays.com\/lt\/wp-json\/wp\/v2\/media?parent=13366"}],"wp:term":[{"taxonomy":"category","embeddable":true,"href":"https:\/\/www.europesays.com\/lt\/wp-json\/wp\/v2\/categories?post=13366"},{"taxonomy":"post_tag","embeddable":true,"href":"https:\/\/www.europesays.com\/lt\/wp-json\/wp\/v2\/tags?post=13366"}],"curies":[{"name":"wp","href":"https:\/\/api.w.org\/{rel}","templated":true}]}}