{"id":133925,"date":"2026-03-20T18:30:40","date_gmt":"2026-03-20T18:30:40","guid":{"rendered":"https:\/\/www.europesays.com\/lt\/133925\/"},"modified":"2026-03-20T18:30:40","modified_gmt":"2026-03-20T18:30:40","slug":"panorama-plesis-bus-statomi-du-verslo-centrai-su-teatro-sale-vaizdiniai","status":"publish","type":"post","link":"https:\/\/www.europesays.com\/lt\/133925\/","title":{"rendered":"\u201ePanorama\u201c pl\u0117sis: bus statomi du verslo centrai su teatro sale (vaizdiniai)"},"content":{"rendered":"<p>Saus\u012f <a href=\"https:\/\/madeinvilnius.lt\/verslas\/nekilnojamas-turtas\/panorama-stipriai-plesis-bankas-skolina-20-mln-euru\/\" rel=\"nofollow noopener\" target=\"_blank\">ra\u0161\u0117me<\/a>, kad SEB bankas paskolino 20 mln. eur\u0173 prekybos ir laisvalaikio centro (PLC) \u201e<a style=\"font-weight:bold;\" href=\"https:\/\/madeinvilnius.lt\/tema\/panorama\/\" target=\"_blank\" rel=\"nofollow noopener\">Panorama<\/a>\u201c pl\u0117trai. Tuomet patikslinta, kad \u0161alia prekybos centro planuojama statyti tris atskirus \u012fvairios paskirties pastatus, kuri\u0173 bendras plotas sieks apie 36000 m2.<\/p>\n<p>Baland\u017eio 7-\u0105j\u0105 \u012fvyks vie\u0161asis susirinkimas, kurio metu bus aptariami pirm\u0173j\u0173 dviej\u0173 verslo centr\u0173 projektiniai si\u016blymai. \u0160ie pastatai b\u016bt\u0173 statomi palei T. Narbuto gatv\u0119, o rangos darbus numatoma \u012fgyvendinti etapais. Pirmuoju etapu b\u016bt\u0173 statomas pastatas A (ar\u010diausiai T. Narbuto gatv\u0117s), antruoju \u2013 pastatas B, tre\u010diuoju \u2013 vie\u0161oji erdv\u0117, jungianti verslo centrus ir PLC \u201ePanorama\u201c.<\/p>\n<p>Erdv\u0117s prie PLC \u201ePanorama\u201c taps draugi\u0161kesn\u0117mis miestie\u010diams<\/p>\n<p>Projektiniuose pasi\u016blymuose taip pat nurodoma, kad papildomai projektuojamas i\u0161\u0117jimas i\u0161 PLC \u201ePanorama\u201c po\u017eeminio parkingo p\u0117stiesiems esama laiptine. I\u0161 jos projektuojami p\u0117s\u010di\u0173j\u0173 takai jungiantys PLC \u201ePanorama\u201c su naujai projektuojamais pastatais.<\/p>\n<p>Teigiama, kad teritorija prie PLC \u201ePanorama\u201c \u0161iuo metu yra labai skurdi ir ne\u012fveiklinta, tod\u0117l projektuojami nauji p\u0117s\u010di\u0173j\u0173 takai, \u017eeldynai, augalai bei fontanas. Formuojamos naujos poilsio erdv\u0117s miesto gyventojams. Su Stirn\u0173 gatv\u0117s projektu, kuris yra rengiamas atskirai, projektuojama p\u0117s\u010di\u0173j\u0173 jungtis vir\u0161 esamo \u012fva\u017eiavimo \u012f PLC \u201ePanorama\u201c taip u\u017etikrinant b\u016bsim\u0105 p\u0117s\u010di\u0173j\u0173 saugum\u0105.<\/p>\n<p>Numatoma \u012frengti ir 500 viet\u0173 teatro sal\u0119<\/p>\n<p>Vystytojai nurodo, jog vieno pastato pirmame auk\u0161te bus \u012frengtos komercin\u0117s patalpos, o kito pastato pirmame auk\u0161te \u012frengs teatro sal\u0119. Tiesa, n\u0117ra nurodoma, ar tai bus kino teatro sal\u0117.<\/p>\n<p>\u201eProjektuojami pastatai i\u0161sid\u0117st\u0119 abipus Stirn\u0173 gatv\u0117s, esan\u010dios pietvakarin\u0117je sklypo dalyje. Pastatas A numatomas administracin\u0117s paskirties su komercin\u0117mis patalpomis pirmame auk\u0161te. Pastato r\u016bsyje projektuojama priedanga ir technin\u0117s patalpos. Pagrindinis \u012f\u0117jimas numatomas i\u0161 Stirn\u0173 g. \u012e vir\u0161utinius auk\u0161tus b\u016bt\u0173 patenkama liftais ir laiptin\u0117mis, i\u0161sid\u0117s\u010diusiomis pastato centre. Auk\u0161t\u0173 i\u0161planavimas lankstus, lengvai pritaikomas b\u016bsim\u0173 nuominink\u0173 poreikiams. \u012e komercines patalpas pirmame auk\u0161te numatomi patekimai tiesiai i\u0161 lauko. Pastate A numatomos 374 darbo vietos.<\/p>\n<p>Pastatas B numatomas administracin\u0117s paskirties su teatro sale pirmame auk\u0161te. Pastato r\u016bsyje projektuojamos automobili\u0173 stov\u0117jimo vietos, priedanga bei technin\u0117s patalpos. Pagrindinis \u012f\u0117jimas numatomas i\u0161 Stirn\u0173 gatv\u0117s. Juo patenkama tiek \u012f pagrindin\u012f administracini\u0173 patalp\u0173 hol\u0105, tiek \u012f teatro erdv\u0119, tiek \u012f kavin\u0119 pirmame. Pastate B numatomos 502 darbo vietos ir 500 teatro lankytoj\u0173 viet\u0173\u201c, \u2013 apie b\u016bsimus statinius ra\u0161oma projektiniuose si\u016blymuose.<\/p>\n<p>Projektiniuose si\u016blymuose taip pat nurodoma, kad automobili\u0173 poreikis pastatui A \u2013 124 automobiliai, B pastatui \u2013 197 automobiliai. Teritorijai taikomas 0,5 koeficientas. Prie pastato A numatoma 11 automobili\u0173 stov\u0117jimo viet\u0173, pastato B po\u017eeminiame auk\u0161te \u2013 49 vietos. Tr\u016bkstamos automobili\u0173 vietos kompensuojamos PLC \u201ePanorama\u201c po\u017eeminiuose auk\u0161tuose esan\u010diame gara\u017ee.<\/p>\n<p>Tre\u010diasis verslo centras<\/p>\n<p>Tre\u010diasis verslo centras, kuris b\u016bt\u0173 statomas Pienin\u0117s ir Stumbr\u0173 gatvi\u0173 kampe, nebus aptariamas \u0161iame vie\u0161ajame susirinkime su visuomene. Grei\u010diausiai \u0161iam administraciniam pastatui bus organizuojamas atskiras susirinkimas.<\/p>\n<p>Projekto techniniai parametrai<\/p>\n<ul class=\"wp-block-list\">\n<li>Planuojamo objekto adresas \u2013 Saltoni\u0161ki\u0173 g. 9, \u017dv\u0117rynas;<\/li>\n<li>Sklypo plotas \u2013 34 982 m2;<\/li>\n<li>Ap\u017eeldintas sklypo plotas \u2013 10\u00a0753,88 m2 (ma\u017eiausiai 20% sklypo ploto):\n<ul>\n<li>pastato A stogas \u2013 990 m2;<\/li>\n<\/ul>\n<ul>\n<li>pastatas B stogas \u2013 1 120 m2;<\/li>\n<\/ul>\n<ul>\n<li>PLC \u201ePanorama\u201c stogas \u2013 3 808,43 m2;<\/li>\n<\/ul>\n<ul>\n<li>PLC \u201ePanorama\u201c ramp\u0173 stogai \u2013 1 821,00 m2;<\/li>\n<\/ul>\n<ul class=\"wp-block-list\">\n<li>Stirn\u0173 g. \u2013 597,00 m2;<\/li>\n<\/ul>\n<\/li>\n<li>2 pastat\u0173 bendras plotas \u2013 16\u00a0011,56 m2:\n<ul>\n<li>ant\u017eeminis plotas \u2013 12\u00a0867,41 m2;\n<ul>\n<li>pastatas A \u2013 4\u00a0847,14 m2;<\/li>\n<\/ul>\n<ul>\n<li>pastatas B \u2013 8 020,27 m2;<\/li>\n<\/ul>\n<\/li>\n<\/ul>\n<ul class=\"wp-block-list\">\n<li>po\u017eeminis plotas \u2013 3\u00a0143,85 m2;\n<ul>\n<li>pastatas A \u2013 830,12 m2;<\/li>\n<\/ul>\n<ul class=\"wp-block-list\">\n<li>pastatas B \u2013 2 313,73 m2;<\/li>\n<\/ul>\n<\/li>\n<\/ul>\n<\/li>\n<li>Statini\u0173 auk\u0161tis \u2013 iki 7 auk\u0161t\u0173 (iki 27,90m auk\u0161\u010dio);<\/li>\n<li>Pastato energetinio efektyvumo klas\u0117 \u2013 A++;<\/li>\n<li>Darbuotoj\u0173 kiekis administracin\u0117se patalpose \u2013 876;<\/li>\n<li>Lankytoj\u0173 kiekis teatro patalpose \u2013 500;<\/li>\n<li>Automobili\u0173 parkavimo viet\u0173 skai\u010dius \u2013 60 vnt. (pastat\u0173 po\u017eeminis auk\u0161tas);<\/li>\n<li>Projekto vystytojas \u2013 UAB \u201ePanorama LT\u201c;<\/li>\n<li>Projektinius si\u016blymus ruo\u0161\u0117 UAB \u201e2L architects\u201c, projekto vadov\u0117 Giedr\u0117 Kli\u010dien\u0117.<\/li>\n<\/ul>\n<p><img loading=\"lazy\" decoding=\"async\" width=\"1024\" height=\"725\" data-wp-class--hide=\"state.isContentHidden\" data-wp-class--show=\"state.isContentVisible\" data-wp-init=\"callbacks.setButtonStyles\" data-wp-on--click=\"actions.showLightbox\" data-wp-on--load=\"callbacks.setButtonStyles\" data-wp-on-window--resize=\"callbacks.setButtonStyles\" data-id=\"338622\" src=\"https:\/\/www.europesays.com\/lt\/wp-content\/uploads\/2026\/03\/projekto-vizualizacija-1-1024x725.jpg\" alt=\"\" class=\"wp-image-338622\"\/>    Nuotr.: 2L architects<img loading=\"lazy\" decoding=\"async\" width=\"1024\" height=\"725\" data-wp-class--hide=\"state.isContentHidden\" data-wp-class--show=\"state.isContentVisible\" data-wp-init=\"callbacks.setButtonStyles\" data-wp-on--click=\"actions.showLightbox\" data-wp-on--load=\"callbacks.setButtonStyles\" data-wp-on-window--resize=\"callbacks.setButtonStyles\" data-id=\"338616\" src=\"https:\/\/www.europesays.com\/lt\/wp-content\/uploads\/2026\/03\/projekto-vizualizacija-2-1024x725.jpg\" alt=\"\" class=\"wp-image-338616\"\/>    Nuotr.: 2L architects<img loading=\"lazy\" decoding=\"async\" width=\"1024\" height=\"725\" data-wp-class--hide=\"state.isContentHidden\" data-wp-class--show=\"state.isContentVisible\" data-wp-init=\"callbacks.setButtonStyles\" data-wp-on--click=\"actions.showLightbox\" data-wp-on--load=\"callbacks.setButtonStyles\" data-wp-on-window--resize=\"callbacks.setButtonStyles\" data-id=\"338620\" src=\"https:\/\/www.europesays.com\/lt\/wp-content\/uploads\/2026\/03\/projekto-vizualizacija-3-1024x725.jpg\" alt=\"\" class=\"wp-image-338620\"\/>    Nuotr.: 2L architects<img loading=\"lazy\" decoding=\"async\" width=\"1024\" height=\"725\" data-wp-class--hide=\"state.isContentHidden\" data-wp-class--show=\"state.isContentVisible\" data-wp-init=\"callbacks.setButtonStyles\" data-wp-on--click=\"actions.showLightbox\" data-wp-on--load=\"callbacks.setButtonStyles\" data-wp-on-window--resize=\"callbacks.setButtonStyles\" data-id=\"338626\" src=\"https:\/\/www.europesays.com\/lt\/wp-content\/uploads\/2026\/03\/projekto-vizualizacija-4-1024x725.jpg\" alt=\"\" class=\"wp-image-338626\"\/>    Nuotr.: 2L architects<img loading=\"lazy\" decoding=\"async\" width=\"1024\" height=\"725\" data-wp-class--hide=\"state.isContentHidden\" data-wp-class--show=\"state.isContentVisible\" data-wp-init=\"callbacks.setButtonStyles\" data-wp-on--click=\"actions.showLightbox\" data-wp-on--load=\"callbacks.setButtonStyles\" data-wp-on-window--resize=\"callbacks.setButtonStyles\" data-id=\"338618\" src=\"https:\/\/www.europesays.com\/lt\/wp-content\/uploads\/2026\/03\/projekto-vizualizacija-5-1024x725.jpg\" alt=\"\" class=\"wp-image-338618\"\/>    Nuotr.: 2L architects<img loading=\"lazy\" decoding=\"async\" width=\"1024\" height=\"725\" data-wp-class--hide=\"state.isContentHidden\" data-wp-class--show=\"state.isContentVisible\" data-wp-init=\"callbacks.setButtonStyles\" data-wp-on--click=\"actions.showLightbox\" data-wp-on--load=\"callbacks.setButtonStyles\" data-wp-on-window--resize=\"callbacks.setButtonStyles\" data-id=\"338624\" src=\"https:\/\/www.europesays.com\/lt\/wp-content\/uploads\/2026\/03\/projekto-vizualizacija-6-1024x725.jpg\" alt=\"\" class=\"wp-image-338624\"\/>    Nuotr.: 2L architects<a href=\"https:\/\/madeinvilnius.lt\/wp-content\/uploads\/2026\/03\/screenshot-2026-03-19-at-21-25-43-scaled.png\" rel=\"nofollow noopener\" target=\"_blank\"><img loading=\"lazy\" decoding=\"async\" width=\"1024\" height=\"573\" data-id=\"338628\" src=\"https:\/\/www.europesays.com\/lt\/wp-content\/uploads\/2026\/03\/screenshot-2026-03-19-at-21-25-43-1024x573.png\" alt=\"\" class=\"wp-image-338628\"\/><\/a>Vie\u0161as svarstymas<\/p>\n<p>Visuomen\u0117s atstovai iki baland\u017eio 3-osios savo pasi\u016blymus gali teikti elektroniniu pa\u0161tu <a href=\"https:\/\/madeinvilnius.lt\/cdn-cgi\/l\/email-protection\" class=\"__cf_email__\" data-cfemail=\"0c62636169686d227869656269624c7c6d62637e6d616d226078\" rel=\"nofollow noopener\" target=\"_blank\">[email\u00a0protected]<\/a>. Projektini\u0173 pasi\u016blym\u0173 vie\u0161as svarstymas vyks baland\u017eio 7 d., 18.00 val., <a style=\"font-weight:bold;\" href=\"https:\/\/madeinvilnius.lt\/tema\/vilniaus-miesto-savivaldybe\/\" target=\"_blank\" rel=\"nofollow noopener\">Vilniaus miesto savivaldyb\u0117s<\/a> patalpose, Konstitucijos pr. 3, 215 sal\u0117je.<\/p>\n<p><a style=\"font-weight:bold;\" href=\"https:\/\/madeinvilnius.lt\/tema\/vilniaus-miesto-savivaldybe\/\" target=\"_blank\" rel=\"nofollow noopener\">Vilniaus miesto savivaldyb\u0117<\/a> taip pat informuoja, kad vie\u0161ai konsultacijai pristatomi projektai dar n\u0117ra sulauk\u0119 savivaldyb\u0117s pritarimo \u2013 specialistai sprendim\u0105 priima \u012fvertin\u0119 ne tik projekto sprendinius, bet ir visuomen\u0117s pastabas.<\/p>\n<p>MadeinVilnius.lt informacij\u0105 skelbti, cituoti ar kitaip atgaminti visuomen\u0117s informavimo priemon\u0117se bei interneto tinklalapiuose be ra\u0161ti\u0161ko UAB \u201eNaujosios medijos grup\u0117s\u201c sutikimo neleid\u017eiama.<img decoding=\"async\" class=\"wp-image-10416 alignright\" src=\"https:\/\/www.europesays.com\/lt\/wp-content\/uploads\/2026\/03\/Made-In-Vilnius-main-RGB-e1665487819114.png\" alt=\"MadeinVilnius.lt\" width=\"100\" style=\"margin-right: 20px\"\/><\/p>\n","protected":false},"excerpt":{"rendered":"Saus\u012f ra\u0161\u0117me, kad SEB bankas paskolino 20 mln. eur\u0173 prekybos ir laisvalaikio centro (PLC) \u201ePanorama\u201c pl\u0117trai. Tuomet patikslinta,&hellip;\n","protected":false},"author":2,"featured_media":133926,"comment_status":"","ping_status":"","sticky":false,"template":"","format":"standard","meta":{"footnotes":"","_share_on_mastodon":"0"},"categories":[13],"tags":[25,30,31,34,35,24,32,33,37,39,36,38,40,1774,65,23,22,14038,23784,28,29,26,27,6987],"class_list":["post-133925","post","type-post","status-publish","format-standard","has-post-thumbnail","category-lietuva","tag-antrastes","tag-breaking-news","tag-breakingnews","tag-featured-news","tag-featurednews","tag-headlines","tag-latest-news","tag-latestnews","tag-lietuva","tag-lietuviu","tag-lithuania","tag-lithuanian","tag-lt","tag-madeinvilnius","tag-naujiena","tag-naujienos","tag-news","tag-panorama","tag-pc-panorama","tag-populiariausios-naujienos","tag-populiariausiosnaujienos","tag-top-stories","tag-topstories","tag-verslo-centras"],"share_on_mastodon":{"url":"https:\/\/pubeurope.com\/@lt\/116262929944566315","error":""},"_links":{"self":[{"href":"https:\/\/www.europesays.com\/lt\/wp-json\/wp\/v2\/posts\/133925","targetHints":{"allow":["GET"]}}],"collection":[{"href":"https:\/\/www.europesays.com\/lt\/wp-json\/wp\/v2\/posts"}],"about":[{"href":"https:\/\/www.europesays.com\/lt\/wp-json\/wp\/v2\/types\/post"}],"author":[{"embeddable":true,"href":"https:\/\/www.europesays.com\/lt\/wp-json\/wp\/v2\/users\/2"}],"replies":[{"embeddable":true,"href":"https:\/\/www.europesays.com\/lt\/wp-json\/wp\/v2\/comments?post=133925"}],"version-history":[{"count":0,"href":"https:\/\/www.europesays.com\/lt\/wp-json\/wp\/v2\/posts\/133925\/revisions"}],"wp:featuredmedia":[{"embeddable":true,"href":"https:\/\/www.europesays.com\/lt\/wp-json\/wp\/v2\/media\/133926"}],"wp:attachment":[{"href":"https:\/\/www.europesays.com\/lt\/wp-json\/wp\/v2\/media?parent=133925"}],"wp:term":[{"taxonomy":"category","embeddable":true,"href":"https:\/\/www.europesays.com\/lt\/wp-json\/wp\/v2\/categories?post=133925"},{"taxonomy":"post_tag","embeddable":true,"href":"https:\/\/www.europesays.com\/lt\/wp-json\/wp\/v2\/tags?post=133925"}],"curies":[{"name":"wp","href":"https:\/\/api.w.org\/{rel}","templated":true}]}}