{"id":13424,"date":"2025-10-08T20:46:15","date_gmt":"2025-10-08T20:46:15","guid":{"rendered":"https:\/\/www.europesays.com\/lt\/13424\/"},"modified":"2025-10-08T20:46:15","modified_gmt":"2025-10-08T20:46:15","slug":"per-zapad-pratybas-briuselyje-gyvenantis-vytautas-grizo-i-lietuva-nematau-ko-reiketu-bijoti","status":"publish","type":"post","link":"https:\/\/www.europesays.com\/lt\/13424\/","title":{"rendered":"Per \u201eZapad\u201c pratybas Briuselyje gyvenantis Vytautas gr\u012f\u017eo \u012f Lietuv\u0105: nematau, ko reik\u0117t\u0173 bijoti"},"content":{"rendered":"\n<p>Interviu \u201eDelfi\u201c komunikacijos profesionalas kalba apie prie\u017eastis, kod\u0117l pralaimime informacin\u012f ir propagandos kar\u0105 Rusijai, dr\u0105siai kelia id\u0117jas Lietuvai kurti film\u0105, kur\u012f gal\u0117t\u0173 re\u017eisuoti Stevenas Spielbergas, o vaidinti Tomas Hanksas.<\/p>\n<p>Kartu pa\u0161nekovas li\u016bdnai pripa\u017e\u012fsta, kad ka\u017ein, ar Lietuvoje rastume gyventoj\u0173, kurie n\u0117ra \u0161iaip ar taip paveikti Kremliaus naratyv\u0173. Bet ne tai svarbiausia.<\/p>\n<p>\u2013 Vienoje visai neseniai vykusioje konferencijoje prisipa\u017einote, kad kol kiti galb\u016bt \u201eZapad\u201c pratyb\u0173 metu band\u0117 i\u0161vykti i\u0161 Lietuvos, J\u016bs kaip tik tuo metu atvykote \u012f Lietuv\u0105. Kod\u0117l?<\/p>\n<p class=\"p1\">\u2013 Per \u201eZapad\u201c \u012f Lietuv\u0105 atvykau d\u0117l to, kad \u0161iuo metu nematau joki\u0173 indikacij\u0173, kad Rusija artimiausiu metu, artimiausiais m\u0117nesiais, netgi penkmetyje ar de\u0161imtmetyje pult\u0173 Lietuv\u0105.<\/p>\n<p class=\"p1\">Mums be galo svarbu Lietuvoje tur\u0117ti \u0161it\u0105 ai\u0161k\u0173 atskaitos ta\u0161k\u0105. Rusija yra ilgalaik\u0117 gr\u0117sm\u0117, ta\u010diau trumpuoju laikotarpiu \u0161iuo metu gr\u0117sm\u0117s lygis yra visi\u0161kai nepakit\u0119s nuo buvusio iki karo su Ukraina. Ir prie\u0161 tai Rusija buvo prikaustyta Donbase su bene visa savo kariuomene. Rusija visus resursus \u0161iuo metu meta \u012f Ukrain\u0105 ir neturi fizi\u0161kai galimybi\u0173 atidaryti antro fronto.<\/p>\n<p class=\"p1\">Be to, NATO yra visose plotm\u0117se stipresnis aljansas u\u017e Rusij\u0105. Mes nesame viena Lietuva, mes esame bendra aljanso dalis su gynybos planais, kurie veikia. Oliverio Moody knygoje apie Baltijos \u0161ali\u0173 region\u0105 yra labai ai\u0161kiai pasakytas vienas dalykas, apie kur\u012f ma\u017eai kalbama Lietuvoje, bet kur\u012f \u017eino visi sprendim\u0173 pri\u0117m\u0117jai tiek m\u016bs\u0173 \u0161alyje, tiek Rusijoje. Jeigu Rusija ry\u017et\u0173si avanti\u016brai NATO \u0161alyje ir b\u016bt\u0173 karin\u0117 intervencija, visi kariniai Rusijos objektai ir kari\u0173 sankaupos 200 km spinduliu nuo sienos b\u016bt\u0173 sunaikinti. Tokie yra gynybos planai.<\/p>\n<p class=\"p1\">\u012e tai atsi\u017evelgdamas ir tai suprasdamas a\u0161 nematau jokios trumpojo laikotarpio gr\u0117sm\u0117s i\u0161 Rusijos. D\u0117l to ramiai gyvenu Lietuvoje. D\u0117l \u0161eimini\u0173 aplinkybi\u0173 \u0161iuo metu \u2013 Briuselyje, ta\u010diau nuolat ramiai sugr\u012f\u017etu \u012f Lietuv\u0105 kiekvien\u0105 m\u0117nes\u012f ir gr\u012f\u0161iu \u012f Lietuv\u0105 po to, kai baigsis gyvenimo etapas Briusleyje. Tod\u0117l man net nekyla nerimas, nes a\u0161 \u017einau, kokia yra tiesa ir realyb\u0117.<\/p>\n<p>    <img decoding=\"async\" src=\"https:\/\/www.europesays.com\/lt\/wp-content\/uploads\/2025\/10\/92d0b934-19fb-44eb-b5de-960325f00293.jpg\" loading=\"lazy\" alt=\"Vytautas Matulevi\u010dius\"\/>    <\/p>\n<p class=\"p1\">Problema yra ta, kad Rusija su savo propaganda kuria kit\u0105 \u012fvaizd\u012f, kuris yra toks, kad ji neva gal\u0117t\u0173 \u012fsiver\u017eti bet kada vos panor\u0117jusi. Pirmiausia \u2013 \u012f Baltijos \u0161alis. Toks naratyvas kuriamas, kad visi mes jaustum\u0117m\u0117s nesaugiai.<\/p>\n<p>\u2013 O ar i\u0161 aplinkini\u0173 gird\u0117jote, kad \u201eZapad\u201c metu i\u0161vyko ar planavo i\u0161vykti trumpam i\u0161 Lietuvos?<\/p>\n<p class=\"p1\">\u2013 Taip, teko gird\u0117ti. Nebuvo masi\u0161kai, ta\u010diau vienoks ar kitoks nerimas buvo. Keliaudamas \u012f Briusel\u012f keltu sutikau vien\u0105 koleg\u0105, kuris tuo metu kaip tik vyko su \u0161eima \u012f Vokietij\u0105 ir pokalbio metu i\u0161 jo i\u0161girdau fraz\u0119, kad kaip gerai, kad i\u0161va\u017eiuoja per \u201eZapad\u201c. Gal tai buvo ir juoko forma, bet tai parodo platesn\u0119 tendencij\u0105, kad visgi nerimas buvo visuomen\u0117je. M\u016bs\u0173 tyrimas rodo, kad vienas i\u0161 penki\u0173 gyventoj\u0173 tiki, kad ka\u017ekas \u010dia gali atsitikti.<\/p>\n<p>\u2013 J\u016bs jau\u010diat\u0117s saugus, bet esate min\u0117j\u0119s, kad net 95 proc. Skandinavijos lyderi\u0173 tiki, kad Europa yra nesaugi.<\/p>\n<p class=\"p1\">\u2013 Rugpj\u016b\u010dio pabaigoje Stokholme vykusioje didel\u0117je Skandinavijos ir \u0160iaur\u0117s \u0161ali\u0173 verslo ir politikos lyderi\u0173 konferencijoje renginio ved\u0117jas BBC \u017eurnalistas paklaus\u0117 auditorijos, ar j\u016bs manote, kad Europa yra saugi. Pakilo vos kelios rankos. 95 proc. atsak\u0117, kad \u2013 ne. Jie nemano, kad Europa yra saugi. Ta\u010diau kai realyb\u0117 yra tokia, kad Rusija artimiausiais metais neturi joki\u0173 galimybi\u0173 m\u016bs\u0173 pulti, gr\u0117sm\u0117s lygis i\u0161lieka nepakit\u0119s. Tai sako ir m\u016bs\u0173 kariuomen\u0117, o visuomen\u0117 ir auk\u0161\u010diausio lygio vadovai sako, kad esame nesaug\u016bs. Turime disonans\u0105. Tai rei\u0161kia, kad \u017emon\u0117s, visuomen\u0117 ir vadovai priima klaidingus sprendimus remdamiesi klaidinga informacija. O verslui tai yra labai pavojinga, nes stabdomos investicijos. Tai lemia kapitalo atitraukim\u0105, ypa\u010d i\u0161 Ryt\u0173 flango valstybi\u0173 ir pirmiausia turb\u016bt i\u0161 Baltijos \u0161ali\u0173. Tai kartu gali lemti l\u0117t\u0117jan\u010di\u0105 ekonomik\u0105, ma\u017eiau darbo viet\u0173. Vien tod\u0117l, kad mes \u012fsivaizduojame prie\u0161\u0105 baisesn\u012f nei jis yra.<\/p>\n<p class=\"p1\">Nereikia daryti \u0161itos klaidos. Rusija yra, buvo ir bus egzistencin\u0117 gr\u0117sm\u0117 Lietuvai. Ta\u010diau mes nesame vieni, esame stipriausio aljanso nariai. Karo artimiausiu metu Lietuvoje nebus ir mes turime suvokti tai ir ramiai gyventi.<\/p>\n<p>\u2013 Kalbant apie u\u017esienio investicijas, \u012ftak\u0105 jau matome per suma\u017e\u0117jusias tiesiogines u\u017esienio investicijas. Europoje mes dar galime si\u0173sti lengviau \u017einut\u0119 apie tai, kad \u010dia saugu, bet kaip tai daryti su tolimosiomis \u0161alimis? Kaip, pavyzd\u017eiui, pasiekti amerikie\u010dius?<\/p>\n<p class=\"p1\">\u2013 Taip, ar tai b\u016bt\u0173 Vakar\u0173 Europa, ar JAV, ar Kanada, jie Rusijos keliam\u0105 momentin\u0119 gr\u0117sm\u0119 supranta visi\u0161kai kitaip. Ten n\u0117ra suprantamas toks auk\u0161tas gr\u0117sm\u0117s lygis, bet politikai, sprendim\u0173 pri\u0117m\u0117jai supranta gr\u0117sm\u0119 taip pat, kaip ir m\u016bs\u0173 politikai. Visi Europoje supranta, kad jei kilt\u0173 karas Ryt\u0173 flange, kent\u0117t\u0173 visa euro zonos ekonomika. Tuomet ir ispanai, portugalai pajust\u0173 tai savo kailiu per smunkan\u010di\u0105 ekonomik\u0105. Ai\u0161ku, kuo esi toliau nuo sienos su Rusija tuo gr\u0117sm\u0117 labiau tampa abstrakti ir Ryt\u0173 Europos reikalu. Manau, kad \u010dia susiduriame su dviem problemomis.<\/p>\n<p>       <img decoding=\"async\" src=\"https:\/\/www.europesays.com\/lt\/wp-content\/uploads\/2025\/10\/21a820c3-6229-4672-8082-33d945a08fa5.jpg\" loading=\"lazy\" alt=\"Vytautas Matulevi\u010dius\"\/>    <\/p>\n<p class=\"p1\">Pirma, tai ilgalaikis Ryt\u0173 flango ir centrin\u0117s Ryt\u0173 Europos institucij\u0173, visuomeni\u0173 d\u0117mesio stoka sav\u0119s pristatymui Vakaruose. Apie mus papras\u010diausiai nieko ne\u017eino. Briuselyje apie mus \u017eino tik Europos S\u0105jungos burbulas. Amerikoje juokaujama, kad jiems Europa \u2013 tik Pranc\u016bzija, Did\u017eioji Britanija ir Italija. Nes, kai amerikietis pasako, kad keliauja \u012f Europ\u0105, tai rei\u0161kia tik \u0161itas \u0161alis. Kai s\u016bnaus futbolo treniruot\u0117je susipa\u017einau su amerikie\u010diu, jis tris kartus perklaus\u0117 Lietuvos pavadinim\u0105. Tai yra ilgalaik\u0117 problema \u2013 apie mus ne\u017eino.<\/p>\n<p class=\"p1\">O antra problema daugiau trumpojo laiko \u2013 tai, kad karas Ukrainoje neber\u016bpi visuomen\u0117ms, kurios yra \u012f Vakarus nuo Berlyno. Ir tame pa\u010diame Briuselyje. \u017dinoma, taip yra ir d\u0117l miesto etnin\u0117s sud\u0117ties, bet ir d\u0117l ilgalaiki\u0173 politini\u0173 diskusij\u0173 tam tikrais klausimais. Palestinos v\u0117liavos \u010dia matysi daug daugiau nei Ukrainos. <\/p>\n<p class=\"p1\">B\u0117da, kad mes Lietuvoje nepasakojame savo heroji\u0161k\u0173 istorij\u0173 Vakarams jiems priimtina forma. Per kult\u016br\u0105, per filmus, per knygas. Esame susikoncentrav\u0119 \u012f savo, Lietuvos kiem\u0105 ir labai retai kalbame pasauliui. Nedarome ilgalaiki\u0173 kampanij\u0173, kad m\u016bs\u0173 interesai b\u016bt\u0173 girdimi tiek Vakar\u0173 \u017einiasklaidoje, tiek ir visuomen\u0117se.<\/p>\n<p class=\"p1\">Mes to nedarome, nors tai buvo daryta pa\u017ei\u016br\u0117jus \u012f m\u016bs\u0173 istorij\u0105. Gedimino lai\u0161kai buvo Lietuvos reputacijos k\u016brimo kampanija. Geopolitinis pasirinkimas ir pa\u017eadas krik\u0161tytis buvo kaip dabar stojimas \u012f Europos S\u0105jung\u0105. Mes tur\u0117jome Baltijos keli\u0105. Labai ry\u0161kiai ir emoci\u0161kai, vaizdingai parod\u0117me visam pasauliui, kad norime laisv\u0117s. Galb\u016bt ma\u017eiau \u017einoma kampanija, bet vie\u0161\u0173j\u0173 ry\u0161i\u0173 t\u0117vas Edwardas Bernays lietuvi\u0173 i\u0161eivijos u\u017esakymu XX a. prad\u017eioje Lietuvai atgavus nepriklausomyb\u0119 \u012fgyvendino projekt\u0105, kur tuometin\u0117je \u017einiasklaidoje, visuomen\u0117je, bendruomen\u0117se ir Va\u0161ingtono koridoriuose pra\u0117jo lobizmo kampanij\u0105, paai\u0161kinanti, kas yra Lietuva, kod\u0117l svarbu jai b\u016bti laisvai.<\/p>\n<p class=\"p1\">Nor\u0117\u010diau, kad b\u016bt\u0173 skiriama daugiau d\u0117mesio, resurs\u0173 ir finans\u0173, kad mes u\u017esienyje, dirbdami su u\u017esienio specialistais, kurie i\u0161mano t\u0173 \u0161ali\u0173 visuomenes, kurtume savo ilgalaik\u0119 reputacij\u0105. Kod\u0117l mes negalime susimesti su latviais ir estais ir sukurti blokbasteri\u0173 lygio filmo, kur\u012f re\u017eisuot\u0173 Stevenas Spielbergas ir vaidint\u0173 Tomas Hanksas?<\/p>\n<p>\u2013 Tai kod\u0117l mes to nedarome? N\u0117ra politin\u0117s valios, o gal resurs\u0173?<\/p>\n<p class=\"p1\">\u2013 Tai resurs\u0173 klausimas, bet jis po truput\u012f ma\u017e\u0117ja, nes Lietuva yra turtinga \u0161alis. Galb\u016bt mes dar nesame tokie turtingi kaip \u0161alys \u012f Vakarus nuo Berlyno, bet mums buvo nutikusi nelaim\u0117 \u2013 okupacija. Mes netekome viso elito, \u0161eim\u0173 su paveldimu ilgalaikiu turtu. Netekome intelektualinio potencialo. Bet dabar esame pasmerkti b\u016bti turtingi, nes esame \u0161alia ir kartu su turtingiausiomis pasaulio valstyb\u0117mis. Kaip sako \u201eDelfi\u201c iniciatyvos SAUGU \u0161\u016bkis \u2013 saugum\u0105 kuriame patys. Tai yra ir m\u016bs\u0173 kaip pilie\u010di\u0173 pareiga reikalauti to i\u0161 m\u016bs\u0173 politik\u0173 ir m\u016bs\u0173 institucij\u0173.<\/p>\n<p>\u2013 O k\u0105 galime daryti Lietuvoje, kad Rusijos tikslas mus \u012fbauginti neveikt\u0173?<\/p>\n<p>\u2013 Galime daug padaryti, bet reikia suprasti vien\u0105 aspekt\u0105. Mes per ma\u017eai kalbame apie Rusijos dezinformacijos, melo propagandos kampanijas. <a rel=\"noopener nofollow\" target=\"_blank\" href=\"https:\/\/www.delfi.lt\/temos\/informacinis-karas\" tag-id=\"64380242\">Informacinis karas<\/a> yra veiksmingas, yra kr\u016bvos naratyv\u0173 ir jie pritaikyti skirtingoms grup\u0117s. Gali b\u016bti labai sofistikuota, gali b\u016bti buka. Ir tai lemia, kad mes visi paveikti Rusijos propagandos. B\u016bt\u0173 labai sunku surasti \u017emog\u0173, kuris b\u016bt\u0173 nepaveiktas Kremliaus naratyvo. Ta\u010diau tai n\u0117ra taip ar ne klausimas, tai yra spektro klausimas. Jei paimtume 30 Kremliaus naratyv\u0173, mums reik\u0117t\u0173 \u017ei\u016br\u0117ti, kiek \u017emoni\u0173 tiki ma\u017eiau naratyv\u0173, kiek \u2013 daugiau.<\/p>\n<p>    <img decoding=\"async\" src=\"https:\/\/www.europesays.com\/lt\/wp-content\/uploads\/2025\/10\/c20a8fa7-87ad-4470-bffc-fde657823d9e.jpg\" loading=\"lazy\" alt=\"Vytautas Matulevi\u010dius\"\/>    <\/p>\n<p>Kremliaus tikslas n\u0117ra, kad mes myl\u0117tume Rusij\u0105. Tikslas \u2013 kad mes b\u016btume susiskald\u0119, apati\u0161ki, bijotume. \u017dmogus gali sakyti, kad jis vertina blogai Putin\u0105, bet gali kartoti Rusijos propagandos naratyv\u0105, kad apskritai Lietuvoje ekonomin\u0117 situacija prast\u0117ja, emigruoja gyventojai.<\/p>\n<p>Mums reik\u0117t\u0173 galvoti ne apie tai, kaip paneigti kiekvien\u0105 propagandin\u012f naratyv\u0105, nes tai neveiksminga. Nukirtus vien\u0105 Hidros galv\u0105, i\u0161augs dar devynios. Mums reikia ugdyti m\u016bs\u0173 informacin\u012f atsparum\u0105. Tai turi b\u016bti kompleksinis sprendimas.<\/p>\n<p>Nereikia laukti, kol valstyb\u0117 ka\u017ek\u0105 padarys. Pirma, k\u0105 gali padaryti pa\u010dios \u012fmon\u0117s. Dabar planuojami kit\u0173 met\u0173 biud\u017eetai, tai \u012fmon\u0117ms si\u016bly\u010diau nusimatyti kelis t\u016bkstan\u010dius eur\u0173 atsparumo mokymams darbuotojams. \u012esivaizduokite, jei j\u016bs\u0173 \u012fmon\u0117je \u017emon\u0117s, nepasitikintys m\u016bs\u0173 valstybe, tikintys Rusijos naratyvais, yra atsakingi u\u017e j\u016bs\u0173 kritin\u0119 infrastrukt\u016br\u0105 \u012fmon\u0117je.<\/p>\n<p>Turime prad\u0117ti informacij\u0105 vartoti taip, kad nesibaimintume ir i\u0161liktume ram\u016bs. Tai ne\u012fvyks per m\u0117nes\u012f ar metus, bet per kelerius mes galime matyti rezultat\u0105.<\/p>\n<p>\u2013 Esate ragin\u0119s prad\u0117ti puolim\u0105 informaciniame kare su Rusija. Ar n\u0117ra taip, kad mums patiems ki\u0161a koj\u0105 m\u016bs\u0173 europieti\u0161kos vertyb\u0117s, kur nenorime nusileisti iki Rusijos lygio?<\/p>\n<p>\u2013 Net ne vertyb\u0117s. Mums teisinis reguliavimas neleid\u017eia taikos metu u\u017e valstyb\u0117s saugum\u0105 atsakingoms institucijoms veltis \u012f politini\u0173 naratyv\u0173 kovas.<\/p>\n<p>A\u0161 nekalbu apie netiesios sakym\u0105, mums reikia sakyti ties\u0105. Kaip Richardas Nixonas yra sak\u0119s, kad \u201emums nereikia \u012ftikinti Rusijos, kad mes siekiame taikos. Jie puikiai tai \u017eino. Mums reikia \u012ftikinti rusus, kad jie nelaim\u0117s karo prie\u0161 mus\u201c. Ir tai turi b\u016bti pagrindinis m\u016bs\u0173 tikslas. Mums reikia rasti b\u016bd\u0173, kaip nune\u0161ti rusams ties\u0105.<\/p>\n<p>\u2013 Jei tai darys nekoordinuotai savo iniciatyva pilie\u010diai, galima nesulaukti norimo rezultato arba atvirk\u0161\u010diai \u2013 prie\u0161ing\u0105.<\/p>\n<p class=\"p1\">\u2013 Tai yra NATO u\u017eduotis. Prie\u0161 informacines atakas labai svarbu pasisakyti ir NATO po truput\u012f pradeda si\u0173sti tokias \u017einutes. NATO gali labai greitai nukenksminti Kaliningrad\u0105 ir tur\u0117tume kalb\u0117ti ne apie tai, kad Suvalk\u0173 koridorius yra problemati\u0161ka vieta, bet Rusijos enklava turi b\u0117d\u0173 ir jie turi Kaliningrado problem\u0105.<\/p>\n<p class=\"p1\">Kaip pasiekti Rusijos visuomen\u0119? \u010cia reikia ir ie\u0161koti sprendim\u0173. Tikriausiai j\u0173 naudojami socialiniai tinklai.<\/p>\n<p>\u2013 Bet gal NATO jau visa tai daro, mes tik ne\u017einome.<\/p>\n<p class=\"p1\">\u2013 Mes labai daug ko ne\u017einome, k\u0105 NATO daro. Bet i\u0161 to, kaip subjektyviai jau\u010diasi Lietuvos gyventojai, o 63 proc. mano, kad per artimiausius kelerius metus gali kilti karas tarp Lietuvos ir Rusijos, daroma nepakankamai.<\/p>\n<p class=\"p1\">Mes tur\u0117tume pasiekti toki\u0105 b\u016bsen\u0105, kad esame ram\u016bs d\u0117l savo saugumo. O pergyventi tur\u0117t\u0173 rusai, kad tik j\u0173 vald\u017eia nesugalvot\u0173 ka\u017eko \u010dia daryti.<\/p>\n<p>\u2013 Tai kas kaltas, kas nepadar\u0117me darbo, kad tokia didel\u0117 Lietuvos gyventoj\u0173 dalis galvoja, kad artimiausiai metais pas mus gali kilti karas?<\/p>\n<p class=\"p1\">\u2013 Kalt\u0173 n\u0117ra, tiesiog yra situacija tokia, kad Rusijai kol kas pavyksta laim\u0117ti informaciniame kare.<\/p>\n<p>\u2013 Kaip mes galime laim\u0117ti informacin\u012f kar\u0105 prie\u0161 Rusij\u0105?<\/p>\n<p class=\"p1\">\u2013 Pirma, mes turime geresnius resursus. Be to, Vakaruose rusi\u0161ki naratyvai neprasmunka \u012f tas \u017einiasklaidos priemones, kuriomis labiausiai pasitiki \u017emon\u0117s. Vien tik b\u016bdami socialiniuose tinkluose rusai nelaimes. <\/p>\n<p>    <img decoding=\"async\" src=\"https:\/\/www.europesays.com\/lt\/wp-content\/uploads\/2025\/10\/533534e3-3c61-4f11-bb05-4c00924c3f7d.jpg\" loading=\"lazy\" alt=\"Vytautas Matulevi\u010dius\"\/>      <\/p>\n<p>\u2013 Dar esate i\u0161k\u0117l\u0119s mint\u012f, kad reik\u0117t\u0173 atsparumo departamento Lietuvai.<\/p>\n<p class=\"p1\">\u2013 \u0160i id\u0117ja vienyt\u0173 \u012f vien\u0105 viet\u0105 anks\u010diau i\u0161sakymas mintis \u2013 darbas su Vakar\u0173 visuomen\u0117mis, m\u016bs\u0173 informacinis ra\u0161tingumas, visuomen\u0117s atsparumo stiprinimas, atsakas \u012f Rusijos informacines atakas. Gal\u0117t\u0173 b\u016bti tai koordinuojanti institucija.<\/p>\n<p>\u2013 Prad\u0117jome pokalb\u012f nuo j\u016bs\u0173 gr\u012f\u017eimo \u012f Lietuv\u0105 per \u201eZapad\u201c i\u0161 Briuselio, tai v\u0117l pabaigai noriu sugr\u012f\u017eti \u012f Belgij\u0105. Ar ten \u017emon\u0117s jau\u010diasi saug\u016bs?<\/p>\n<p class=\"p1\">\u2013 Jie pamir\u0161o, kad yra karas. Negalima to sakyti apie visus. NATO ir Europos S\u0105jungos institucijoje, politiniame lygmenyje labai ai\u0161kiai suvokiama situacija. Ta\u010diau karas Ukrainoje Belgijoje n\u0117ra kasdienyb\u0117s dalis kaip pas mus. Esu gird\u0117j\u0119s toki\u0173 pokalbi\u0173, kur \u017emogus sako, kad visai pamir\u0161o, kad ten karas. Tai taip pat yra realyb\u0117, su kuria mums reikia dirbti.<\/p>\n<p>             Grie\u017etai draud\u017eiama <a href=\"https:\/\/www.delfi.lt\/\" target=\"_blank\" style=\"color:#3858f5;font-weight:bold;\" rel=\"nofollow noopener\">Delfi<\/a> paskelbt\u0105 informacij\u0105 panaudoti kitose interneto svetain\u0117se, \u017einiasklaidos priemon\u0117se ar kitur arba platinti m\u016bs\u0173 med\u017eiag\u0105 kuriuo nors pavidalu be sutikimo, o jei sutikimas gautas, b\u016btina nurodyti <a href=\"https:\/\/www.delfi.lt\/\" target=\"_blank\" style=\"color:#3858f5;font-weight:bold;\" rel=\"nofollow noopener\">Delfi<\/a> kaip \u0161altin\u012f. Daugiau informacijos <a href=\"https:\/\/www.delfi.lt\/apie\/taisykles\" target=\"_blank\" style=\"color:#3858f5;font-weight:bold;\" rel=\"nofollow noopener\">Taisykl\u0117se<\/a> ir <a href=\"https:\/\/www.delfi.lt\/saugu\/naujienos\/mailto:info@delfi.lt\" target=\"_blank\" style=\"color:#3858f5;font-weight:bold;\" rel=\"nofollow noopener\">info@delfi.lt<\/a> <a href=\"https:\/\/www.delfi.lt\/\" target=\"_blank\" rel=\"nofollow noopener\" class=\"article-source__link\"><img decoding=\"async\" src=\"https:\/\/www.europesays.com\/lt\/wp-content\/uploads\/2025\/09\/555afb5f-c97f-4b82-9f2d-1c1c5816bb76.png\" alt=\"Delfi\" class=\"article-source__link--image\"\/><\/a>    <\/p>\n","protected":false},"excerpt":{"rendered":"Interviu \u201eDelfi\u201c komunikacijos profesionalas kalba apie prie\u017eastis, kod\u0117l pralaimime informacin\u012f ir propagandos kar\u0105 Rusijai, dr\u0105siai kelia id\u0117jas Lietuvai&hellip;\n","protected":false},"author":2,"featured_media":13425,"comment_status":"","ping_status":"","sticky":false,"template":"","format":"standard","meta":{"footnotes":""},"categories":[15],"tags":[25,30,31,34,35,24,4846,32,33,37,39,36,38,40,23,22,44,28,29,318,26,27,74,75,76,317],"class_list":{"0":"post-13424","1":"post","2":"type-post","3":"status-publish","4":"format-standard","5":"has-post-thumbnail","7":"category-pasaulis","8":"tag-antrastes","9":"tag-breaking-news","10":"tag-breakingnews","11":"tag-featured-news","12":"tag-featurednews","13":"tag-headlines","14":"tag-informacinis-karas","15":"tag-latest-news","16":"tag-latestnews","17":"tag-lietuva","18":"tag-lietuviu","19":"tag-lithuania","20":"tag-lithuanian","21":"tag-lt","22":"tag-naujienos","23":"tag-news","24":"tag-pasaulis","25":"tag-populiariausios-naujienos","26":"tag-populiariausiosnaujienos","27":"tag-saugu","28":"tag-top-stories","29":"tag-topstories","30":"tag-world","31":"tag-world-news","32":"tag-worldnews","33":"tag-zapad"},"share_on_mastodon":{"url":"","error":""},"_links":{"self":[{"href":"https:\/\/www.europesays.com\/lt\/wp-json\/wp\/v2\/posts\/13424","targetHints":{"allow":["GET"]}}],"collection":[{"href":"https:\/\/www.europesays.com\/lt\/wp-json\/wp\/v2\/posts"}],"about":[{"href":"https:\/\/www.europesays.com\/lt\/wp-json\/wp\/v2\/types\/post"}],"author":[{"embeddable":true,"href":"https:\/\/www.europesays.com\/lt\/wp-json\/wp\/v2\/users\/2"}],"replies":[{"embeddable":true,"href":"https:\/\/www.europesays.com\/lt\/wp-json\/wp\/v2\/comments?post=13424"}],"version-history":[{"count":0,"href":"https:\/\/www.europesays.com\/lt\/wp-json\/wp\/v2\/posts\/13424\/revisions"}],"wp:featuredmedia":[{"embeddable":true,"href":"https:\/\/www.europesays.com\/lt\/wp-json\/wp\/v2\/media\/13425"}],"wp:attachment":[{"href":"https:\/\/www.europesays.com\/lt\/wp-json\/wp\/v2\/media?parent=13424"}],"wp:term":[{"taxonomy":"category","embeddable":true,"href":"https:\/\/www.europesays.com\/lt\/wp-json\/wp\/v2\/categories?post=13424"},{"taxonomy":"post_tag","embeddable":true,"href":"https:\/\/www.europesays.com\/lt\/wp-json\/wp\/v2\/tags?post=13424"}],"curies":[{"name":"wp","href":"https:\/\/api.w.org\/{rel}","templated":true}]}}