{"id":134359,"date":"2026-03-21T11:00:11","date_gmt":"2026-03-21T11:00:11","guid":{"rendered":"https:\/\/www.europesays.com\/lt\/134359\/"},"modified":"2026-03-21T11:00:11","modified_gmt":"2026-03-21T11:00:11","slug":"apie-lietuves-atsaka-egiptieciui-kalba-visas-pasaulis","status":"publish","type":"post","link":"https:\/\/www.europesays.com\/lt\/134359\/","title":{"rendered":"Apie lietuv\u0117s atsak\u0105 egiptie\u010diui kalba visas pasaulis"},"content":{"rendered":"<p>Apie savo ne\u012fprast\u0105 nuotyk\u012f Air\u0117 papasakojo Delfi. Komunikacijos specialist\u0117 sako, kad \u012f gimtadienio kelion\u0119 ji leidosi vasario 26 dien\u0105, pasirinko paskutin\u0117s minut\u0117s pasi\u016blym\u0105 ir apsistojo \u201eLong Beach Resort Hurghada\u201c vie\u0161butyje.<\/p>\n<p>\u201eVie\u0161butis paliko ger\u0105 \u012fsp\u016bd\u012f \u2013 puikus aptarnavimas, didel\u0117 ir gra\u017ei teritorija. Nors tuo metu buvo vykdoma nedidel\u0117 renovacija, tai visi\u0161kai netrukd\u0117 m\u0117gautis saule, \u0161iluma ir poilsiu, \u2013 sako uteni\u0161k\u0117. \u2013  Atvykusi \u012f kambar\u012f, ant lovos radau i\u0161 rank\u0161luos\u010di\u0173 sulankstyt\u0105 gulb\u0119 \u2013 kaip \u017einia, tokie atvejai \u010dia labai da\u017eni. Tik ka\u017ekod\u0117l \u0161is ma\u017eas ir niekuo nei\u0161skirtinis gestas \u012fkv\u0117p\u0117 spontani\u0161kai id\u0117jai.\u201c<\/p>\n<p>Kit\u0105 ryt\u0105 Air\u0117 nusprend\u0117 pati palikti ka\u017ek\u0105 k\u016brybi\u0161ko kambario pri\u017ei\u016br\u0117tojui, kadangi kambarius tvarkydavo kasdien.<\/p>\n<p>\u201eI\u0161lanks\u010diau pirm\u0105j\u012f savo k\u016brin\u012f i\u0161 rank\u0161luos\u010dio ir taip, visai netik\u0117tai, prasid\u0117jo m\u016bs\u0173 \u201erank\u0161luos\u010di\u0173 karas\u201c. Kiekvien\u0105 ryt\u0105 sulankstydavau vis kitok\u012f gyv\u016bn\u0117l\u012f ar persona\u017e\u0105, o mainais rasdavau nauj\u0105 staigmen\u0105 i\u0161 kambari\u0173 pri\u017ei\u016br\u0117tojo, \u2013 \u0161ypteli ji, prid\u016brusi, kad iki \u0161iol meno i\u0161 rank\u0161luos\u010dio kurti niekada neteko. \u2013 Gal ka\u017ekiek prie s\u0117km\u0117s prisid\u0117jo tai, kad esu baigusi dail\u0117s mokykl\u0105, tapau paveikslus.\u201c<\/p>\n<p>    <img decoding=\"async\" src=\"https:\/\/www.europesays.com\/lt\/wp-content\/uploads\/2026\/03\/053649c8-2f94-41f4-ba3d-35e369be46cc.jpg\" loading=\"lazy\" alt=\"Lietuv\u0117 Air\u0117 pateko \u012f \u201erank\u0161luos\u010di\u0173 karus\u201c\"\/>    <\/p>\n<p>\u0160is \u201e\u0161ou\u201c t\u0119s\u0117si vis\u0105 savait\u0119 \u2013 kiekviena diena buvo kupina smalsumo ir \u0161ypsen\u0173, nes tiek Air\u0117, tiek kambari\u0173 pri\u017ei\u016br\u0117tojas laukdavo, kuo \u0161\u012f kart\u0105 nustebins vienas kit\u0105.<\/p>\n<p>\u201eVis\u0105 \u0161\u012f nety\u010dia prasid\u0117jus\u012f proces\u0105 filmavau ir galiausiai suk\u016briau trump\u0105 vaizdo \u012fra\u0161\u0105, kuriuo spontani\u0161kai pasidalinau \u201eTikTok\u201c platformoje. V\u0117liau jis atsirado ir \u201eInstagram\u201c. Prisipa\u017einsiu, nesitik\u0117jau tokio d\u0117mesio \u2013 \u0161iuo metu \u201eInstagram\u201c per\u017ei\u016bros siekia apie 8,8 milijono, daugiau nei 422 t\u016bkstan\u010diai pasidalijim\u0173 ir beveik milijonas patiktuk\u0173. \u201eTikTok\u201c platformoje vaizdo \u012fra\u0161as surinko apie 5 milijonus per\u017ei\u016br\u0173\u201c, \u2013 stebisi Air\u0117.<\/p>\n<p>Paskutin\u0119 dien\u0105 ji sako pagaliau susitikusi su kambari\u0173 pri\u017ei\u016br\u0117toju. Jam taip pat labai patiko \u0161is ma\u017eas \u201e\u017eaidimas\u201c \u2013 pasirodo, abu kasdien laukdavo, k\u0105 ras kambaryje.<\/p>\n<p>\u201eTai buvo nuo\u0161irdi, paprasta, bet labai smagi patirtis, kuri paliko \u0161iltus prisiminimus tiek man, tiek jam. Atsisveikindamas jis su \u0161ypsena paklaus\u0117: \u201eAr jau matei, k\u0105 \u0161iandien tau padariau? Ar \u017einai, kas tai?\u201c Atsakiau: \u201eTaip, be\u017ed\u017eion\u0117!\u201c \u2013 ir abu nusijuok\u0117me, \u2013 \u0161ypteli pa\u0161nekov\u0117. \u2013 Pasteb\u0117jau, kad \u0161i id\u0117ja tarsi \u201eu\u017ekr\u0117t\u0117\u201c ir kitus \u2013 sulaukiau \u017einu\u010di\u0173, net pats vie\u0161butis para\u0161\u0117, kad d\u0117koja u\u017e \u0161i\u0105 gra\u017ei\u0105 istorij\u0105 ir d\u017eiaugiasi, jog ji visiems patiko.\u201c<\/p>\n<p>    <img decoding=\"async\" src=\"https:\/\/www.europesays.com\/lt\/wp-content\/uploads\/2026\/03\/b56947c0-36bc-40c8-997f-ad27c33dde4c.jpg\" loading=\"lazy\" alt=\"Lietuv\u0117 Air\u0117 pateko \u012f \u201erank\u0161luos\u010di\u0173 karus\u201c\"\/>    <\/p>\n<p>Airei \u0161i patirtis primin\u0117, kaip svarbu kasdienyb\u0117je nepamir\u0161ti paprast\u0173, \u017emogi\u0161k\u0173 dalyk\u0173 \u2013 \u0161ypsenos, k\u016brybi\u0161kumo ir gero nusiteikimo.<\/p>\n<p>\u201eMes visi esame skirtingi, ta\u010diau b\u016btent tokios ma\u017eos akimirkos suartina ir sukuria tikr\u0105 ry\u0161\u012f. Ir svarbiausia \u2013 tai nieko nekainuoja. Tikiu, kad galb\u016bt pri\u017ei\u016br\u0117tojas taip dar\u0117 ir kituose kambariuose, ta\u010diau pamat\u0119s mano atsak\u0105, tikriausiai \u012f \u0161\u012f \u201erank\u0161luos\u010di\u0173 kar\u0105\u201c \u012fsitrauk\u0117 dar labiau\u201c, \u2013 nuotykiu d\u017eiaugiasi Egipte vie\u0161\u0117jusi lietuv\u0117.<\/p>\n","protected":false},"excerpt":{"rendered":"Apie savo ne\u012fprast\u0105 nuotyk\u012f Air\u0117 papasakojo Delfi. Komunikacijos specialist\u0117 sako, kad \u012f gimtadienio kelion\u0119 ji leidosi vasario 26&hellip;\n","protected":false},"author":2,"featured_media":134360,"comment_status":"","ping_status":"","sticky":false,"template":"","format":"standard","meta":{"footnotes":"","_share_on_mastodon":"0"},"categories":[15],"tags":[25,30,31,4751,34,35,24,32,33,37,39,36,38,40,23,22,44,28,29,26,27,74,75,76],"class_list":["post-134359","post","type-post","status-publish","format-standard","has-post-thumbnail","category-pasaulis","tag-antrastes","tag-breaking-news","tag-breakingnews","tag-egiptas","tag-featured-news","tag-featurednews","tag-headlines","tag-latest-news","tag-latestnews","tag-lietuva","tag-lietuviu","tag-lithuania","tag-lithuanian","tag-lt","tag-naujienos","tag-news","tag-pasaulis","tag-populiariausios-naujienos","tag-populiariausiosnaujienos","tag-top-stories","tag-topstories","tag-world","tag-world-news","tag-worldnews"],"share_on_mastodon":{"url":"https:\/\/pubeurope.com\/@lt\/116266822952010202","error":""},"_links":{"self":[{"href":"https:\/\/www.europesays.com\/lt\/wp-json\/wp\/v2\/posts\/134359","targetHints":{"allow":["GET"]}}],"collection":[{"href":"https:\/\/www.europesays.com\/lt\/wp-json\/wp\/v2\/posts"}],"about":[{"href":"https:\/\/www.europesays.com\/lt\/wp-json\/wp\/v2\/types\/post"}],"author":[{"embeddable":true,"href":"https:\/\/www.europesays.com\/lt\/wp-json\/wp\/v2\/users\/2"}],"replies":[{"embeddable":true,"href":"https:\/\/www.europesays.com\/lt\/wp-json\/wp\/v2\/comments?post=134359"}],"version-history":[{"count":0,"href":"https:\/\/www.europesays.com\/lt\/wp-json\/wp\/v2\/posts\/134359\/revisions"}],"wp:featuredmedia":[{"embeddable":true,"href":"https:\/\/www.europesays.com\/lt\/wp-json\/wp\/v2\/media\/134360"}],"wp:attachment":[{"href":"https:\/\/www.europesays.com\/lt\/wp-json\/wp\/v2\/media?parent=134359"}],"wp:term":[{"taxonomy":"category","embeddable":true,"href":"https:\/\/www.europesays.com\/lt\/wp-json\/wp\/v2\/categories?post=134359"},{"taxonomy":"post_tag","embeddable":true,"href":"https:\/\/www.europesays.com\/lt\/wp-json\/wp\/v2\/tags?post=134359"}],"curies":[{"name":"wp","href":"https:\/\/api.w.org\/{rel}","templated":true}]}}