{"id":13553,"date":"2025-10-09T05:19:10","date_gmt":"2025-10-09T05:19:10","guid":{"rendered":"https:\/\/www.europesays.com\/lt\/13553\/"},"modified":"2025-10-09T05:19:10","modified_gmt":"2025-10-09T05:19:10","slug":"audringai-issiskyre-jennifer-lopez-ir-benas-affleckas-pasirode-kartu-uzfiksavo-nejaukia-akimirka","status":"publish","type":"post","link":"https:\/\/www.europesays.com\/lt\/13553\/","title":{"rendered":"Audringai i\u0161siskyr\u0119 Jennifer Lopez ir Benas Affleckas pasirod\u0117 kartu: u\u017efiksavo nejauki\u0105 akimirk\u0105"},"content":{"rendered":"<p>Pirmas vie\u0161as pasirodymas po skyryb\u0173<\/p>\n<p>\u201eJie nebesusitikin\u0117ja, ta\u010diau gali bendrauti ramiai ir draugi\u0161kai. Jiems prireik\u0117 daug laiko, kad pasiekt\u0173 \u0161\u012f etap\u0105\u201c, \u2013 teigia \u0161altinis.<\/p>\n<p>Spalio 6-\u0105j\u0105, pirmadien\u012f, J. Lopez ir B. Affleckas pirm\u0105 kart\u0105 po oficiali\u0173 skyryb\u0173 pasirod\u0117 kartu vie\u0161ai. Jie buvo u\u017efiksuoti ant raudonojo kilimo per aktor\u0117s naujo filmo \u201eKiss of the Spider Woman\u201c (\u201eVoro moters bu\u010dinys\u201c) premjer\u0105.<\/p>\n<p>    <img decoding=\"async\" src=\"https:\/\/www.europesays.com\/lt\/wp-content\/uploads\/2025\/10\/6ad03f19-62d2-45cf-a9d7-011e798fabcb.jpg\" loading=\"lazy\" alt=\"Jennifer Lopez ir Benas Affleckas\"\/>      <\/p>\n<p>Abu \u0161ypsojosi fotografams ir net dalijosi \u0161maik\u0161\u010diu pokalbiu prie\u0161 \u012f\u017eengdami \u012f kino sal\u0119. Kai kurie \u0117m\u0117 sp\u0117lioti, ar \u0161is bendras pasirodymas rei\u0161kia susitaikym\u0105, ta\u010diau \u0161altiniai greitai i\u0161sklaid\u0117 abejones.<\/p>\n<p>\u201eTarp j\u0173 nieko nevyksta. Benas at\u0117jo tod\u0117l, kad jis yra filmo prodiuseris\u201c, \u2013 patvirtino vienas artimas \u0161altinis.<\/p>\n<p>Kalb\u0117damas su \u201eExtra\u201c, B. Affleckas paai\u0161kino, kod\u0117l nusprend\u0117 \u012fsitraukti \u012f \u0161\u012f projekt\u0105.<\/p>\n<p>\u201eMattas Damonas ir a\u0161 \u012fk\u016br\u0117me \u0161i\u0105 kompanij\u0105, kad gal\u0117tume finansuoti filmus, kurie b\u016bt\u0173 kitokie \u2013 ne akivaizd\u016bs, ne tokie, kokius daro visi. Norime remti k\u016br\u0117jus, kurie rizikuoja, tod\u0117l \u0161is projektas puikiai atitiko m\u016bs\u0173 vizij\u0105\u201c, \u2013 dalinosi aktorius. <\/p>\n<p>    <img decoding=\"async\" src=\"https:\/\/www.europesays.com\/lt\/wp-content\/uploads\/2025\/10\/20f72ec8-d33b-4dc6-b1c3-fbb0e3b76112.jpg\" loading=\"lazy\" alt=\"Jennifer Lopez ir Benas Affleckas\"\/>    <\/p>\n<p>Negaili gra\u017ei\u0173 \u017eod\u017ei\u0173<\/p>\n<p>Nepaisant i\u0161irusi\u0173 santyki\u0173, B. Affleckas nepagail\u0117jo gra\u017ei\u0173 \u017eod\u017ei\u0173 J. Lopez aktoriniam talentui.<\/p>\n<p>\u201eJi dirbo ne\u012ftik\u0117tinai sunkiai. Galima pamatyti vis\u0105 jos talent\u0173 spektr\u0105 \u2013 juk ji u\u017eaugo \u017ei\u016br\u0117dama klasikinius miuziklus\u201c, \u2013 kalb\u0117jo aktorius.<\/p>\n<p>Primename, kad J. Lopez ir B. Affleckas susituok\u0117 2022 m., pra\u0117jus beveik dviem de\u0161imtme\u010diams po j\u0173 pirmojo su\u017ead\u0117tuvi\u0173 fiasko. <\/p>\n<p>Ta\u010diau santykiai truko vos dvejus metus \u2013 2024 m. rugpj\u016bt\u012f J. Lopez pateik\u0117 skyryb\u0173 pra\u0161ym\u0105, o j\u0173 santuoka buvo oficialiai nutraukta \u0161i\u0173 met\u0173 prad\u017eioje.<\/p>\n","protected":false},"excerpt":{"rendered":"Pirmas vie\u0161as pasirodymas po skyryb\u0173 \u201eJie nebesusitikin\u0117ja, ta\u010diau gali bendrauti ramiai ir draugi\u0161kai. Jiems prireik\u0117 daug laiko, kad&hellip;\n","protected":false},"author":2,"featured_media":13554,"comment_status":"","ping_status":"","sticky":false,"template":"","format":"standard","meta":{"footnotes":""},"categories":[21],"tags":[3327,113,3326,37,39,36,38,40,114],"class_list":{"0":"post-13553","1":"post","2":"type-post","3":"status-publish","4":"format-standard","5":"has-post-thumbnail","7":"category-pramogos","8":"tag-benas-affleckas","9":"tag-entertainment","10":"tag-jennifer-lopez","11":"tag-lietuva","12":"tag-lietuviu","13":"tag-lithuania","14":"tag-lithuanian","15":"tag-lt","16":"tag-pramogos"},"share_on_mastodon":{"url":"","error":""},"_links":{"self":[{"href":"https:\/\/www.europesays.com\/lt\/wp-json\/wp\/v2\/posts\/13553","targetHints":{"allow":["GET"]}}],"collection":[{"href":"https:\/\/www.europesays.com\/lt\/wp-json\/wp\/v2\/posts"}],"about":[{"href":"https:\/\/www.europesays.com\/lt\/wp-json\/wp\/v2\/types\/post"}],"author":[{"embeddable":true,"href":"https:\/\/www.europesays.com\/lt\/wp-json\/wp\/v2\/users\/2"}],"replies":[{"embeddable":true,"href":"https:\/\/www.europesays.com\/lt\/wp-json\/wp\/v2\/comments?post=13553"}],"version-history":[{"count":0,"href":"https:\/\/www.europesays.com\/lt\/wp-json\/wp\/v2\/posts\/13553\/revisions"}],"wp:featuredmedia":[{"embeddable":true,"href":"https:\/\/www.europesays.com\/lt\/wp-json\/wp\/v2\/media\/13554"}],"wp:attachment":[{"href":"https:\/\/www.europesays.com\/lt\/wp-json\/wp\/v2\/media?parent=13553"}],"wp:term":[{"taxonomy":"category","embeddable":true,"href":"https:\/\/www.europesays.com\/lt\/wp-json\/wp\/v2\/categories?post=13553"},{"taxonomy":"post_tag","embeddable":true,"href":"https:\/\/www.europesays.com\/lt\/wp-json\/wp\/v2\/tags?post=13553"}],"curies":[{"name":"wp","href":"https:\/\/api.w.org\/{rel}","templated":true}]}}