{"id":137075,"date":"2026-03-24T23:31:31","date_gmt":"2026-03-24T23:31:31","guid":{"rendered":"https:\/\/www.europesays.com\/lt\/137075\/"},"modified":"2026-03-24T23:31:31","modified_gmt":"2026-03-24T23:31:31","slug":"kapciamiescio-poligono-projektas-iveike-pirmaji-balsavima-seime-respublika-lt","status":"publish","type":"post","link":"https:\/\/www.europesays.com\/lt\/137075\/","title":{"rendered":"Kap\u010diamies\u010dio poligono projektas \u012fveik\u0117 pirm\u0105j\u012f balsavim\u0105 Seime &#8211; Respublika.lt"},"content":{"rendered":"<p style=\"text-align: justify;\" class=\"desktop_banner\">\u00a0<\/p>\n<p style=\"text-align: left;\">\u00a0<\/p>\n<p style=\"text-align: left;\">Pateikimo stadijoje u\u017e projekt\u0105 balsavo 102 Seimo nariai, 10 pasisak\u0117 prie\u0161, dar 5 susilaik\u0117.\u00a0<\/p>\n<p style=\"text-align: left;\">Tarp balsavusi\u0173j\u0173 prie\u0161 \u2013 \u201eNemuno au\u0161ros\u201c frakcijos nariai Aidas Gedvilas, Daiva Petkevi\u010dien\u0117, Tomas Domarkas, Remigijus \u017demaitaitis, Vytautas Jucius, Petras Dargis, Mantas Po\u0161kus bei Lietuvos valstie\u010di\u0173, \u017eali\u0173j\u0173 ir Krik\u0161\u010dioni\u0161k\u0173 \u0161eim\u0173 s\u0105jungos frakcijos atstovai Valius \u0104\u017euolas, Rimas Jonas Jank\u016bnas, Ignas V\u0117g\u0117l\u0117.\u00a0<\/p>\n<p style=\"text-align: left;\">Susilaik\u0117 \u201eau\u0161riet\u0117\u201c Lina \u0160ukyt\u0117-Korsak\u0117, Saulius Bucevi\u010dius, K\u0119stutis Bilius, Karolis Neimantas bei demokratas Linas Urmanavi\u010dius.\u00a0<\/p>\n<p style=\"text-align: left;\">Prie\u0161 poligono steigim\u0105 balsav\u0119s R. \u017demaitaitis tikina, jog parengtas \u012fstatymo projektas jam yra nepriimtinas.<\/p>\n<p style=\"text-align: left;\">\u201eToks, koks dabar yra atne\u0161tas \u012fstatymo projektas, man yra nepriimtinas\u201c, \u2013 po balsavimo \u017eurnalistams sak\u0117 R. \u017demaitaitis.\u00a0<\/p>\n<p style=\"text-align: left;\">\u201e\u0160iandien manau, kad turime skirti vis\u0105 finansavim\u0105 oro gynybos sistemai (\u2026). Irano situacija v\u0117lgi rodo, kad pasaulis puls pirkti oro gynybos sistemas ir visus pinigus skirs ten, tai \u0161iandien i\u0161 to 1,5 mlrd. eur\u0173, planuojam\u0173 (skirti \u2013 ELTA) Kap\u010diamies\u010dio poligonui, manau, Lietuva pati gal\u0117t\u0173 toki\u0105 sistem\u0105 prad\u0117ti ruo\u0161tis ir gaminti\u201c, \u2013 sak\u0117 parlamentaras.\u00a0<\/p>\n<p style=\"text-align: left;\">Anks\u010diau Lietuvos socialdemokrat\u0173 partijos lyderis Mindaugas Sinkevi\u010dius yra sak\u0119s, jog \u201eau\u0161rie\u010di\u0173\u201c pozicija, balsuojant u\u017e Kap\u010diamies\u010dio poligono steigim\u0105, gali tapti veiksniu, nulemsian\u010diu tolimesn\u012f valdan\u010diosios koalicijos darb\u0105.<\/p>\n<p style=\"text-align: left;\">Vis d\u0117lto, pats R. \u017demaitaitis sako galim\u0173 pasekmi\u0173 nebijantis.\u00a0<\/p>\n<p style=\"text-align: left;\">\u201eA\u0161 esu jiems pasak\u0119s ne vien\u0105 kart\u0105 \u2013 jeigu nori, gali koalicij\u0105 keisti nors ir \u0161iandien (\u2026). Jeigu jiems ka\u017ekas nepatinka, gali daryti koalicij\u0105 nors ir su konservatoriais\u201c, \u2013 teig\u0117 \u201eau\u0161rie\u010di\u0173\u201c lyderis.<\/p>\n<p style=\"text-align: left;\">Prie\u0161 projekt\u0105 jo pateikimo stadijoje balsav\u0119s \u201evalstie\u010di\u0173\u201c atstovas Valius \u0104\u017euolas teig\u0117, jog nebuvo atlikti nam\u0173 darbai. Pasak parlamentaro, tiek bendruomen\u0117, tiek kai kurie politikai negavo atsakym\u0173 \u012f jiems r\u016bpimus klausimus.\u00a0<\/p>\n<p style=\"text-align: left;\">\u201eMes matome, kad bendruomen\u0117 gauna gal tik 10-15 proc. atsakym\u0173 \u012f klausimus \u2013 tai n\u0117ra priimtina. Tuo labiau, kad ministerija tur\u0117jo beveik tris m\u0117nesius laiko. Per t\u0105 laik\u0105 buvo galima \u012f daugiau klausim\u0173 atsakyti ir dabar daug papras\u010diau b\u016bt\u0173 balsuoti, jei tie klausimai b\u016bt\u0173 atsakyti. Dabar taip n\u0117ra\u201c, \u2013 Eltai teig\u0117 V. \u0104\u017euolas.<\/p>\n<p style=\"text-align: left;\">\u201eVisada yra viltis, kad tuos atsakymus gaus tiek bendruomen\u0117, tiek gyventojai, tiek kiti. Mes, kaip politikai, taip pat turime gauti atsakymus. Kod\u0117l nebuvo ple\u010diami esami poligonai, kod\u0117l nebuvo pasirinktos kitos teritorijos \u2013 mes t\u0173 atsakym\u0173 taip pat negavome\u201c, \u2013 paklaustas, ar poligono projekto nepalaikys ir jo svarstymo stadijoje, teig\u0117 jis.\u00a0\u00a0<\/p>\n<p style=\"text-align: left;\">Nors Vyriausyb\u0117 si\u016bl\u0117 \u012fstatymo projekt\u0105 svarstyti skubos tvarka, \u0161ios iniciatyvos buvo atsisakyta.\u00a0<\/p>\n<p style=\"text-align: left;\">\u201eGal galime sutarti, kad netaikome skubos tvarkos, bet svarstome baland\u017eio 14 d.\u201c, \u2013 po balsavimo \u012f parlamentarus kreip\u0117si Seimo pirmininkas Juozas Olekas.\u00a0<\/p>\n<p style=\"text-align: left;\">\u0160iam pasi\u016blymui buvo pritarta bendru sutarimu.\u00a0<\/p>\n<p style=\"text-align: left;\">\u0160iuo \u012fstatymo projektu si\u016bloma\u00a0Kap\u010diamies\u010dio poligon\u0105 padalinti \u012f dvi funkcines zonas, kuri\u0173 viena bus skirta manevravimui, o kitoje bus \u012frengtos kovinio \u0161audymo \u0161audyklos. \u0160ios teritorijos i\u0161 viso sudaryt\u0173 14,6 t\u016bkst. hektar\u0173 plot\u0105.<\/p>\n<p style=\"text-align: left;\">Ma\u017edaug du tre\u010ddaliai teritorijos atliks karinio mokymo funkcij\u0105 ir bus skirti manevravimui, taktinio jud\u0117jimo pratyboms bei administraciniams pastatams.\u00a0\u0160ioje dalyje i\u0161 viso yra 77 sodybos, j\u0173 savininkai ar ten \u012fsik\u016br\u0119 verslai gal\u0117s rinktis \u2013 ar pasilikti, ar per 60 m\u0117nesi\u0173 turt\u0105 parduoti valstybei supaprastinta tvarka.<\/p>\n<p style=\"text-align: left;\">Tuo metu karinio poligono funkcij\u0105 atliksianti teritorija su kovinio \u0161audymo zona bus koncentruota vakarin\u0117je poligono dalyje prie Lenkijos sienos, \u010dia i\u0161 viso yra 13 sodyb\u0173.\u00a0\u012e \u0161i\u0105 dal\u012f patenkantis privatus nekilnojamasis turtas bei verslai bus i\u0161perkami vadovaujantis patvirtintu \u012fstatymu. Individualias turto ir versl\u0173 vertinimo paslaugas atliks nepriklausomi turto vertintojai.<\/p>\n<p style=\"text-align: left;\">Gyventojams bus kompensuojama ir neturtin\u0117 \u017eala, kuri sieks 45 minimali\u0173 m\u0117nesini\u0173 atlyginim\u0173 (MMA) dyd\u012f \u2013 51,8 t\u016bkst. eur\u0173 u\u017e sodyb\u0105.<\/p>\n<p style=\"text-align: left;\">Mokomojoje poligono teritorijoje esan\u010di\u0173 sodyb\u0173 savininkai per penkerius metus gal\u0117s apsispr\u0119sti, ar likti ten gyventi, ar parduoti savo turt\u0105, u\u017e \u0161ias sodybas taip pat bus atlyginama pagal palankesn\u012f metod\u0105 \u2013 atkuriam\u0105j\u0105 arba lyginam\u0105j\u0105 j\u0173 vert\u0119.\u00a0<\/p>\n<p style=\"text-align: left;\">Papildomai toki\u0173 sodyb\u0173 savininkai gaus 22 MMA dyd\u017eio moralin\u0119 kompensacij\u0105 \u2013 25,3 t\u016bkst. eur\u0173 u\u017e neturtinius praradimus.<\/p>\n<p style=\"text-align: left;\">Seimas link\u0119s pl\u0117sti Taurag\u0117s karinio poligono teritorij\u0105<\/p>\n<p style=\"text-align: left;\">Antradien\u012f pos\u0117d\u017eiav\u0119s Seimas po pateikimo taip pat pritar\u0117 si\u016blymui i\u0161pl\u0117sti Lietuvos kariuomen\u0117s Taurag\u0117s karinio poligono teritorij\u0105 Jurbarko rajono savivaldyb\u0117je sukuriant efektyvaus naudojimo infrastrukt\u016br\u0105.\u00a0<\/p>\n<p style=\"text-align: left;\">U\u017e projekt\u0105 balsavo 90 Seimo nari\u0173, pasisakiusi\u0173 prie\u0161 ar susilaikiusi\u0173 nebuvo.\u00a0<\/p>\n<p style=\"text-align: left;\">Teikiamu projektu taip pat si\u016bloma patikslinti kompensavimo u\u017e neigiam\u0105 poveik\u012f aplinkai mechanizmus, siekiant u\u017etikrinti nenutr\u016bkstam\u0105 kari\u0173 rengim\u0105 ir atitikim\u0105 nacionalinio saugumo interesams.<\/p>\n<p style=\"text-align: left;\">Projekt\u0105 planuojama svarstyti baland\u017eio 14 d.\u00a0<\/p>\n<p style=\"text-align: left;\">Vyriausyb\u0117 Kap\u010diamies\u010dio ir Taurag\u0117s poligon\u0173 \u012fstatym\u0173 projektams pritar\u0117 pra\u0117jusi\u0105 savait\u0119.\u00a0<\/p>\n<p style=\"text-align: left;\">ELTA primena, kad pernai gruod\u012f Valstyb\u0117s gynimo taryba pri\u0117m\u0117 sprendim\u0105 steigti brigados dyd\u017eio Kap\u010diamies\u010dio poligon\u0105 Lazdij\u0173 savivaldyb\u0117je. Be to, nuspr\u0119sta, kad Taurag\u0117je esan\u010dio poligono plotas bus dvigubai didinamas, i\u0161ple\u010diant jo teritorij\u0105 \u012f Jurbarko savivaldyb\u0119.<\/p>\n<p style=\"text-align: left;\">Vis tik d\u0117l tokio vald\u017eios sprendimo kilo vietos bendruomen\u0117s pasipiktinimas, vyko protesto akcija.<\/p>\n<p style=\"text-align: left;\">Brigados dyd\u017eio poligon\u0105 norima \u012fsteigti siekiant atliepti kariuomen\u0117s modernizacij\u0105, augant\u012f \u0161auktini\u0173 skai\u010di\u0173, vystom\u0105 nacionalin\u0119 divizij\u0105 ir did\u0117jan\u010dias s\u0105junginink\u0173 paj\u0117gas.<\/p>\n","protected":false},"excerpt":{"rendered":"\u00a0 \u00a0 Pateikimo stadijoje u\u017e projekt\u0105 balsavo 102 Seimo nariai, 10 pasisak\u0117 prie\u0161, dar 5 susilaik\u0117.\u00a0 Tarp balsavusi\u0173j\u0173&hellip;\n","protected":false},"author":2,"featured_media":137076,"comment_status":"","ping_status":"","sticky":false,"template":"","format":"standard","meta":{"footnotes":"","_share_on_mastodon":"0"},"categories":[6],"tags":[25,30,31,34,35,24,14665,32,33,37,39,36,38,40,23,22,2505,28,29,128,26,27],"class_list":["post-137075","post","type-post","status-publish","format-standard","has-post-thumbnail","category-antrastes","tag-antrastes","tag-breaking-news","tag-breakingnews","tag-featured-news","tag-featurednews","tag-headlines","tag-kapciamiestis","tag-latest-news","tag-latestnews","tag-lietuva","tag-lietuviu","tag-lithuania","tag-lithuanian","tag-lt","tag-naujienos","tag-news","tag-poligonas","tag-populiariausios-naujienos","tag-populiariausiosnaujienos","tag-seimas","tag-top-stories","tag-topstories"],"share_on_mastodon":{"url":"https:\/\/pubeurope.com\/@lt\/116286762678516530","error":""},"_links":{"self":[{"href":"https:\/\/www.europesays.com\/lt\/wp-json\/wp\/v2\/posts\/137075","targetHints":{"allow":["GET"]}}],"collection":[{"href":"https:\/\/www.europesays.com\/lt\/wp-json\/wp\/v2\/posts"}],"about":[{"href":"https:\/\/www.europesays.com\/lt\/wp-json\/wp\/v2\/types\/post"}],"author":[{"embeddable":true,"href":"https:\/\/www.europesays.com\/lt\/wp-json\/wp\/v2\/users\/2"}],"replies":[{"embeddable":true,"href":"https:\/\/www.europesays.com\/lt\/wp-json\/wp\/v2\/comments?post=137075"}],"version-history":[{"count":0,"href":"https:\/\/www.europesays.com\/lt\/wp-json\/wp\/v2\/posts\/137075\/revisions"}],"wp:featuredmedia":[{"embeddable":true,"href":"https:\/\/www.europesays.com\/lt\/wp-json\/wp\/v2\/media\/137076"}],"wp:attachment":[{"href":"https:\/\/www.europesays.com\/lt\/wp-json\/wp\/v2\/media?parent=137075"}],"wp:term":[{"taxonomy":"category","embeddable":true,"href":"https:\/\/www.europesays.com\/lt\/wp-json\/wp\/v2\/categories?post=137075"},{"taxonomy":"post_tag","embeddable":true,"href":"https:\/\/www.europesays.com\/lt\/wp-json\/wp\/v2\/tags?post=137075"}],"curies":[{"name":"wp","href":"https:\/\/api.w.org\/{rel}","templated":true}]}}