{"id":137138,"date":"2026-03-25T03:32:31","date_gmt":"2026-03-25T03:32:31","guid":{"rendered":"https:\/\/www.europesays.com\/lt\/137138\/"},"modified":"2026-03-25T03:32:31","modified_gmt":"2026-03-25T03:32:31","slug":"kaune-nauja-vieta-megautis-puikiais-ceburekais","status":"publish","type":"post","link":"https:\/\/www.europesays.com\/lt\/137138\/","title":{"rendered":"Kaune \u2013 nauja vieta m\u0117gautis puikiais \u010deburekais"},"content":{"rendered":"<p>Kaune duris<br \/>\natv\u0117r\u0117 nauja \u201eGossip skonis \u010deburekin\u0117\u201c, si\u016blanti tiek klasikinius, tiek<br \/>\nnetradicini\u0173 skoni\u0173 auk\u0161tos kokyb\u0117s, labai skanius \u010deburekus. Prekybos<br \/>\nmiestelyje \u201eUrmas\u201c \u012fsik\u016brusi maitinimo \u012fstaiga, kartu su greta veikian\u010diu piet\u0173<br \/>\nrestoranu \u201eGossip skonis\u201c, dabar vienu metu gali priimti iki 200 sve\u010di\u0173 ir<br \/>\npasi\u016blyti dar platesn\u012f meniu.<\/p>\n<p>Pietaujantiems<br \/>\n\u0117m\u0117 tr\u016bkti viet\u0173<\/p>\n<p>Ma\u017edaug prie\u0161 1,5 met\u0173 \u201eUrme\u201c veikian\u010diame Centriniame Kauno turguje \u012fsik\u016br\u0117<br \/>\npiet\u0173 restoranas \u201eGossip skonis\u201c. Per \u0161\u012f laikotarp\u012f kaunie\u010diai taip pam\u0117go \u0161i\u0105<br \/>\ngard\u0173 maist\u0105 u\u017e ger\u0105 kain\u0105 si\u016blan\u010di\u0105 piet\u0173 viet\u0105, kad kartais piko metu \u0117m\u0117<br \/>\ntr\u016bkti viet\u0173.<\/p>\n<p>\u201e<a\/>Matydami i\u0161augus\u012f populiarum\u0105 nutar\u0117me ne tik<br \/>\ni\u0161pl\u0117sti viet\u0173 skai\u010di\u0173, bet ir pasi\u016blyti papildom\u0105 virtuv\u0119 \u2013 taip pat kaunie\u010di\u0173<br \/>\njau pam\u0117gtus \u201eGossip skonis\u201c \u010deburekus ir rank\u0173 darbo kold\u016bnus. Taip vienoje<br \/>\nvietoje m\u016bs\u0173 sve\u010diai gali rinktis i\u0161 dar didesnio meniu. Be to, dabar gal\u0117sime<br \/>\npriimti ne tik norin\u010dius greitai pavalgyti, bet ir turin\u010dius laiko pas\u0117d\u0117ti,<br \/>\npasim\u0117gauti maistu. Piet\u0173 restorane maistas yra jau paruo\u0161as, o \u010deburekin\u0117je \u2013<br \/>\ngaminamas pagal u\u017esakym\u0105\u201c, &#8211; pasakojo restoran\u0173 savininkas Mantas Paulauskas.<img decoding=\"async\" width=\"500\" height=\"280\" loading=\"lazy\" src=\"https:\/\/www.europesays.com\/lt\/wp-content\/uploads\/2026\/03\/sveciai-69c279458f3b2.jpg@webp.webp\" class=\"w-auto h-auto\" alt=\"Sve\u010diai\"\/><\/p>\n<p>Kaune duris atv\u0117r\u0117 nauja \u201eGossip skonis \u010deburekin\u0117\u201c \/ Organizatori\u0173 nuotr.<\/p>\n<p>Kokybei ir<br \/>\nskoniui \u2013 i\u0161skirtinis d\u0117mesys<\/p>\n<p>\u201eGossip skonis\u201c \u010deburekai ne veltui u\u017ekariavo kaunie\u010di\u0173 ir miesto sve\u010di\u0173<br \/>\n\u0161irdis. Raudondvario plente veikl\u0105 prad\u0117jusioje \u010deburekin\u0117je itin daug d\u0117mesio<br \/>\nskiriama kokybei. \u010ceburekai gaminami vietoje, pagal sen\u0105, laiko patikrint\u0105<br \/>\nrecept\u0105. O j\u0173 gruzdinimui naudojamas tik specialus, itin tyras saul\u0117gr\u0105\u017e\u0173<br \/>\naliejus i\u0161 Olandijos. \u0160i\u0173 princip\u0173 grie\u017etai laikomasi ir naujojoje \u010deburekin\u0117je<br \/>\n\u201eUrme\u201c.<\/p>\n<p>\u201eM\u016bs\u0173 \u010deburekai yra saul\u0117s geltonumo spalvos, neprisig\u0117r\u0119 riebal\u0173 \u2013 tik d\u0117l<br \/>\nnepaprast\u0173 \u0161io aliejaus savybi\u0173\u201c, &#8211; akcentavo M. Paulauskas.<\/p>\n<p>Greta \u012fprast\u0173 \u010deburek\u0173 su jautiena ir kiauliena, ypatingo d\u0117mesio sulaukia<br \/>\n\u010deburekai su aviena, elniena. Pastaruosius ypa\u010d vertina \u010dia apsilankantys<br \/>\n\u017ev\u0117rienos m\u0117g\u0117jai. Galima gauti ir toki\u0173 gana ne\u012fprast\u0173 derini\u0173 kaip \u010deburekai<br \/>\nsu var\u0161ke ir \u0161pinatais ar pievagrybiais ir s\u016briu.<\/p>\n<p><img decoding=\"async\" width=\"500\" height=\"280\" loading=\"lazy\" src=\"https:\/\/www.europesays.com\/lt\/wp-content\/uploads\/2026\/03\/ceburekai-koldunai-sultinys-airanas-69c279456fdd7.jpg@webp.webp\" class=\"w-auto h-auto\" alt=\"\u010ceburekai, kold\u016bnai, sultinys, airanas\"\/><\/p>\n<p>Kaune duris atv\u0117r\u0117 nauja \u201eGossip skonis \u010deburekin\u0117\u201c \/ Organizatori\u0173 nuotr.<\/p>\n<p>Pus\u0117 kilogramo<br \/>\n\u012fdaro<\/p>\n<p>Vienas populiariausi\u0173 pastarojo meto lankytoj\u0173 atradim\u0173 \u2013 did\u017eiulis, net<br \/>\n550 g \u012fdaro turintis \u010deburekas \u201eGossip MAX\u201c, turintis daug sud\u0117tini\u0173 dali\u0173.<br \/>\nTarp j\u0173 \u2013 ir autenti\u0161ki \u201eMaydonaz\u201c prieskoniai. Pasak restorano \u0161eimininko,<br \/>\n\u0161is, \u010deburekuose gan ne\u012fprastas derinys, suk\u016br\u0117 i\u0161ties unikal\u0173 skon\u012f ir<br \/>\npakyl\u0117jo \u0161\u012f patiekal\u0105 \u012f kit\u0105 lyg\u012f.<\/p>\n<p>Geriausiai \u010deburek\u0173 skonis atsiskleid\u017eia valgant juos rankomis \u2013 tam \u010dia<br \/>\nduodamos specialios pir\u0161tin\u0117s. Nepamainoma pora su \u010deburekais \u2013 vi\u0161tienos<br \/>\nsultinys, kur\u012f \u010dia taip pa verda vietoje i\u0161 nat\u016bralios vi\u0161tienos.<\/p>\n<p>\u010ceburekin\u0117je dar galima gauti vietoje gamint\u0173 rank\u0173 darbo kold\u016bn\u0173 su<br \/>\nkiauliena, vi\u0161tiena, jautiena. Kold\u016bnams pagardinti skirti kaimi\u0161kas spirgu\u010di\u0173<br \/>\nir mi\u0161ko gryb\u0173 pada\u017eai.<\/p>\n<p>G\u0117rimai \u2013 taip pat vietoje gaminamas airanas, kompotas, gira.<\/p>\n<p>Naujoji \u010deburekin\u0117 \u012fsik\u016brusi<br \/>\nKaune, prekybos miestelyje \u201eUrmas\u201c veikian\u010diame Centriniame Kauno turguje<br \/>\n(Rytin\u0117 galerija, 19 prekybos sal\u0117, Pramon\u0117s pr. 16F). Patogiausia pasiekti i\u0161 Gara\u017e\u0173<br \/>\ngatv\u0117s. Darbo laikas: 8\u201318 val. (darbo dienomis), 8\u201317 val. (\u0161e\u0161tadien\u012f), 8\u201316<br \/>\nval. (sekmadien\u012f).<\/p>\n","protected":false},"excerpt":{"rendered":"Kaune duris atv\u0117r\u0117 nauja \u201eGossip skonis \u010deburekin\u0117\u201c, si\u016blanti tiek klasikinius, tiek netradicini\u0173 skoni\u0173 auk\u0161tos kokyb\u0117s, labai skanius \u010deburekus.&hellip;\n","protected":false},"author":2,"featured_media":137139,"comment_status":"","ping_status":"","sticky":false,"template":"","format":"standard","meta":{"footnotes":"","_share_on_mastodon":"0"},"categories":[13],"tags":[25,30,31,34,35,24,1061,32,33,37,39,36,38,40,23,22,28,29,26,27,21834,46],"class_list":["post-137138","post","type-post","status-publish","format-standard","has-post-thumbnail","category-lietuva","tag-antrastes","tag-breaking-news","tag-breakingnews","tag-featured-news","tag-featurednews","tag-headlines","tag-kaunas","tag-latest-news","tag-latestnews","tag-lietuva","tag-lietuviu","tag-lithuania","tag-lithuanian","tag-lt","tag-naujienos","tag-news","tag-populiariausios-naujienos","tag-populiariausiosnaujienos","tag-top-stories","tag-topstories","tag-urmas","tag-verslas"],"share_on_mastodon":{"url":"https:\/\/pubeurope.com\/@lt\/116287710510627915","error":""},"_links":{"self":[{"href":"https:\/\/www.europesays.com\/lt\/wp-json\/wp\/v2\/posts\/137138","targetHints":{"allow":["GET"]}}],"collection":[{"href":"https:\/\/www.europesays.com\/lt\/wp-json\/wp\/v2\/posts"}],"about":[{"href":"https:\/\/www.europesays.com\/lt\/wp-json\/wp\/v2\/types\/post"}],"author":[{"embeddable":true,"href":"https:\/\/www.europesays.com\/lt\/wp-json\/wp\/v2\/users\/2"}],"replies":[{"embeddable":true,"href":"https:\/\/www.europesays.com\/lt\/wp-json\/wp\/v2\/comments?post=137138"}],"version-history":[{"count":0,"href":"https:\/\/www.europesays.com\/lt\/wp-json\/wp\/v2\/posts\/137138\/revisions"}],"wp:featuredmedia":[{"embeddable":true,"href":"https:\/\/www.europesays.com\/lt\/wp-json\/wp\/v2\/media\/137139"}],"wp:attachment":[{"href":"https:\/\/www.europesays.com\/lt\/wp-json\/wp\/v2\/media?parent=137138"}],"wp:term":[{"taxonomy":"category","embeddable":true,"href":"https:\/\/www.europesays.com\/lt\/wp-json\/wp\/v2\/categories?post=137138"},{"taxonomy":"post_tag","embeddable":true,"href":"https:\/\/www.europesays.com\/lt\/wp-json\/wp\/v2\/tags?post=137138"}],"curies":[{"name":"wp","href":"https:\/\/api.w.org\/{rel}","templated":true}]}}