{"id":137177,"date":"2026-03-25T05:27:44","date_gmt":"2026-03-25T05:27:44","guid":{"rendered":"https:\/\/www.europesays.com\/lt\/137177\/"},"modified":"2026-03-25T05:27:44","modified_gmt":"2026-03-25T05:27:44","slug":"zuckerbergas-kuria-asmenini-di-agenta-padesianti-eiti-meta-direktoriaus-pareigas-respublika-lt","status":"publish","type":"post","link":"https:\/\/www.europesays.com\/lt\/137177\/","title":{"rendered":"Zuckerbergas kuria asmenin\u012f DI agent\u0105, pad\u0117siant\u012f eiti \u201eMeta\u201c direktoriaus pareigas &#8211; Respublika.lt"},"content":{"rendered":"<p><img loading=\"lazy\" decoding=\"async\" src=\"https:\/\/www.respublika.lt\/lt\/naujienos\/pasaulis\/kitos_pasaulio_naujienos\/zuckerbergas-kuria-asmenini-di-agenta-padesianti-eiti-meta-direktoriaus-pareigas\/images\/ico_camera_white.gif\" class=\"camera\" width=\"22\" height=\"15\" alt=\"nuotr.\" style=\"position:relative; top:-2px; right:2px;\"\/> 1 nuotr.<\/p>\n<p>Asociatyvi Freepik.com nuotr.<\/p>\n<p style=\"text-align: justify;\" class=\"desktop_banner\">\u00a0<\/p>\n<p style=\"text-align: left;\">\u00a0<\/p>\n<p style=\"text-align: left;\">Apie \u0161\u012f projekt\u0105 \u017einantis asmuo laikra\u0161\u010diui prane\u0161\u0117, kad M. Zuckerbergo kuriamas DI agentas pad\u0117s jam eiti bendrov\u0117s direktoriaus pareigas.<\/p>\n<p style=\"text-align: left;\">\u0160is DI \u012frankis, kuris vis dar kuriamas, leid\u017eia M. Zuckerbergui grei\u010diau gauti informacij\u0105. Pavyzd\u017eiui, jis pateikia atsakymus, kurie paprastai tur\u0117t\u0173 praeiti per vis\u0105 tarpinink\u0173 grandin\u0119, sak\u0117 \u0161altinis.<\/p>\n<p style=\"text-align: left;\">Projektas atspindi 78 t\u016bkst. darbuotoj\u0173 turin\u010dios \u012fmon\u0117s siek\u012f paspartinti darbo eig\u0105, pa\u0161alinti dal\u012f organizacin\u0117s strukt\u016bros sluoksni\u0173 ir keisti kasdien\u0119 darbuotoj\u0173 veikl\u0105. Taip \u201eMeta\u201c siekia i\u0161likti konkurencinga su DI programas kurian\u010diais startuoliais, turin\u010diais kur kas ma\u017eiau darbuotoj\u0173.<\/p>\n<p style=\"text-align: left;\">Bendrov\u0117 mano, kad DI pritaikymas yra labai svarbus jos ateities s\u0117kmei ir eksperimentuoja, kaip j\u012f labiau integruoti \u012f savo versl\u0105.<\/p>\n<p style=\"text-align: left;\">\u201eInvestuojame \u012f dirbtinio intelekto \u012frankius, kad \u201eMeta\u201c darbuotojai gal\u0117t\u0173 nuveikti daugiau. Mes skatiname individual\u0173 darbuotoj\u0173 ind\u0117l\u012f ir ma\u017einame hierarchijos lygius komandose. Jeigu tai padarysime, manau, kad nuveiksime kur kas daugiau ir bus daug smagiau\u201c, \u2013 sausio m\u0117nes\u012f pristatydamas \u012fmon\u0117s finansinius rezultatus sak\u0117 M. Zuckerbergas.<\/p>\n<p style=\"text-align: left;\">DI \u012franki\u0173 naudojimas bendrov\u0117je spar\u010diai i\u0161plito i\u0161 dalies ir d\u0117l to, kad tai tapo vienu i\u0161 darbuotoj\u0173 veiklos vertinimo kriterij\u0173.<\/p>\n<p style=\"text-align: left;\">Darbuotojai prad\u0117jo naudoti asmeninius DI agentus, tokius kaip \u201eMy Claw\u201c, kurie turi prieig\u0105 prie j\u0173 susira\u0161in\u0117jimo istorijos ir darbo fail\u0173, ir gali j\u0173 vardu kalb\u0117tis su kolegomis arba j\u0173 asmeniniais DI agentais.<\/p>\n<p style=\"text-align: left;\">Be to, \u201eMeta\u201c neseniai \u012fk\u016br\u0117 nauj\u0105 taikomosios DI in\u017einerijos padalin\u012f, kuriam pavesta pasitelkti DI siekiant paspartinti bendrov\u0117s did\u017ei\u0173j\u0173 kalbos modeli\u0173 k\u016brim\u0105.<\/p>\n<p style=\"text-align: left;\">Kaip anks\u010diau skelb\u0117 \u201eThe Wall Street Journal\u201c, \u0161iose komandose bus itin horizontali hierarchin\u0117 strukt\u016bra \u2013 iki 50 individuali\u0173 specialist\u0173 bus tiesiogiai pavald\u016bs vienam vadovui.<\/p>\n<p style=\"text-align: left;\">Ta\u010diau kai kurie \u201eMeta\u201c darbuotojai susir\u016bpin\u0119, kad pritaikius DI programas gali prasid\u0117ti atleidimai.<\/p>\n<p style=\"text-align: left;\">COVID-19 pandemijos metu \u201eMeta\u201c beveik padvigubino savo darbuotoj\u0173 skai\u010di\u0173 iki 87 t\u016bkst., ta\u010diau 2022 m. pirm\u0105 kart\u0105 suma\u017eino etat\u0173 skai\u010di\u0173. Tuomet bendrov\u0117 susid\u016br\u0117 su spar\u010diai besitraukian\u010dia skaitmenini\u0173 reklam\u0173 rinka ir krentan\u010dia akcij\u0173 kaina, tod\u0117l atleido 11 t\u016bkst. darbuotoj\u0173.<\/p>\n<p style=\"text-align: left;\">M. Zuckerbergas 2023-uosius paskelb\u0117 \u201eefektyvumo metais\u201c, o bendrov\u0117 atleido dar 10 t\u016bkst. \u017emoni\u0173. Besibaigiant metams \u012fmon\u0117je dirbo 67 t\u016bkst. darbuotoj\u0173.<\/p>\n<p style=\"text-align: left;\">Ta\u010diau ateinan\u010diais metais darbuotoj\u0173 skai\u010dius v\u0117l augo. Paskutiniais oficialiais duomenimis, \u201eMeta\u201c darbuotoj\u0173 skai\u010dius pasiek\u0117 78\u00a0865.<\/p>\n","protected":false},"excerpt":{"rendered":"1 nuotr. Asociatyvi Freepik.com nuotr. \u00a0 \u00a0 Apie \u0161\u012f projekt\u0105 \u017einantis asmuo laikra\u0161\u010diui prane\u0161\u0117, kad M. Zuckerbergo kuriamas&hellip;\n","protected":false},"author":2,"featured_media":137178,"comment_status":"","ping_status":"","sticky":false,"template":"","format":"standard","meta":{"footnotes":"","_share_on_mastodon":"0"},"categories":[17],"tags":[7144,81,1636,248,1637,223,37,39,36,38,40,1714,46,24092],"class_list":["post-137177","post","type-post","status-publish","format-standard","has-post-thumbnail","category-verslas","tag-meta","tag-business","tag-dirbtinis","tag-ekonomika","tag-intelektas","tag-jav","tag-lietuva","tag-lietuviu","tag-lithuania","tag-lithuanian","tag-lt","tag-technologijos","tag-verslas","tag-zuckerbergas"],"share_on_mastodon":{"url":"https:\/\/pubeurope.com\/@lt\/116288162581654276","error":""},"_links":{"self":[{"href":"https:\/\/www.europesays.com\/lt\/wp-json\/wp\/v2\/posts\/137177","targetHints":{"allow":["GET"]}}],"collection":[{"href":"https:\/\/www.europesays.com\/lt\/wp-json\/wp\/v2\/posts"}],"about":[{"href":"https:\/\/www.europesays.com\/lt\/wp-json\/wp\/v2\/types\/post"}],"author":[{"embeddable":true,"href":"https:\/\/www.europesays.com\/lt\/wp-json\/wp\/v2\/users\/2"}],"replies":[{"embeddable":true,"href":"https:\/\/www.europesays.com\/lt\/wp-json\/wp\/v2\/comments?post=137177"}],"version-history":[{"count":0,"href":"https:\/\/www.europesays.com\/lt\/wp-json\/wp\/v2\/posts\/137177\/revisions"}],"wp:featuredmedia":[{"embeddable":true,"href":"https:\/\/www.europesays.com\/lt\/wp-json\/wp\/v2\/media\/137178"}],"wp:attachment":[{"href":"https:\/\/www.europesays.com\/lt\/wp-json\/wp\/v2\/media?parent=137177"}],"wp:term":[{"taxonomy":"category","embeddable":true,"href":"https:\/\/www.europesays.com\/lt\/wp-json\/wp\/v2\/categories?post=137177"},{"taxonomy":"post_tag","embeddable":true,"href":"https:\/\/www.europesays.com\/lt\/wp-json\/wp\/v2\/tags?post=137177"}],"curies":[{"name":"wp","href":"https:\/\/api.w.org\/{rel}","templated":true}]}}