{"id":137454,"date":"2026-03-25T10:35:08","date_gmt":"2026-03-25T10:35:08","guid":{"rendered":"https:\/\/www.europesays.com\/lt\/137454\/"},"modified":"2026-03-25T10:35:08","modified_gmt":"2026-03-25T10:35:08","slug":"egipte-trumpinamas-kaviniu-ir-baru-darbo-laikas","status":"publish","type":"post","link":"https:\/\/www.europesays.com\/lt\/137454\/","title":{"rendered":"Egipte trumpinamas kavini\u0173 ir bar\u0173 darbo laikas"},"content":{"rendered":"<p>\u0160i\u0173 priemoni\u0173 prie\u017eastis \u2013 d\u0117l <a rel=\"noopener nofollow\" target=\"_blank\" href=\"https:\/\/www.delfi.lt\/temos\/irano-karas\" tag-id=\"96616870\">Irano karo<\/a> augan\u010dios energijos kainos. Tam vyriausyb\u0117 Kaire nori pasiprie\u0161inti ma\u017eindama elektros suvartojim\u0105. <a rel=\"noopener nofollow\" target=\"_blank\" href=\"https:\/\/www.delfi.lt\/temos\/egiptas\" tag-id=\"21801384\">Egiptas<\/a> daugiau kaip 80 proc. savo elektros pagamina i\u0161 gamtini\u0173 duj\u0173, kuri\u0173 did\u017eioji dalis importuojama. Svarbiausias duj\u0173 tiek\u0117jas Izraelis eksport\u0105 \u012f Egipt\u0105 karo prad\u017eioje prie\u0161 daugiau kaip tris savaites sustabd\u0117.<\/p>\n<p>Tikslas yra geriau paskirstyti reikiam\u0105 elektros ir degal\u0173 kiek\u012f, prie\u0161 kelias dienas sak\u0117 ministras pirmininkas Mustafa Madbulis. Min\u0117ta priemon\u0117 prad\u017eioje bus taikoma m\u0117nes\u012f ir, priklausomai nuo karo eigos, galimai prat\u0119sta. I\u0161imtis bus taikoma tik ketvirtadienio ir penktadienio vakarais, kai Egipte prasideda savaitgalis. Tada barams ir parduotuv\u0117ms bus leid\u017eiama dirbti iki 22.00 val. Darbo savait\u0117 Egipte paprastai prasideda sekmadien\u012f.<\/p>\n<p>\u0160is sprendimas suk\u0117l\u0117 diskusij\u0173 ir tarp atostogautoj\u0173 Egipte. Nes ir populiariuose kurortuose, tokiuose kaip Hurgada ir \u0160arm el \u0160eichas \u017emon\u0117s nuo \u0161e\u0161tadienio vakaro tur\u0117s susitaikyti su trumpesn\u0117mis <a rel=\"noopener nofollow\" target=\"_blank\" href=\"https:\/\/www.delfi.lt\/temos\/barai\" tag-id=\"81054433\">bar\u0173<\/a> ir <a rel=\"noopener nofollow\" target=\"_blank\" href=\"https:\/\/www.delfi.lt\/temos\/restoranai\" tag-id=\"80853451\">restoran\u0173<\/a> darbo valandomis. <\/p>\n<p>\u201eJei taip ir liks, a\u0161 liksiu namuose\u201c, \u2013 ra\u0161\u0117 viena vartotoja \u201eFacebook\u201c grup\u0117je, skirtoje vokie\u010di\u0173 poilsiautojams Hurgadoje.<\/p>\n<p>\u201eTurizmui bus padaryta didel\u0117 \u017eala\u201c, \u2013 teig\u0117 kita.<\/p>\n","protected":false},"excerpt":{"rendered":"\u0160i\u0173 priemoni\u0173 prie\u017eastis \u2013 d\u0117l Irano karo augan\u010dios energijos kainos. Tam vyriausyb\u0117 Kaire nori pasiprie\u0161inti ma\u017eindama elektros suvartojim\u0105.&hellip;\n","protected":false},"author":2,"featured_media":137455,"comment_status":"","ping_status":"","sticky":false,"template":"","format":"standard","meta":{"footnotes":"","_share_on_mastodon":"0"},"categories":[15],"tags":[25,20795,30,31,4751,34,35,24,22271,32,33,37,39,36,38,40,23,22,44,28,29,1710,26,27,74,75,76],"class_list":["post-137454","post","type-post","status-publish","format-standard","has-post-thumbnail","category-pasaulis","tag-antrastes","tag-barai","tag-breaking-news","tag-breakingnews","tag-egiptas","tag-featured-news","tag-featurednews","tag-headlines","tag-irano-karas","tag-latest-news","tag-latestnews","tag-lietuva","tag-lietuviu","tag-lithuania","tag-lithuanian","tag-lt","tag-naujienos","tag-news","tag-pasaulis","tag-populiariausios-naujienos","tag-populiariausiosnaujienos","tag-restoranai","tag-top-stories","tag-topstories","tag-world","tag-world-news","tag-worldnews"],"share_on_mastodon":{"url":"https:\/\/pubeurope.com\/@lt\/116289373625191701","error":""},"_links":{"self":[{"href":"https:\/\/www.europesays.com\/lt\/wp-json\/wp\/v2\/posts\/137454","targetHints":{"allow":["GET"]}}],"collection":[{"href":"https:\/\/www.europesays.com\/lt\/wp-json\/wp\/v2\/posts"}],"about":[{"href":"https:\/\/www.europesays.com\/lt\/wp-json\/wp\/v2\/types\/post"}],"author":[{"embeddable":true,"href":"https:\/\/www.europesays.com\/lt\/wp-json\/wp\/v2\/users\/2"}],"replies":[{"embeddable":true,"href":"https:\/\/www.europesays.com\/lt\/wp-json\/wp\/v2\/comments?post=137454"}],"version-history":[{"count":0,"href":"https:\/\/www.europesays.com\/lt\/wp-json\/wp\/v2\/posts\/137454\/revisions"}],"wp:featuredmedia":[{"embeddable":true,"href":"https:\/\/www.europesays.com\/lt\/wp-json\/wp\/v2\/media\/137455"}],"wp:attachment":[{"href":"https:\/\/www.europesays.com\/lt\/wp-json\/wp\/v2\/media?parent=137454"}],"wp:term":[{"taxonomy":"category","embeddable":true,"href":"https:\/\/www.europesays.com\/lt\/wp-json\/wp\/v2\/categories?post=137454"},{"taxonomy":"post_tag","embeddable":true,"href":"https:\/\/www.europesays.com\/lt\/wp-json\/wp\/v2\/tags?post=137454"}],"curies":[{"name":"wp","href":"https:\/\/api.w.org\/{rel}","templated":true}]}}