{"id":137595,"date":"2026-03-25T13:27:29","date_gmt":"2026-03-25T13:27:29","guid":{"rendered":"https:\/\/www.europesays.com\/lt\/137595\/"},"modified":"2026-03-25T13:27:29","modified_gmt":"2026-03-25T13:27:29","slug":"i-estija-ir-latvija-iskrido-ir-sprogo-dronai-respublika-lt","status":"publish","type":"post","link":"https:\/\/www.europesays.com\/lt\/137595\/","title":{"rendered":"\u012e Estij\u0105 ir Latvij\u0105 \u012fskrido ir sprogo dronai &#8211; Respublika.lt"},"content":{"rendered":"<p><img loading=\"lazy\" decoding=\"async\" src=\"https:\/\/www.respublika.lt\/lt\/naujienos\/pasaulis\/kitos_pasaulio_naujienos\/i-estija-ir-latvija-iskrido-ir-sprogo-dronai\/images\/ico_camera_white.gif\" class=\"camera\" width=\"22\" height=\"15\" alt=\"nuotr.\" style=\"position:relative; top:-2px; right:2px;\"\/> 1 nuotr.<\/p>\n<p>Dronas atsitrenk\u0117 \u012f Auver\u0117s elektrin\u0117s kamin\u0105 \u0161iaur\u0117s ryt\u0173 Estijoje. Sergei Stepanov\/ERR nuotr.<\/p>\n<p style=\"text-align: justify;\" class=\"desktop_banner\">\u00a0<\/p>\n<p style=\"text-align: left;\">\u00a0<\/p>\n<p style=\"text-align: left;\">Pasak vald\u017eios institucij\u0173 ir j\u0117gain\u0119 valdan\u010dios energetikos bendrov\u0117s \u201eEnefit Power\u201c, per incident\u0105 niekas nenukent\u0117jo, Estijos elektros sistema taip pat nebuvo pa\u017eeista.<\/p>\n<p style=\"text-align: left;\">Estijos vidaus saugumo tarnyba prane\u0161\u0117, kad dronas \u012f elektrin\u0117s kamin\u0105 atsitrenk\u0117 kovo 25 d. 3 val. 43 min. \u012e \u012fvykio viet\u0105 buvo i\u0161si\u0173sti Gelb\u0117jimo tarnybos sprogmen\u0173 neutralizavimo specialistai. \u012evyk\u012f tiria Estijos Generalin\u0117 prokurat\u016bra ir Vidaus saugumo tarnyba.<\/p>\n<p style=\"text-align: left;\">Generalin\u0117 prokuror\u0117 Astrid Asi teig\u0117, kad, remiantis turima informacija, drono taikinys nebuvo Estija.<\/p>\n<p style=\"text-align: left;\">\u201e\u0160iuo metu vykdomos pradin\u0117s proced\u016bros, o tyrimas nustatys tikslias aplinkybes\u201c, \u2013 savo parei\u0161kime sak\u0117 prokuror\u0117, kuri\u0105 cituoja \u201eEstonian World\u201c.<\/p>\n<p style=\"text-align: left;\">\u0160is incidentas \u012fvyko \u017einiasklaidai skelbiant, kad Ukraina nakt\u012f sureng\u0117 dron\u0173 atakas prie\u0161 Rusijos Ust Lugos uost\u0105 Leningrado srityje.<\/p>\n<p style=\"text-align: left;\">Estijos pareig\u016bnai nurod\u0117, kad objektas, kuris r\u0117\u017e\u0117si \u012f Auver\u0117s elektrin\u0117s kamin\u0105, sietinas su platesn\u0117mis Rusijos agresyvaus karo prie\u0161 Ukrain\u0105 pasekm\u0117mis, o ne su s\u0105moningu bandymu smogti Estijai.\u00a0<\/p>\n<p style=\"text-align: left;\">\u201eTai yra vienas i\u0161 Rusijos plataus masto agresyvaus karo padarini\u0173. Galima pagr\u012fstai manyti, kad matysime daugiau tokio pob\u016bd\u017eio incident\u0173\u201c, \u2013 sak\u0117 Vidaus saugumo tarnybos generalin\u0117 direktor\u0117 Margo Palloson, kuri\u0105 cituoja \u201eEstonian World\u201c.<\/p>\n<p style=\"text-align: left;\">Estijos teisingumo ministr\u0117 Liisa-Ly Pakosta tre\u010diadienio ryt\u0105 valstybiniam transliuotojai ERR sak\u0117, kad vyriausyb\u0117 surengs neeilin\u012f pos\u0117d\u012f \u0161iam incidentui aptarti.<\/p>\n<p style=\"text-align: left;\">Tre\u010diadien\u012f ryte taip pat skelbta apie i\u0161 Rusijos pus\u0117s \u012f Latvijos oro erdv\u0119 \u012fskridus\u012f ir sprogus\u012f dron\u0105.<\/p>\n<p>Latvijos gynybos ministerija informavo LETA, kad Karin\u0117s oro paj\u0117gos nustat\u0117 i\u0161 Rusijos \u012f Latvijos oro erdv\u0119 \u012fskridus\u012f bepilot\u012f orlaiv\u012f. Ankstyvojo persp\u0117jimo sistemos Kraslavos savivaldyb\u0117je u\u017efiksavo sprogimo primenant\u012f gars\u0105.<\/p>\n<p>\u012evykio vietoje rasta drono nuolau\u017e\u0173. \u012e viet\u0105 atvyko Nacionalini\u0173 ginkluot\u0173j\u0173 paj\u0117g\u0173, Valstyb\u0117s policijos ir Valstyb\u0117s sienos apsaugos tarnybos padaliniai.<\/p>\n<p>Ministerija prane\u0161\u0117, kad joki\u0173 tolesni\u0173 gr\u0117smi\u0173 civili\u0173 gyventoj\u0173 saugumui ir Latvijos oro erdvei nenustatyta, pridurdama, kad civiliai gyventojai nenukent\u0117jo ir civilinei infrastrukt\u016brai \u017eala nepadaryta.<\/p>\n<p>Incidento aplinkyb\u0117s \u0161iuo metu tiriamos. Apie incident\u0105 informuota Kraslavos savivaldyb\u0117.<\/p>\n<p>Latvijos gynybos ministras Andris Spr\u016bds prane\u0161\u0117 d\u0117l \u0161io incidento nutraukiantis darbo vizit\u0105 Ukrainoje ir gr\u012f\u017etantis \u012f Latvij\u0105.<\/p>\n","protected":false},"excerpt":{"rendered":"1 nuotr. Dronas atsitrenk\u0117 \u012f Auver\u0117s elektrin\u0117s kamin\u0105 \u0161iaur\u0117s ryt\u0173 Estijoje. Sergei Stepanov\/ERR nuotr. \u00a0 \u00a0 Pasak vald\u017eios&hellip;\n","protected":false},"author":2,"featured_media":137596,"comment_status":"","ping_status":"","sticky":false,"template":"","format":"standard","meta":{"footnotes":"","_share_on_mastodon":"0"},"categories":[6],"tags":[25,30,31,92,1610,138,34,35,24,11086,32,33,146,37,39,36,38,40,23,22,28,29,119,26,27,360],"class_list":["post-137595","post","type-post","status-publish","format-standard","has-post-thumbnail","category-antrastes","tag-antrastes","tag-breaking-news","tag-breakingnews","tag-dronas","tag-elektrine","tag-estija","tag-featured-news","tag-featurednews","tag-headlines","tag-kaminas","tag-latest-news","tag-latestnews","tag-latvija","tag-lietuva","tag-lietuviu","tag-lithuania","tag-lithuanian","tag-lt","tag-naujienos","tag-news","tag-populiariausios-naujienos","tag-populiariausiosnaujienos","tag-rusija","tag-top-stories","tag-topstories","tag-ukraina"],"share_on_mastodon":{"url":"https:\/\/pubeurope.com\/@lt\/116290050079849793","error":""},"_links":{"self":[{"href":"https:\/\/www.europesays.com\/lt\/wp-json\/wp\/v2\/posts\/137595","targetHints":{"allow":["GET"]}}],"collection":[{"href":"https:\/\/www.europesays.com\/lt\/wp-json\/wp\/v2\/posts"}],"about":[{"href":"https:\/\/www.europesays.com\/lt\/wp-json\/wp\/v2\/types\/post"}],"author":[{"embeddable":true,"href":"https:\/\/www.europesays.com\/lt\/wp-json\/wp\/v2\/users\/2"}],"replies":[{"embeddable":true,"href":"https:\/\/www.europesays.com\/lt\/wp-json\/wp\/v2\/comments?post=137595"}],"version-history":[{"count":0,"href":"https:\/\/www.europesays.com\/lt\/wp-json\/wp\/v2\/posts\/137595\/revisions"}],"wp:featuredmedia":[{"embeddable":true,"href":"https:\/\/www.europesays.com\/lt\/wp-json\/wp\/v2\/media\/137596"}],"wp:attachment":[{"href":"https:\/\/www.europesays.com\/lt\/wp-json\/wp\/v2\/media?parent=137595"}],"wp:term":[{"taxonomy":"category","embeddable":true,"href":"https:\/\/www.europesays.com\/lt\/wp-json\/wp\/v2\/categories?post=137595"},{"taxonomy":"post_tag","embeddable":true,"href":"https:\/\/www.europesays.com\/lt\/wp-json\/wp\/v2\/tags?post=137595"}],"curies":[{"name":"wp","href":"https:\/\/api.w.org\/{rel}","templated":true}]}}