{"id":138530,"date":"2026-03-26T12:52:30","date_gmt":"2026-03-26T12:52:30","guid":{"rendered":"https:\/\/www.europesays.com\/lt\/138530\/"},"modified":"2026-03-26T12:52:30","modified_gmt":"2026-03-26T12:52:30","slug":"grazulis-turi-teise-nemegti-homoseksualu-respublika-lt","status":"publish","type":"post","link":"https:\/\/www.europesays.com\/lt\/138530\/","title":{"rendered":"Gra\u017eulis turi teis\u0119 nem\u0117gti homoseksual\u0173? &#8211; Respublika.lt"},"content":{"rendered":"<p><img loading=\"lazy\" decoding=\"async\" src=\"https:\/\/www.respublika.lt\/lt\/naujienos\/lietuva\/kitos-lietuvos-zinios\/petro-grazulio-advokatas-jis-turi-teise-nemegti-homoseksualiu-asmenu\/images\/ico_camera_white.gif\" class=\"camera\" width=\"22\" height=\"15\" alt=\"nuotr.\" style=\"position:relative; top:-2px; right:2px;\"\/> 1 nuotr.<\/p>\n<p>Petro Gra\u017eulio advokatas Saulius \u017dentelis. Eltos nuotr.<\/p>\n<p style=\"text-align: justify;\" class=\"desktop_banner\">\u00a0<\/p>\n<p>Su aktyvistais susid\u016br\u0117 Seime<\/p>\n<p>Lietuvos apeliacinis teismas ketvirtadien\u012f i\u0161nagrin\u0117jo europarlamentaro buvusio Tautos ir teisingumo s\u0105jungos pirmininko 67 met\u0173 P.Gra\u017eulio byl\u0105, kurioje politikui d\u0117l vie\u0161\u0173 homofobini\u0173 pasisakym\u0173 pernai spal\u012f skirta 10 t\u016bkst. eur\u0173 bauda. Sprendimas bus skelbiamas baland\u017eio pabaigoje.<\/p>\n<p>Kaip ra\u0161\u0117 \u201eVakaro \u017einios&#8221;, Vilniaus apygardos teismo kolegija, kuriai pirmininkavo Audrius Cininas, konstatavo, kad 2022 m. gegu\u017e\u0117s 26 d. Seimo r\u016bmuose vykusio Civilin\u0117s s\u0105jungos \u012fstatymo svarstymo metu P.Gra\u017eulis vie\u0161ai ty\u010diojosi i\u0161 LGBTQ+ bendruomen\u0117s ir j\u0105 niekino d\u0117l seksualin\u0117s orientacijos.<\/p>\n<p>Be to, teismas nurod\u0117, kad nukent\u0117jusieji patyr\u0117 stres\u0105, nerim\u0105, nemig\u0105, nepageidaujam\u0105 d\u0117mes\u012f bei reputacijos pa\u017eeidim\u0173, tod\u0117l i\u0161 P.Gra\u017eulio priteista 2000 eur\u0173 M.M., 3000 eur\u0173 M.M., 284 eurai R.R. neturtinei \u017ealai atlyginti, i\u0161ie\u0161kotinos i\u0161laidos advokato paslaugoms apmok\u0117ti.<\/p>\n<p>P.Gra\u017eulis kalt\u0117s nepripa\u017eino. Jis jau anks\u010diau tvirtino, kad tiesiog citavo \u0160vent\u0105j\u012f ra\u0161t\u0105, kuriame kalbama apie homoseksualius asmenis, kai j\u012f Seimo foj\u0117 u\u017esipuol\u0117 keletas LGBT aktyvist\u0173.<\/p>\n<p>Internete iki \u0161iol esan\u010diuose vaizdo \u012fra\u0161uose u\u017efiksuota, kad \u012fsiv\u0117l\u0119s \u012f gin\u010d\u0105 P.Gra\u017eulis sak\u0117: \u201eI\u0161 kur tie pederastai atsirado? \u010cia i\u0161sigimimas&lt;&#8230;&gt; J\u016bs esate i\u0161sigim\u0119. Dievas suk\u016br\u0117 vyr\u0105 ir moter\u012f, o ne vyr\u0105 ir vyr\u0105 &lt;&#8230;&gt; ir kt.<\/p>\n<p>Prokurat\u016bra \u0161i\u0105 byl\u0105 teismui perdav\u0117 2023 m. gruod\u012f, kuomet P.Gra\u017eulis buvo Seimo narys.<\/p>\n<p>Kas gali priversti m\u0117gti?<\/p>\n<p>LApT pasiek\u0117 politiko ir jo gyn\u0117jo skundai. Kaip informavo \u201eElta&#8221;, vakar teisme advokatas Saulius \u017dentelis ai\u0161kino, kad religingoje \u0161eimoje aug\u0119s P.Gra\u017eulis turi teis\u0119 nem\u0117gti netradicin\u0117s orientacijos \u017emoni\u0173: \u201eNebuvo paraleli\u0173 \u012f kurstym\u0105, jo aprai\u0161k\u0173 nebuvo. Nusikalstama ar ne? Ar jis gali nem\u0117gti tos grup\u0117s? Mano galva, nem\u0117gti jis turi teis\u0119, svarbu yra i\u0161rai\u0161kos forma, niekas negali priversti m\u0117gti. Ar ta panieka yra nusikaltimas?&#8221;<\/p>\n<p>Nukent\u0117jusi\u0173j\u0173 advokatas Aivaras \u017dilvinskas tvirtino, kad P.Gra\u017eulis siek\u0117 \u012f\u017eeisti jaunus \u017emones ir pasiekti savo politinius tikslus.<\/p>\n<p>Generalin\u0117s prokurat\u016bros prokuror\u0117 Jurgita Jaku\u010dion\u0117 mano, kad apeliaciniai skundai turi b\u016bti atmesti.<\/p>\n<p>Mato precedent\u0105<\/p>\n<p>Po pirmosios instancijos teismo sprendimo istorikas, politologas Marius Kundrotas \u201eVakaro \u017einioms&#8221; komentavo, kad \u0161iuo metu yra tokia politin\u0117 konjunkt\u016bra, kuri teikia ypating\u0105 glob\u0105 tokioms grup\u0117ms kaip homoseksualai ar migrantai: \u201eAtrodo, kad tos pus\u0117s \u017emon\u0117ms galima \u012f\u017eeidin\u0117ti eilinius lietuvius, net \u0161mei\u017eti ar grasinti susidorojimu. Bet u\u017e \u017eod\u012f, sukeliant\u012f nemaloni\u0173 jausm\u0173 toki\u0173 grupi\u0173 atstovams, \u017emogui gresia bauda ar net kal\u0117jimas.&#8221;<\/p>\n<p>Anot jo, Labai ai\u0161kiai pasakyta, kad ne visas \u0160ventojo ra\u0161to vietas ir ne visur galima cituoti, o tai jau ki\u0161imasis \u012f religin\u0117s doktrinos srit\u012f, ko nedar\u0117 net bol\u0161evikai.<\/p>\n<p>\u201e\u012evyko precedentas, kai Lietuvos teismas realiai \u012f teisin\u0119 sistem\u0105, atrodo, \u012fved\u0117 \u201epozityviosios krik\u0161\u010dionyb\u0117s&#8221; koncepcij\u0105, pagal kuri\u0105 per m\u016bs\u0173 institucijas veikianti Europos S\u0105junga revizuoja \u0160ventojo ra\u0161to tezes. Galime sulaukti laik\u0173, kai policija tiesiog \u012fsiver\u0161 \u012f krik\u0161\u010dioni\u0173 pamaldas, u\u017ed\u0117s antrankius pastoriui ar kunigui ir i\u0161sive\u0161 vien u\u017e tai, kad citavo Dievo \u017eod\u012f&#8221;, &#8211; i\u0161sak\u0117 nuomon\u0119 M.Kundrotas.<\/p>\n<p>\u00a0<\/p>\n","protected":false},"excerpt":{"rendered":"1 nuotr. Petro Gra\u017eulio advokatas Saulius \u017dentelis. Eltos nuotr. \u00a0 Su aktyvistais susid\u016br\u0117 Seime Lietuvos apeliacinis teismas ketvirtadien\u012f&hellip;\n","protected":false},"author":2,"featured_media":138531,"comment_status":"","ping_status":"","sticky":false,"template":"","format":"standard","meta":{"footnotes":"","_share_on_mastodon":"0"},"categories":[13],"tags":[25,30,31,3158,34,35,896,24,32,33,478,37,39,36,38,40,23,22,13886,28,29,14008,255,26,27],"class_list":["post-138530","post","type-post","status-publish","format-standard","has-post-thumbnail","category-lietuva","tag-antrastes","tag-breaking-news","tag-breakingnews","tag-byla","tag-featured-news","tag-featurednews","tag-grazulis","tag-headlines","tag-latest-news","tag-latestnews","tag-lgbtq","tag-lietuva","tag-lietuviu","tag-lithuania","tag-lithuanian","tag-lt","tag-naujienos","tag-news","tag-niekinimas","tag-populiariausios-naujienos","tag-populiariausiosnaujienos","tag-skundai","tag-teismas","tag-top-stories","tag-topstories"],"share_on_mastodon":{"url":"https:\/\/pubeurope.com\/@lt\/116295574884643444","error":""},"_links":{"self":[{"href":"https:\/\/www.europesays.com\/lt\/wp-json\/wp\/v2\/posts\/138530","targetHints":{"allow":["GET"]}}],"collection":[{"href":"https:\/\/www.europesays.com\/lt\/wp-json\/wp\/v2\/posts"}],"about":[{"href":"https:\/\/www.europesays.com\/lt\/wp-json\/wp\/v2\/types\/post"}],"author":[{"embeddable":true,"href":"https:\/\/www.europesays.com\/lt\/wp-json\/wp\/v2\/users\/2"}],"replies":[{"embeddable":true,"href":"https:\/\/www.europesays.com\/lt\/wp-json\/wp\/v2\/comments?post=138530"}],"version-history":[{"count":0,"href":"https:\/\/www.europesays.com\/lt\/wp-json\/wp\/v2\/posts\/138530\/revisions"}],"wp:featuredmedia":[{"embeddable":true,"href":"https:\/\/www.europesays.com\/lt\/wp-json\/wp\/v2\/media\/138531"}],"wp:attachment":[{"href":"https:\/\/www.europesays.com\/lt\/wp-json\/wp\/v2\/media?parent=138530"}],"wp:term":[{"taxonomy":"category","embeddable":true,"href":"https:\/\/www.europesays.com\/lt\/wp-json\/wp\/v2\/categories?post=138530"},{"taxonomy":"post_tag","embeddable":true,"href":"https:\/\/www.europesays.com\/lt\/wp-json\/wp\/v2\/tags?post=138530"}],"curies":[{"name":"wp","href":"https:\/\/api.w.org\/{rel}","templated":true}]}}