{"id":13906,"date":"2025-10-09T13:00:08","date_gmt":"2025-10-09T13:00:08","guid":{"rendered":"https:\/\/www.europesays.com\/lt\/13906\/"},"modified":"2025-10-09T13:00:08","modified_gmt":"2025-10-09T13:00:08","slug":"jav-vyriausybei-sustabdzius-darba-valstybes-tarnautojams-tenka-skolintis-kencia-kariu-dvasia","status":"publish","type":"post","link":"https:\/\/www.europesays.com\/lt\/13906\/","title":{"rendered":"JAV vyriausybei sustabd\u017eius darb\u0105, valstyb\u0117s tarnautojams tenka skolintis, ken\u010dia kari\u0173 dvasia"},"content":{"rendered":"<p>Po spalio 1 d., kai buvo sustabdytas vyriausyb\u0117s darbas, \u0161imtai t\u016bkstan\u010di\u0173 federalini\u0173 darbuotoj\u0173 buvo i\u0161leisti atostog\u0173, o tiems, kurie yra laikomi b\u016btinais, \u012fskaitant kai kuriuos karini\u0173 paj\u0117g\u0173 atstovus, teko t\u0119sti darb\u0105 negaunant u\u017e tai jokio atlyginimo.<\/p>\n<p>\u201eTam tikra prasme jau\u010diam\u0117s taip, tarsi b\u016btume deryb\u0173 \u012frankis, \u2013 naujien\u0173 agent\u016brai AFP sak\u0117 vienas ilgametis JAV karini\u0173 oro paj\u0117g\u0173 darbuotojas. \u2013 Atlyginimo negauname, nes tie, kurie s\u0117di Va\u0161ingtone ir j\u012f gauna, nesugeba susitarti tarpusavyje.\u201c<\/p>\n<p>\u201eMes ne tik dirbame be atlyginimo, bet i\u0161 tikr\u0173j\u0173 dirbdami be atlyginimo padarome daugiau, nes visi m\u016bs\u0173 civiliai kolegos i\u0161vyko namo atostog\u0173, \u2013 prid\u016br\u0117 jis. \u2013 Tai n\u0117ra gerai kari\u0173 dvasiai.\u201c<\/p>\n<p>Pirmojo tikro i\u0161bandymo laukiama kit\u0105 savait\u0119, kai federaliniai darbuotojai pamatys, kok\u012f poveik\u012f esama pad\u0117tis turi j\u0173 darbo u\u017emokes\u010diui.<\/p>\n<p>Ta\u010diau jei iki \u0161io m\u0117nesio pabaigos susitarimas nebus pasiektas, kito atlyginimo federaliniai darbuotojai i\u0161 viso negaus.<\/p>\n<p>\u201eStresas tikrai didelis\u201c, \u2013 sak\u0117 46-eri\u0173 met\u0173 karini\u0173 oro paj\u0117g\u0173 ir karinio j\u016br\u0173 laivyno veteran\u0117 ir federalin\u0117s agent\u016bros administracijos darbuotoja Marilyn Richards i\u0161 Mis\u016brio valstijos, kuri taip pat buvo priversta i\u0161eiti atostog\u0173.<\/p>\n<p>M. Richards, kuri yra pagrindin\u0117 savo \u0161eimos maitintoja, naujien\u0173 agent\u016brai AFP sak\u0117, kad jai neramu d\u0117l to, kaip vyriausyb\u0117s darbo sustabdymas gali paveikti jos finansin\u0119 pad\u0117t\u012f.<\/p>\n<p>\u201eDauguma m\u016bs\u0173, gyvenan\u010di\u0173 nuo algos iki algos, tikisi, kad gaus kit\u0105 atlyginim\u0105 ir gal\u0117s toliau i\u0161gyventi, \u2013 naujien\u0173 agent\u016brai AFP sak\u0117 ji. \u2013 B\u016btent tai ir darau.\u201c<\/p>\n<p>\u201eU\u017epildyti sprag\u0105\u201c<\/p>\n<p>Ne\u017einodami, kas, vyriausybei nevykdant savo funkcij\u0173, j\u0173 laukia ateityje, kai kurie federaliniai tarnautojai yra priversti pasinaudoti kredito unij\u0173 visoje \u0161alyje pristatomomis darbo u\u017emokes\u010dio apsaugos programomis.<\/p>\n<p>Pasak Karinio j\u016br\u0173 laivyno federalin\u0117s kredito unijos atstovo, \u0161i institucija, pad\u0117jusi ma\u017edaug 19 t\u016bkst. \u017emoni\u0173 gauti paskol\u0173 u\u017e daugiau nei 50 mln. doleri\u0173, kai 2018-2019 m. paskutin\u012fkart buvo sustabdytas vyriausyb\u0117s darbas, ir \u0161\u012f kart\u0105 jau sulauk\u0117 norin\u010di\u0173j\u0173 pasinaudoti jos programa parai\u0161k\u0173.<\/p>\n<p>\u0160ios paskolos yra skirtos pad\u0117ti federaliniams darbuotojams i\u0161gyventi kelet\u0105 savai\u010di\u0173 be darbo u\u017emokes\u010dio ir \u201eu\u017epildyti sprag\u0105\u201c, kol vyriausyb\u0117 v\u0117l prad\u0117s dirbti ir jiems bus i\u0161mok\u0117tas darbo u\u017emokestis, naujien\u0173 agent\u016brai AFP sak\u0117 Gynybos kredito unij\u0173 tarybos atstov\u0117 spaudai Haleigh Laverty.<\/p>\n<p>Daugelis toki\u0173 kredito unij\u0173 nari\u0173 si\u016blo trumpalaikes keli\u0173 t\u016bkstan\u010di\u0173 doleri\u0173 beprocentes paskolas, kuri\u0173 terminas \u2013 nuo 90 dien\u0173 iki pus\u0117s metu, taip pad\u0117dami vartotojams apsisaugoti patiems ir apsaugoti j\u0173 kreditingumo \u012fver\u010dius, kol vyriausyb\u0117 neveikia.<\/p>\n<p>Viena i\u0161 toki\u0173 institucij\u0173 \u2013 kredito unija \u201eCobalt\u201c, aptarnaujanti apie 120 t\u016bkst. nari\u0173, susijusi\u0173 su Ofato karini\u0173 oro paj\u0117g\u0173 baze Nebraskos valstijoje, kurioje \u012fsik\u016brusi JAV strategin\u0117s vadovyb\u0117s b\u016bstin\u0117.<\/p>\n<p>\u201eBaz\u0117je teb\u0117ra aktyviosios tarnybos kari\u0173 ir daug svarbi\u0173 pareigybi\u0173 einan\u010di\u0173 darbuotoj\u0173, kurie d\u0117l visame pasaulyje vykstan\u010di\u0173 misij\u0173 turi toliau dirbti savo darb\u0105\u201c, \u2013 naujien\u0173 agent\u016brai AFP paai\u0161kino kredito unijos \u201eCobalt\u201c valdybos pirmininkas ir generalinis direktorius Robinas Larsonas.<\/p>\n<p>Kai vyriausyb\u0117 paskutin\u012f kart\u0105 buvo sustabd\u017eiusi savo darb\u0105, \u0161i kredito unija pad\u0117jo t\u016bkstan\u010diams savo nari\u0173, o nuo spalio 1 d. jau yra gavusi kelet\u0105 parai\u0161k\u0173 naujoms paskoloms gauti.<\/p>\n<p>Sunkumai d\u0117l b\u016bsto paskol\u0173?<\/p>\n<p>Pasak agent\u016bros AFP kalbint\u0173 b\u016bsto paskol\u0173 brokeri\u0173, nors did\u017eiausi\u0105 vyriausyb\u0117s darbo sustabdymo poveik\u012f jau\u010dia valstyb\u0117s tarnautojai, gali b\u016bti, kad netrukus su juo susidurs ir daugelis priva\u010diojo sektoriaus darbuotoj\u0173.<\/p>\n<p>Pasak \u010carlstone (Piet\u0173 Karolina) \u012fsik\u016brusio brokerio Alexo St. Pierre&#8217;o, vyriausyb\u0117s darbo sustabdymo poveikis b\u016bsto paskol\u0173 rinkai grei\u010diausiai pasireik\u0161 tuo, kad sul\u0117t\u0117s skolinimo procesas.<\/p>\n<p>Tik\u0117tina, kad, daugeliui valstybini\u0173 skolintoj\u0173 \u0161iuo metu neveikiant, nukent\u0117s ir draudimas nuo potvyni\u0173, kuris kai kuriose JAV pakran\u010di\u0173 teritorijose yra labai svarbus, tod\u0117l paskol\u0173 gav\u0117jai gali b\u016bti priversti ie\u0161koti brangesni\u0173 variant\u0173 priva\u010diame sektoriuje, naujien\u0173 agent\u016brai AFP sak\u0117 jis.<\/p>\n<p>Pasak jo, b\u016bsto paskol\u0173 ie\u0161kantys vyriausyb\u0117s darbuotojai susiduria su papildomu spaudimu ir, be kita ko, realia gr\u0117sme, kad prezidento Donaldo Trumpo administracija gali atleisti juos i\u0161 darbo. Be to, kol j\u0173 \u017einybos bus u\u017edarytos, ilgiau u\u017etruks ir tapatyb\u0117s patikrinimo procesas.<\/p>\n","protected":false},"excerpt":{"rendered":"Po spalio 1 d., kai buvo sustabdytas vyriausyb\u0117s darbas, \u0161imtai t\u016bkstan\u010di\u0173 federalini\u0173 darbuotoj\u0173 buvo i\u0161leisti atostog\u0173, o tiems,&hellip;\n","protected":false},"author":2,"featured_media":13907,"comment_status":"","ping_status":"","sticky":false,"template":"","format":"standard","meta":{"footnotes":""},"categories":[15],"tags":[25,30,31,34,35,24,223,32,33,37,39,36,38,40,23,22,44,28,29,26,27,74,75,76],"class_list":{"0":"post-13906","1":"post","2":"type-post","3":"status-publish","4":"format-standard","5":"has-post-thumbnail","7":"category-pasaulis","8":"tag-antrastes","9":"tag-breaking-news","10":"tag-breakingnews","11":"tag-featured-news","12":"tag-featurednews","13":"tag-headlines","14":"tag-jav","15":"tag-latest-news","16":"tag-latestnews","17":"tag-lietuva","18":"tag-lietuviu","19":"tag-lithuania","20":"tag-lithuanian","21":"tag-lt","22":"tag-naujienos","23":"tag-news","24":"tag-pasaulis","25":"tag-populiariausios-naujienos","26":"tag-populiariausiosnaujienos","27":"tag-top-stories","28":"tag-topstories","29":"tag-world","30":"tag-world-news","31":"tag-worldnews"},"share_on_mastodon":{"url":"","error":""},"_links":{"self":[{"href":"https:\/\/www.europesays.com\/lt\/wp-json\/wp\/v2\/posts\/13906","targetHints":{"allow":["GET"]}}],"collection":[{"href":"https:\/\/www.europesays.com\/lt\/wp-json\/wp\/v2\/posts"}],"about":[{"href":"https:\/\/www.europesays.com\/lt\/wp-json\/wp\/v2\/types\/post"}],"author":[{"embeddable":true,"href":"https:\/\/www.europesays.com\/lt\/wp-json\/wp\/v2\/users\/2"}],"replies":[{"embeddable":true,"href":"https:\/\/www.europesays.com\/lt\/wp-json\/wp\/v2\/comments?post=13906"}],"version-history":[{"count":0,"href":"https:\/\/www.europesays.com\/lt\/wp-json\/wp\/v2\/posts\/13906\/revisions"}],"wp:featuredmedia":[{"embeddable":true,"href":"https:\/\/www.europesays.com\/lt\/wp-json\/wp\/v2\/media\/13907"}],"wp:attachment":[{"href":"https:\/\/www.europesays.com\/lt\/wp-json\/wp\/v2\/media?parent=13906"}],"wp:term":[{"taxonomy":"category","embeddable":true,"href":"https:\/\/www.europesays.com\/lt\/wp-json\/wp\/v2\/categories?post=13906"},{"taxonomy":"post_tag","embeddable":true,"href":"https:\/\/www.europesays.com\/lt\/wp-json\/wp\/v2\/tags?post=13906"}],"curies":[{"name":"wp","href":"https:\/\/api.w.org\/{rel}","templated":true}]}}