{"id":139380,"date":"2026-03-27T13:35:14","date_gmt":"2026-03-27T13:35:14","guid":{"rendered":"https:\/\/www.europesays.com\/lt\/139380\/"},"modified":"2026-03-27T13:35:14","modified_gmt":"2026-03-27T13:35:14","slug":"lavrovas-jav-siekia-kontroliuoti-dujotieki-nord-stream-respublika-lt","status":"publish","type":"post","link":"https:\/\/www.europesays.com\/lt\/139380\/","title":{"rendered":"Lavrovas: JAV siekia kontroliuoti dujotiek\u012f \u201eNord Stream\u201c &#8211; Respublika.lt"},"content":{"rendered":"<p><img loading=\"lazy\" decoding=\"async\" src=\"https:\/\/www.respublika.lt\/lt\/naujienos\/pasaulis\/pasaulio_politika\/lavrovas-jav-siekia-kontroliuoti-dujotieki-nord-stream\/images\/ico_camera_white.gif\" class=\"camera\" width=\"22\" height=\"15\" alt=\"nuotr.\" style=\"position:relative; top:-2px; right:2px;\"\/> 1 nuotr.<\/p>\n<p>Sergejus Lavrovas. EPA-Eltos nuotr.<\/p>\n<p style=\"text-align: justify;\" class=\"desktop_banner\">\u00a0<\/p>\n<p style=\"text-align: left;\">\u00a0<\/p>\n<p style=\"text-align: left;\">Pasak naujien\u0173 agent\u016bros \u201eReuters\u201c, duodamas interviu transliuotojui \u201eFrance T\u00e9l\u00e9visions\u201c, S. Lavrovas parei\u0161k\u0117, kad Va\u0161ingtonas dabar \u201esako norintis perimti dujotiekius \u201eNord Stream\u201c, nors joki\u0173 detali\u0173 ar \u012frodym\u0173 \u0161iam teiginiui pagr\u012fsti nepateik\u0117.<\/p>\n<p style=\"text-align: left;\">\u0160ios ministro \u012f\u017evalgos pasigirdo tuo metu, kai dujotiekiai, kurie anks\u010diau buvo pagrindinis Rusijos duj\u0173 tiekimo \u012f Europ\u0105 mar\u0161rutas, po 2022 m. rugs\u0117jo m\u0117nes\u012f \u012fvykusi\u0173 sprogim\u0173, i\u0161 esm\u0117s vis dar neveikia.<\/p>\n<p style=\"text-align: left;\">Po Baltijos j\u016bra nutiestas dujotiekis \u201eNord Stream\u201c buvo \u012frengtas tam, kad juo tiesiogiai \u012f Vokietij\u0105 ir Europ\u0105 b\u016bt\u0173 tiekiamos Rusijos gamtin\u0117s dujos.<\/p>\n<p style=\"text-align: left;\">2022 m. nugriaud\u0117j\u0119 sprogimai smarkiai apgadino vamzdyno infrastrukt\u016br\u0105, fakti\u0161kai atkirsdami svarb\u0173 energijos tiekimo koridori\u0173 ir tuo pat metu dar labiau paa\u0161trindami energijos tiekimo kriz\u0119 Europoje.<\/p>\n<p style=\"text-align: left;\">Nors, santykiams su Vakarais prast\u0117jant, Rusija jau buvo apribojusi duj\u0173 tiekim\u0105, \u0161is sabota\u017eo aktas l\u0117m\u0117, kad Europa \u0117m\u0117 spar\u010diau atsiriboti nuo rusi\u0161kos energijos.<\/p>\n<p style=\"text-align: left;\">\u0160io incidento tyrimai t\u0119siasi jau kelerius metus, juos vykdo keletas \u0161ali\u0173.<\/p>\n<p style=\"text-align: left;\">Tiek Rusija, tiek Vakar\u0173 valstybi\u0173 vyriausyb\u0117s \u0161iuos sprogimus laiko sabota\u017eu, ta\u010diau jokia galutin\u0117 i\u0161vada kol jas vie\u0161ai paskelbta nebuvo.<\/p>\n<p style=\"text-align: left;\">Pra\u0117jusiais metais Italijoje buvo sulaikytas Ukrainos pilietis, \u012ftariamas \u0161i\u0173 i\u0161puoli\u0173 koordinavimu, o tai dar labiau apsunkino \u0161i\u0105 byl\u0105.<\/p>\n<p style=\"text-align: left;\">S. Lavrovas savo kaltinimus parei\u0161k\u0117 platesniame kontekste, neva Jungtin\u0117s Valstijos siekia dominuoti pasaulio energetikos rinkose.<\/p>\n<p style=\"text-align: left;\">Jis pamin\u0117jo JAV veiksmus tokiose \u0161alyse kaip Venesuela ir Iranas, teigdamas, kad Va\u0161ingtonas visame pasaulyje ple\u010dia savo \u012ftak\u0105 strateginiams energetikos objektams.<\/p>\n<p style=\"text-align: left;\">Ta\u010diau jis nepateik\u0117 konkre\u010di\u0173 \u012frodym\u0173, kurie tiesiogiai susiet\u0173 JAV vyriausyb\u0119 su kokiais nors bandymais kontroliuoti dujotiek\u012f \u201eNord Stream\u201c.<\/p>\n<p style=\"text-align: left;\">Nors S. Lavrovas pla\u010diau savo parei\u0161kim\u0173 nekomentavo, pirmiau b\u016bt\u0105 prane\u0161im\u0173, kad \u0161iuo dujotiekiu domisi keletas priva\u010diojo sektoriaus atstov\u0173.<\/p>\n<p style=\"text-align: left;\">2024 m. dienra\u0161tis \u201eThe Wall Street Journal\u201c prane\u0161\u0117, kad amerikie\u010di\u0173 investuotojas Stephenas P. Lynchas svarsto galimyb\u0119 \u012fsigyti dujotiek\u012f \u201eNord Stream 2\u201c, kurio viena linija teb\u0117ra sveika.<\/p>\n<p style=\"text-align: left;\">S. Lynchas kreip\u0117si \u012f JAV vyriausyb\u0119, pra\u0161ydamas leidimo prad\u0117ti derybas d\u0117l sandorio, teigdamas, kad nuosavyb\u0117s teis\u0117 gal\u0117t\u0173 tapti strateginiu svertu b\u016bsimose geopolitin\u0117se derybose.<\/p>\n<p style=\"text-align: left;\">Tuo tarpu joki\u0173 \u012frodym\u0173, kad JAV vyriausyb\u0117 b\u016bt\u0173 \u0117musi koki\u0173 nors oficiali\u0173 veiksm\u0173 perimti dujotiekio kontrol\u0119, n\u0117ra.<\/p>\n","protected":false},"excerpt":{"rendered":"1 nuotr. Sergejus Lavrovas. EPA-Eltos nuotr. \u00a0 \u00a0 Pasak naujien\u0173 agent\u016bros \u201eReuters\u201c, duodamas interviu transliuotojui \u201eFrance T\u00e9l\u00e9visions\u201c, S.&hellip;\n","protected":false},"author":2,"featured_media":139381,"comment_status":"","ping_status":"","sticky":false,"template":"","format":"standard","meta":{"footnotes":"","_share_on_mastodon":"0"},"categories":[15],"tags":[25,30,31,1787,34,35,24,223,32,33,2024,37,39,36,38,40,23,22,19684,44,28,29,119,26,27,74,75,76],"class_list":["post-139380","post","type-post","status-publish","format-standard","has-post-thumbnail","category-pasaulis","tag-antrastes","tag-breaking-news","tag-breakingnews","tag-dujos","tag-featured-news","tag-featurednews","tag-headlines","tag-jav","tag-latest-news","tag-latestnews","tag-lavrovas","tag-lietuva","tag-lietuviu","tag-lithuania","tag-lithuanian","tag-lt","tag-naujienos","tag-news","tag-nordstream","tag-pasaulis","tag-populiariausios-naujienos","tag-populiariausiosnaujienos","tag-rusija","tag-top-stories","tag-topstories","tag-world","tag-world-news","tag-worldnews"],"share_on_mastodon":{"url":"https:\/\/pubeurope.com\/@lt\/116301406272006486","error":""},"_links":{"self":[{"href":"https:\/\/www.europesays.com\/lt\/wp-json\/wp\/v2\/posts\/139380","targetHints":{"allow":["GET"]}}],"collection":[{"href":"https:\/\/www.europesays.com\/lt\/wp-json\/wp\/v2\/posts"}],"about":[{"href":"https:\/\/www.europesays.com\/lt\/wp-json\/wp\/v2\/types\/post"}],"author":[{"embeddable":true,"href":"https:\/\/www.europesays.com\/lt\/wp-json\/wp\/v2\/users\/2"}],"replies":[{"embeddable":true,"href":"https:\/\/www.europesays.com\/lt\/wp-json\/wp\/v2\/comments?post=139380"}],"version-history":[{"count":0,"href":"https:\/\/www.europesays.com\/lt\/wp-json\/wp\/v2\/posts\/139380\/revisions"}],"wp:featuredmedia":[{"embeddable":true,"href":"https:\/\/www.europesays.com\/lt\/wp-json\/wp\/v2\/media\/139381"}],"wp:attachment":[{"href":"https:\/\/www.europesays.com\/lt\/wp-json\/wp\/v2\/media?parent=139380"}],"wp:term":[{"taxonomy":"category","embeddable":true,"href":"https:\/\/www.europesays.com\/lt\/wp-json\/wp\/v2\/categories?post=139380"},{"taxonomy":"post_tag","embeddable":true,"href":"https:\/\/www.europesays.com\/lt\/wp-json\/wp\/v2\/tags?post=139380"}],"curies":[{"name":"wp","href":"https:\/\/api.w.org\/{rel}","templated":true}]}}