{"id":13943,"date":"2025-10-09T13:48:08","date_gmt":"2025-10-09T13:48:08","guid":{"rendered":"https:\/\/www.europesays.com\/lt\/13943\/"},"modified":"2025-10-09T13:48:08","modified_gmt":"2025-10-09T13:48:08","slug":"putinas-pripazino-kad-rusija-prisidejo-prie-azerbaidzano-lektuvo-katastrofos","status":"publish","type":"post","link":"https:\/\/www.europesays.com\/lt\/13943\/","title":{"rendered":"Putinas pripa\u017eino, kad Rusija prisid\u0117jo prie Azerbaid\u017eano l\u0117ktuvo katastrofos"},"content":{"rendered":"<p>Per susitikim\u0105 su Azerbaid\u017eano prezidentu <a rel=\"noopener nofollow\" target=\"_blank\" href=\"https:\/\/www.delfi.lt\/temos\/ilhamas-alijevas\" tag-id=\"49724360\">Ilhamu Alijevu<\/a> V. Putinas teig\u0117, kad Rusija incidento nakt\u012f paleido raket\u0173, kad sunaikint\u0173 Ukrainos dronus ir kad jos sprogo \u201eu\u017e keleto metr\u0173\u201c nuo l\u0117ktuvo.<\/p>\n<p>\u201eRusija padarys visk\u0105, kas b\u016btina tokiais tragi\u0161kais atvejais, kad atlygint\u0173 \u017eal\u0105, o vis\u0173 pareig\u016bn\u0173 veiksmai bus teisi\u0161kai \u012fvertinti\u201c, \u2013 parei\u0161k\u0117 Rusijos lyderis.<\/p>\n<p> \u201eAzerbaijan Airlines\u201c l\u0117ktuvas Kazachstane sudu\u017eo 2024 met\u0173 gruod\u017eio 25 dien\u0105. Per katastrof\u0105 \u017euvo 38 \u017emon\u0117s. <\/p>\n<p>Komercinis orlaivis \u201eEmbraer 190\u201c skrido i\u0161 Azerbaid\u017eano sostin\u0117s Baku \u012f Grozn\u0105 \u2013 Rusijos \u010ce\u010d\u0117nijos respublikos sostin\u0119. Juo keliavo 67 \u017emon\u0117s, \u012fskaitant penkis \u012fgulos narius. <\/p>\n<p>L\u0117ktuvas nukrypo link Kaspijos j\u016bros ir v\u0117liau sudu\u017eo netoli Aktau miesto Kazachstane. L\u0117ktuvo katastrof\u0105 i\u0161gyveno 29 \u017emon\u0117s, keli i\u0161 j\u0173 buvo sunkiai su\u017eeisti. <\/p>\n","protected":false},"excerpt":{"rendered":"Per susitikim\u0105 su Azerbaid\u017eano prezidentu Ilhamu Alijevu V. Putinas teig\u0117, kad Rusija incidento nakt\u012f paleido raket\u0173, kad sunaikint\u0173&hellip;\n","protected":false},"author":2,"featured_media":13944,"comment_status":"","ping_status":"","sticky":false,"template":"","format":"standard","meta":{"footnotes":""},"categories":[15],"tags":[25,30,31,34,35,24,4977,4978,32,33,37,39,36,38,40,23,22,44,28,29,26,27,120,74,75,76],"class_list":{"0":"post-13943","1":"post","2":"type-post","3":"status-publish","4":"format-standard","5":"has-post-thumbnail","7":"category-pasaulis","8":"tag-antrastes","9":"tag-breaking-news","10":"tag-breakingnews","11":"tag-featured-news","12":"tag-featurednews","13":"tag-headlines","14":"tag-ilhamas-alijevas","15":"tag-kazachstane-nukrito-azerbaidzano-lektuvas","16":"tag-latest-news","17":"tag-latestnews","18":"tag-lietuva","19":"tag-lietuviu","20":"tag-lithuania","21":"tag-lithuanian","22":"tag-lt","23":"tag-naujienos","24":"tag-news","25":"tag-pasaulis","26":"tag-populiariausios-naujienos","27":"tag-populiariausiosnaujienos","28":"tag-top-stories","29":"tag-topstories","30":"tag-vladimiras-putinas","31":"tag-world","32":"tag-world-news","33":"tag-worldnews"},"share_on_mastodon":{"url":"","error":""},"_links":{"self":[{"href":"https:\/\/www.europesays.com\/lt\/wp-json\/wp\/v2\/posts\/13943","targetHints":{"allow":["GET"]}}],"collection":[{"href":"https:\/\/www.europesays.com\/lt\/wp-json\/wp\/v2\/posts"}],"about":[{"href":"https:\/\/www.europesays.com\/lt\/wp-json\/wp\/v2\/types\/post"}],"author":[{"embeddable":true,"href":"https:\/\/www.europesays.com\/lt\/wp-json\/wp\/v2\/users\/2"}],"replies":[{"embeddable":true,"href":"https:\/\/www.europesays.com\/lt\/wp-json\/wp\/v2\/comments?post=13943"}],"version-history":[{"count":0,"href":"https:\/\/www.europesays.com\/lt\/wp-json\/wp\/v2\/posts\/13943\/revisions"}],"wp:featuredmedia":[{"embeddable":true,"href":"https:\/\/www.europesays.com\/lt\/wp-json\/wp\/v2\/media\/13944"}],"wp:attachment":[{"href":"https:\/\/www.europesays.com\/lt\/wp-json\/wp\/v2\/media?parent=13943"}],"wp:term":[{"taxonomy":"category","embeddable":true,"href":"https:\/\/www.europesays.com\/lt\/wp-json\/wp\/v2\/categories?post=13943"},{"taxonomy":"post_tag","embeddable":true,"href":"https:\/\/www.europesays.com\/lt\/wp-json\/wp\/v2\/tags?post=13943"}],"curies":[{"name":"wp","href":"https:\/\/api.w.org\/{rel}","templated":true}]}}