{"id":139919,"date":"2026-03-28T08:33:03","date_gmt":"2026-03-28T08:33:03","guid":{"rendered":"https:\/\/www.europesays.com\/lt\/139919\/"},"modified":"2026-03-28T08:33:03","modified_gmt":"2026-03-28T08:33:03","slug":"izraelis-numuse-raketa-saudo-arabijoje-suzeisti-jav-kariai","status":"publish","type":"post","link":"https:\/\/www.europesays.com\/lt\/139919\/","title":{"rendered":"Izraelis numu\u0161\u0117 raket\u0105, Saudo Arabijoje su\u017eeisti JAV kariai"},"content":{"rendered":"<p>Raketa i\u0161 Jemeno atskrido pirm\u0105 kart\u0105 po to, kai vasario m\u0117nes\u012f Izraelis ir JAV prad\u0117jo <a rel=\"noopener nofollow\" target=\"_blank\" href=\"https:\/\/www.delfi.lt\/temos\/irano-karas\" tag-id=\"96616870\">kar\u0105 prie\u0161 Iran\u0105<\/a>. D\u0117l to nerimaujama, kad Irano remiami Jemeno <a rel=\"noopener nofollow\" target=\"_blank\" href=\"https:\/\/www.delfi.lt\/temos\/irano-karas\" tag-id=\"96616870\">hu\u010di\u0173 sukil\u0117liai<\/a> gali prisijungti prie karo.<\/p>\n<p>Prie\u0161 kelis metus, kai 2023 m. spal\u012f Gazos Ruo\u017ee prasid\u0117jo <a rel=\"noopener nofollow\" target=\"_blank\" href=\"https:\/\/www.delfi.lt\/temos\/karas-izraelyje\" tag-id=\"94744641\">Izraelio karas<\/a> prie\u0161 islamist\u0173 grupuot\u0119 \u201e<a rel=\"noopener nofollow\" target=\"_blank\" href=\"https:\/\/www.delfi.lt\/temos\/hamas\" tag-id=\"52951645\">Hamas<\/a>\u201c, hu\u010diai puldavo laivus Raudonojoje j\u016broje ir trikd\u0117 laivyb\u0105.<\/p>\n<p>Penktadien\u012f pagrasin\u0119s stiprinti ir pl\u0117sti Irano bombardavimo kampanij\u0105, Izraelis netrukus smog\u0117 Irano branduoliniams objektams.<\/p>\n<p>Iranas pa\u017ead\u0117jo u\u017e tai atker\u0161yti ir atakavo karin\u0119 baz\u0119 Saudo Arabijoje, kur buvo su\u017eeisti ma\u017eiausiai 15 JAV kari\u0173, o 5 i\u0161 j\u0173 \u2013 sunkiai.<\/p>\n<p>Iranas prie\u0161 Saudo Arabijos Princo Sultono karini\u0173 oro paj\u0117g\u0173 baz\u0119 penktadien\u012f paleido 6 balistines raketas ir 29 dronus.<\/p>\n<p>Omanas taip pat prane\u0161\u0117, kad \u0161e\u0161tadienio ryt\u0105 Iranas atakavo Salalos uost\u0105, kur buvo su\u017eeistas u\u017esienietis darbininkas.<\/p>\n<p>Valstybin\u0117 \u0161alies \u017einiasklaida teig\u0117, kad per dviej\u0173 dron\u0173 atak\u0105 taip pat buvo apgadintas kranas.<\/p>\n<p>\u0160e\u0161tadienio ryt\u0105 Bahreine skamb\u0117jo oro pavojaus sirenos, \u012fsp\u0117jan\u010dios apie galim\u0105 atak\u0105.<\/p>\n<p>Vidaus reikal\u0173 ministras ragino \u017emones sl\u0117ptis ar\u010diausiai esan\u010dioje saugioje vietoje.<\/p>\n","protected":false},"excerpt":{"rendered":"Raketa i\u0161 Jemeno atskrido pirm\u0105 kart\u0105 po to, kai vasario m\u0117nes\u012f Izraelis ir JAV prad\u0117jo kar\u0105 prie\u0161 Iran\u0105.&hellip;\n","protected":false},"author":2,"featured_media":139920,"comment_status":"","ping_status":"","sticky":false,"template":"","format":"standard","meta":{"footnotes":"","_share_on_mastodon":"0"},"categories":[6],"tags":[25,30,31,3346,34,35,805,24,22271,553,21773,32,33,37,39,36,38,40,23,22,28,29,26,27],"class_list":["post-139919","post","type-post","status-publish","format-standard","has-post-thumbnail","category-antrastes","tag-antrastes","tag-breaking-news","tag-breakingnews","tag-elta-uzsienio-naujiena","tag-featured-news","tag-featurednews","tag-hamas","tag-headlines","tag-irano-karas","tag-izraelis","tag-karas-izraelyje","tag-latest-news","tag-latestnews","tag-lietuva","tag-lietuviu","tag-lithuania","tag-lithuanian","tag-lt","tag-naujienos","tag-news","tag-populiariausios-naujienos","tag-populiariausiosnaujienos","tag-top-stories","tag-topstories"],"share_on_mastodon":{"url":"https:\/\/pubeurope.com\/@lt\/116305880919362638","error":""},"_links":{"self":[{"href":"https:\/\/www.europesays.com\/lt\/wp-json\/wp\/v2\/posts\/139919","targetHints":{"allow":["GET"]}}],"collection":[{"href":"https:\/\/www.europesays.com\/lt\/wp-json\/wp\/v2\/posts"}],"about":[{"href":"https:\/\/www.europesays.com\/lt\/wp-json\/wp\/v2\/types\/post"}],"author":[{"embeddable":true,"href":"https:\/\/www.europesays.com\/lt\/wp-json\/wp\/v2\/users\/2"}],"replies":[{"embeddable":true,"href":"https:\/\/www.europesays.com\/lt\/wp-json\/wp\/v2\/comments?post=139919"}],"version-history":[{"count":0,"href":"https:\/\/www.europesays.com\/lt\/wp-json\/wp\/v2\/posts\/139919\/revisions"}],"wp:featuredmedia":[{"embeddable":true,"href":"https:\/\/www.europesays.com\/lt\/wp-json\/wp\/v2\/media\/139920"}],"wp:attachment":[{"href":"https:\/\/www.europesays.com\/lt\/wp-json\/wp\/v2\/media?parent=139919"}],"wp:term":[{"taxonomy":"category","embeddable":true,"href":"https:\/\/www.europesays.com\/lt\/wp-json\/wp\/v2\/categories?post=139919"},{"taxonomy":"post_tag","embeddable":true,"href":"https:\/\/www.europesays.com\/lt\/wp-json\/wp\/v2\/tags?post=139919"}],"curies":[{"name":"wp","href":"https:\/\/api.w.org\/{rel}","templated":true}]}}