{"id":139935,"date":"2026-03-28T08:53:10","date_gmt":"2026-03-28T08:53:10","guid":{"rendered":"https:\/\/www.europesays.com\/lt\/139935\/"},"modified":"2026-03-28T08:53:10","modified_gmt":"2026-03-28T08:53:10","slug":"vitalijus-digrevicius-pasaulio-geopolitinis-veidas-respublika-lt","status":"publish","type":"post","link":"https:\/\/www.europesays.com\/lt\/139935\/","title":{"rendered":"Vitalijus DIGREVI\u010cIUS: Pasaulio geopolitinis veidas &#8211; Respublika.lt"},"content":{"rendered":"<p><img loading=\"lazy\" decoding=\"async\" src=\"https:\/\/www.respublika.lt\/lt\/naujienos\/nuomones_ir_komentarai\/isklausyk-respublika\/vitalijus-digrevicius-pasaulio-geopolitinis-veidas\/images\/ico_camera_white.gif\" class=\"camera\" width=\"22\" height=\"15\" alt=\"nuotr.\" style=\"position:relative; top:-2px; right:2px;\"\/> 1 nuotr.<\/p>\n<p>Asociatyvi Freepik nuotr.<\/p>\n<p>Kaip visada m\u0117nesiui \u012f pabaig\u0105 sus\u0117dom su Lietu\u010diu prie nealkoholinio whiskey taur\u0117s aptarti pasaulio \u012fvyki\u0173. Paprastai po toki\u0173 pasis\u0117d\u0117jim\u0173 pasaulio geopolitinis veidas stipriai praskaidr\u0117davo. <\/p>\n<p>&#8211; Gird\u0117jai, Gorm\u016bz\u0105 jau \u017eada i\u0161laisvinti. T\u0105, prie Arabijos.<\/p>\n<p>&#8211; M\u016bs\u0173 laikais kaime girt\u0105 Vaciuk\u0105 Gorm\u016bzu vadindavo. Matai, kitas prie Arabijos atsirado.<\/p>\n<p>&#8211; Ne tas. \u010cia kalba eina apie naft\u0105, dyzelin\u0105.<\/p>\n<p>&#8211; Jo, su dyzelinu prastai. Bet a\u0161 jau radau i\u0161eit\u012f &#8211; aliej\u0173 mai\u0161au su pigiu aviaciniu kuru, tai radarai grei\u010dio nebefiksuoja. 2,8 macho audin\u0117 traukia.<\/p>\n<p>&#8211; A\u0161 tai \u017eadu jiems ten visiems pretenzij\u0105 para\u0161yti. Lietuvos vardu.<\/p>\n<p>&#8211; Kad tu j\u0173 pa\u0161to ne\u017einai.<\/p>\n<p>&#8211; \u017dinau &#8211; \u201enatanyahoo&#8221;. O tu i\u0161 kur aviacinio gauni?<\/p>\n<p>&#8211; A tu \u0161iaulie\u010dio dar klausi. Anks\u010diau tai dyzelin\u0105 per pus\u0119 su aliejumi skied\u017eiau. Koks gavosi neblogas kvapas: sustojau prie Kelm\u0117s savivaldyb\u0117s, bom\u017eai susirinko, galvojo, labdarai blynus kas dalina.<\/p>\n<p>&#8211; Kaip ten sustojai? Ten \u017eenklas &#8211; \u201eTik ne\u012fgaliems&#8221;.<\/p>\n<p>&#8211; Tai viena tokia fig\u016bringa darbuotoja ir paklaus\u0117: \u201eAr j\u016bs ne\u012fgalus?&#8221;. Sakau: \u201eKaip vyras jums a\u0161 visi\u0161kai \u012fgalus, tik bi\u0161k\u012f invalidas esu&#8221;. Nu\u0117jo, nieko nepasakius.<\/p>\n<p>&#8211; Jo, jo, \u010dia dabar jokio ai\u0161kumo su tais terminais.<\/p>\n<p>&#8211; Kokio dar ai\u0161kumo reikia? Kai ruden\u012f nuimin\u0117davom derli\u0173, mani\u0161k\u0117 man\u0119s gail\u0117davo: \u201eAri kaip negras, o k\u0105 turi i\u0161 to?&#8221;. O kai po derliaus pabaigtuvi\u0173 u\u017ebaliavodavau pas Vinc\u0105 kelias paras, priekai\u0161taudavo: \u201eAr nam\u0173 kaip \u010digonas neturi&#8221;. Ir nieko, visi aplink suprasdavo ir \u201enegr\u0105&#8221;, ir \u201e\u010digon\u0105&#8221;. 22 Europos kalbose \u010digonas yra \u010digonas, o lietuvi\u0173 &#8211; ka\u017ekokia nes\u0105mon\u0117. Kaip su Taivanu. Seniau niekas nesikabin\u0117davo, kad \u017eod\u017eiai netinkami, ne tai, kad kokia \u201ekurva&#8221; vadint\u0173, nors tai daba yra \u012fteisintas \u017eodis. T\u0105 \u017emon\u0117s da\u017enai vartodavo. Ir dar t\u0105,.. apie du vyrus. Daba neleid\u017eia.<\/p>\n<p>&#8211; Kartais u\u017e kok\u012f \u017eod\u012f nety\u010dia gali baud\u0105 ir net \u012f snuk\u012f gauti.<\/p>\n<p>&#8211; Vo, vo, tod\u0117l \u017eaidimas tarp i\u0161g\u0117rusi\u0173 vyr\u0173 yra vadinamas snukeriu.<\/p>\n<p>&#8211; O kas \u0161iaip naujesnio?<\/p>\n<p>&#8211; Gali pasveikinti &#8211; sodyb\u0105 prie Kap\u010diamies\u010dio nusipirkau.<\/p>\n<p>&#8211; A durnas?<\/p>\n<p>&#8211; Ko durnas? Ta sodyba &#8211; keturi pamatiniai akmenys ir \u0161ulinys apgriuv\u0119s. Dabar laukiu kompensacij\u0173. O gal a\u0161 ten gyvent susiruo\u0161iau, proseneli\u0173 atminimui.<\/p>\n<p>&#8211; O kaip \u0161eima?<\/p>\n<p>&#8211; \u010cia kaip toj proto \u017eaidimo grandin\u0117l\u0117j: pakilo benzino kainos &#8211; pakilo maisto &#8211; nebeu\u017etenka pa\u0161alpos &#8211; mano Marytei isterika &#8211; tr\u016bksta pinig\u0173 vaiko r\u016bbams &#8211; prie vaiko mokykloj pradeda priekabiauti &#8211; einam su uo\u0161ve pas direktori\u0173 &#8211; uo\u0161vei infarktas &#8211; direktoriui koma &#8211; eil\u0117s pas medikus &#8211; prisigeriu &#8211; viskas susitvarko.<\/p>\n<p>&#8211; Tai dar visai neblogai gyvenat. Na, tai dar po vien\u0105 nealkoholinio.<\/p>\n<p>Ryte visos pasaulio problemos nuslinko \u012f \u0161al\u012f, tapo nebe tiek aktualiomis, nes \u017eiauriai suskaudo galv\u0105.<\/p>\n","protected":false},"excerpt":{"rendered":"1 nuotr. Asociatyvi Freepik nuotr. Kaip visada m\u0117nesiui \u012f pabaig\u0105 sus\u0117dom su Lietu\u010diu prie nealkoholinio whiskey taur\u0117s aptarti&hellip;\n","protected":false},"author":2,"featured_media":139936,"comment_status":"","ping_status":"","sticky":false,"template":"","format":"standard","meta":{"footnotes":"","_share_on_mastodon":"0"},"categories":[17],"tags":[81,374,4085,4752,14665,37,39,36,38,40,44,46],"class_list":["post-139935","post","type-post","status-publish","format-standard","has-post-thumbnail","category-verslas","tag-business","tag-digrevicius","tag-feljetonas","tag-geopolitika","tag-kapciamiestis","tag-lietuva","tag-lietuviu","tag-lithuania","tag-lithuanian","tag-lt","tag-pasaulis","tag-verslas"],"share_on_mastodon":{"url":"https:\/\/pubeurope.com\/@lt\/116305959549007628","error":""},"_links":{"self":[{"href":"https:\/\/www.europesays.com\/lt\/wp-json\/wp\/v2\/posts\/139935","targetHints":{"allow":["GET"]}}],"collection":[{"href":"https:\/\/www.europesays.com\/lt\/wp-json\/wp\/v2\/posts"}],"about":[{"href":"https:\/\/www.europesays.com\/lt\/wp-json\/wp\/v2\/types\/post"}],"author":[{"embeddable":true,"href":"https:\/\/www.europesays.com\/lt\/wp-json\/wp\/v2\/users\/2"}],"replies":[{"embeddable":true,"href":"https:\/\/www.europesays.com\/lt\/wp-json\/wp\/v2\/comments?post=139935"}],"version-history":[{"count":0,"href":"https:\/\/www.europesays.com\/lt\/wp-json\/wp\/v2\/posts\/139935\/revisions"}],"wp:featuredmedia":[{"embeddable":true,"href":"https:\/\/www.europesays.com\/lt\/wp-json\/wp\/v2\/media\/139936"}],"wp:attachment":[{"href":"https:\/\/www.europesays.com\/lt\/wp-json\/wp\/v2\/media?parent=139935"}],"wp:term":[{"taxonomy":"category","embeddable":true,"href":"https:\/\/www.europesays.com\/lt\/wp-json\/wp\/v2\/categories?post=139935"},{"taxonomy":"post_tag","embeddable":true,"href":"https:\/\/www.europesays.com\/lt\/wp-json\/wp\/v2\/tags?post=139935"}],"curies":[{"name":"wp","href":"https:\/\/api.w.org\/{rel}","templated":true}]}}