{"id":139953,"date":"2026-03-28T09:13:08","date_gmt":"2026-03-28T09:13:08","guid":{"rendered":"https:\/\/www.europesays.com\/lt\/139953\/"},"modified":"2026-03-28T09:13:08","modified_gmt":"2026-03-28T09:13:08","slug":"apsaudyta-civiline-infrastruktura-odesoje-suzeistas-vaikas","status":"publish","type":"post","link":"https:\/\/www.europesays.com\/lt\/139953\/","title":{"rendered":"Ap\u0161audyta civilin\u0117 infrastrukt\u016bra Odesoje, su\u017eeistas vaikas"},"content":{"rendered":"<p>Odesos karin\u0117s administracijos vadovas Serhijus Lysakas savo <a rel=\"noopener nofollow\" target=\"_blank\" href=\"https:\/\/t.me\/odesaMVA\/1668\" data-rel-date-range=\"[]\">\u201eTelegram\u201c paskyroje prane\u0161\u0117<\/a>, kad Primorsko rajone pataikyta \u012f gimdymo nam\u0173 stog\u0105. Laimei, personalas ir pacientai sp\u0117jo pasisl\u0117pti.<\/p>\n<p>Taip pat <a rel=\"noopener nofollow\" target=\"_blank\" href=\"https:\/\/www.delfi.lt\/temos\/dronu-ataka\" tag-id=\"96605544\">drono atakos<\/a> apgriauti daugiaauk\u0161\u010dio pastato ketvirtas ir penktas auk\u0161tai. \u012evairiose rajono vietose sprogimo sm\u016bgio banga i\u0161mu\u0161\u0117 langus. Gyvenamuosiuose namuose \u012fsipliesk\u0117 ir gaisrai.<\/p>\n<p>V\u0117liau <a rel=\"noopener nofollow\" target=\"_blank\" href=\"https:\/\/t.me\/odesaMVA\/1669\" data-rel-date-range=\"[]\">S. Lysakas papild\u0117<\/a>, kad su\u017ealoti septyni \u017emon\u0117s. Dviej\u0173 b\u016bkl\u0117 rimta, su\u017eeistas ir vaikas.<\/p>\n<p>Prane\u0161ta ir apie tris apgriautas mokymo \u012fstaigas. Kitame rajone taip pat apgriautas daugiaauk\u0161tis, auk\u0173 nenustatyta.<\/p>\n<p>Emergency and municipal services are working on the ground.<\/p>\n","protected":false},"excerpt":{"rendered":"Odesos karin\u0117s administracijos vadovas Serhijus Lysakas savo \u201eTelegram\u201c paskyroje prane\u0161\u0117, kad Primorsko rajone pataikyta \u012f gimdymo nam\u0173 stog\u0105.&hellip;\n","protected":false},"author":2,"featured_media":139954,"comment_status":"","ping_status":"","sticky":false,"template":"","format":"standard","meta":{"footnotes":"","_share_on_mastodon":"0"},"categories":[15],"tags":[25,30,31,1182,34,35,24,121,32,33,37,39,36,38,40,23,22,3215,44,28,29,24357,26,27,74,75,76],"class_list":["post-139953","post","type-post","status-publish","format-standard","has-post-thumbnail","category-pasaulis","tag-antrastes","tag-breaking-news","tag-breakingnews","tag-dronu-ataka","tag-featured-news","tag-featurednews","tag-headlines","tag-karas-ukrainoje","tag-latest-news","tag-latestnews","tag-lietuva","tag-lietuviu","tag-lithuania","tag-lithuanian","tag-lt","tag-naujienos","tag-news","tag-odesa","tag-pasaulis","tag-populiariausios-naujienos","tag-populiariausiosnaujienos","tag-raketu-ataka","tag-top-stories","tag-topstories","tag-world","tag-world-news","tag-worldnews"],"share_on_mastodon":{"url":"https:\/\/pubeurope.com\/@lt\/116306038232351785","error":""},"_links":{"self":[{"href":"https:\/\/www.europesays.com\/lt\/wp-json\/wp\/v2\/posts\/139953","targetHints":{"allow":["GET"]}}],"collection":[{"href":"https:\/\/www.europesays.com\/lt\/wp-json\/wp\/v2\/posts"}],"about":[{"href":"https:\/\/www.europesays.com\/lt\/wp-json\/wp\/v2\/types\/post"}],"author":[{"embeddable":true,"href":"https:\/\/www.europesays.com\/lt\/wp-json\/wp\/v2\/users\/2"}],"replies":[{"embeddable":true,"href":"https:\/\/www.europesays.com\/lt\/wp-json\/wp\/v2\/comments?post=139953"}],"version-history":[{"count":0,"href":"https:\/\/www.europesays.com\/lt\/wp-json\/wp\/v2\/posts\/139953\/revisions"}],"wp:featuredmedia":[{"embeddable":true,"href":"https:\/\/www.europesays.com\/lt\/wp-json\/wp\/v2\/media\/139954"}],"wp:attachment":[{"href":"https:\/\/www.europesays.com\/lt\/wp-json\/wp\/v2\/media?parent=139953"}],"wp:term":[{"taxonomy":"category","embeddable":true,"href":"https:\/\/www.europesays.com\/lt\/wp-json\/wp\/v2\/categories?post=139953"},{"taxonomy":"post_tag","embeddable":true,"href":"https:\/\/www.europesays.com\/lt\/wp-json\/wp\/v2\/tags?post=139953"}],"curies":[{"name":"wp","href":"https:\/\/api.w.org\/{rel}","templated":true}]}}