{"id":140704,"date":"2026-03-29T10:35:18","date_gmt":"2026-03-29T10:35:18","guid":{"rendered":"https:\/\/www.europesays.com\/lt\/140704\/"},"modified":"2026-03-29T10:35:18","modified_gmt":"2026-03-29T10:35:18","slug":"kauno-rajone-sulaikyta-porele-uz-kompiuteri-sumokejusi-padirbtais-eurais","status":"publish","type":"post","link":"https:\/\/www.europesays.com\/lt\/140704\/","title":{"rendered":"Kauno rajone sulaikyta porel\u0117, u\u017e kompiuter\u012f sumok\u0117jusi padirbtais eurais"},"content":{"rendered":"<p>Kauno apskrities vyriausiojo policijos komisariato duomenimis, kovo 28 d. 13 val. Kauno rajone Vij\u016bk\u0173 kaime, pas vyr\u0105 (gimus\u012f 1993 m.) pirkti kompiuterio atvyk\u0119 nepa\u017e\u012fstami asmenys u\u017e prek\u0119 atsiskait\u0117 galimai padirbtomis kupi\u016bromis. <\/p>\n<p>Pirk\u0117jai su kompiuteriu i\u0161va\u017eiavo automobiliu \u201eVW Tiguan\u201c. Policija nustat\u0117, kad tai \u2013 1992 m. gim\u0119s vyras ir 1996 m. gimusi moteris. Patikrinus j\u0173 automobil\u012f, jame rastas ne tik prane\u0161\u0117jo kompiuteris, bet ir daugiau \u012ftariama suklastot\u0173   eur\u0173 kupi\u016br\u0173.  <\/p>\n<p>\u012etariamieji asmenys sulaikyti ir u\u017edaryti \u012f are\u0161tin\u0119.<\/p>\n","protected":false},"excerpt":{"rendered":"Kauno apskrities vyriausiojo policijos komisariato duomenimis, kovo 28 d. 13 val. Kauno rajone Vij\u016bk\u0173 kaime, pas vyr\u0105 (gimus\u012f&hellip;\n","protected":false},"author":2,"featured_media":140705,"comment_status":"","ping_status":"","sticky":false,"template":"","format":"standard","meta":{"footnotes":"","_share_on_mastodon":"0"},"categories":[13],"tags":[25,30,31,34,35,24,18122,32,33,37,39,36,38,40,23,22,24445,28,29,26,27],"class_list":["post-140704","post","type-post","status-publish","format-standard","has-post-thumbnail","category-lietuva","tag-antrastes","tag-breaking-news","tag-breakingnews","tag-featured-news","tag-featurednews","tag-headlines","tag-klastotes","tag-latest-news","tag-latestnews","tag-lietuva","tag-lietuviu","tag-lithuania","tag-lithuanian","tag-lt","tag-naujienos","tag-news","tag-padirbti-pinigai","tag-populiariausios-naujienos","tag-populiariausiosnaujienos","tag-top-stories","tag-topstories"],"share_on_mastodon":{"url":"https:\/\/pubeurope.com\/@lt\/116312022907081154","error":""},"_links":{"self":[{"href":"https:\/\/www.europesays.com\/lt\/wp-json\/wp\/v2\/posts\/140704","targetHints":{"allow":["GET"]}}],"collection":[{"href":"https:\/\/www.europesays.com\/lt\/wp-json\/wp\/v2\/posts"}],"about":[{"href":"https:\/\/www.europesays.com\/lt\/wp-json\/wp\/v2\/types\/post"}],"author":[{"embeddable":true,"href":"https:\/\/www.europesays.com\/lt\/wp-json\/wp\/v2\/users\/2"}],"replies":[{"embeddable":true,"href":"https:\/\/www.europesays.com\/lt\/wp-json\/wp\/v2\/comments?post=140704"}],"version-history":[{"count":0,"href":"https:\/\/www.europesays.com\/lt\/wp-json\/wp\/v2\/posts\/140704\/revisions"}],"wp:featuredmedia":[{"embeddable":true,"href":"https:\/\/www.europesays.com\/lt\/wp-json\/wp\/v2\/media\/140705"}],"wp:attachment":[{"href":"https:\/\/www.europesays.com\/lt\/wp-json\/wp\/v2\/media?parent=140704"}],"wp:term":[{"taxonomy":"category","embeddable":true,"href":"https:\/\/www.europesays.com\/lt\/wp-json\/wp\/v2\/categories?post=140704"},{"taxonomy":"post_tag","embeddable":true,"href":"https:\/\/www.europesays.com\/lt\/wp-json\/wp\/v2\/tags?post=140704"}],"curies":[{"name":"wp","href":"https:\/\/api.w.org\/{rel}","templated":true}]}}