{"id":141350,"date":"2026-03-30T08:05:42","date_gmt":"2026-03-30T08:05:42","guid":{"rendered":"https:\/\/www.europesays.com\/lt\/141350\/"},"modified":"2026-03-30T08:05:42","modified_gmt":"2026-03-30T08:05:42","slug":"izraelio-policija-neileido-kardinolo-i-bazilika-svesti-verbu-sekmadienio-respublika-lt","status":"publish","type":"post","link":"https:\/\/www.europesays.com\/lt\/141350\/","title":{"rendered":"Izraelio policija ne\u012fleido kardinolo \u012f bazilik\u0105 \u0161v\u0119sti Verb\u0173 sekmadienio &#8211; Respublika.lt"},"content":{"rendered":"<p><img loading=\"lazy\" decoding=\"async\" src=\"https:\/\/www.respublika.lt\/lt\/naujienos\/pasaulis\/kitos_pasaulio_naujienos\/izraelio-policija-neileido-kardinolo-i-bazilika-svesti-verbu-sekmadienio\/images\/ico_camera_white.gif\" class=\"camera\" width=\"22\" height=\"15\" alt=\"nuotr.\" style=\"position:relative; top:-2px; right:2px;\"\/> 1 nuotr.<\/p>\n<p>Pierbattista Pizzaballa. EPA &#8211; Eltos nuotr.<\/p>\n<p style=\"text-align: justify;\" class=\"desktop_banner\">\u00a0<\/p>\n<p style=\"text-align: left;\">\u00a0<\/p>\n<p style=\"text-align: left;\">Kardinolas Pierbattista Pizzaballa, lydimas Francesco Ielpo, pranci\u0161kon\u0173 vienuolyno, pri\u017ei\u016brin\u010dio \u0161vent\u0105sias vietas Jeruzal\u0117je, vadovo, buvo sustabdytas prie ba\u017eny\u010dios \u012f\u0117jimo Jeruzal\u0117s senamiestyje ir papra\u0161ytas pasi\u0161alinti.<\/p>\n<p style=\"text-align: left;\">Jeruzal\u0117s Lotyn\u0173 patriarchatas, tvarkantis Katalik\u0173 Ba\u017eny\u010dios reikalus \u0160ventojoje \u017dem\u0117je, parei\u0161k\u0117, kad \u0161is incidentas \u201esukuria pavojing\u0105 precedent\u0105 ir nepaiso milijard\u0173 \u017emoni\u0173 visame pasaulyje jausm\u0173, nes j\u0173 \u017evilgsnis \u0161i\u0105 savait\u0119 nukreiptas \u012f Jeruzal\u0119\u201c.<\/p>\n<p style=\"text-align: left;\">Verb\u0173 sekmadienis yra svarbi data katalikams \u2013 ji \u017eymi J\u0117zaus \u012f\u017eengim\u0105 \u012f Jeruzal\u0119 prie\u0161 jo nukry\u017eiavim\u0105 Did\u012fj\u012f penktadien\u012f ir prisik\u0117lim\u0105 Velyk\u0173 sekmadien\u012f, kuris \u0161iemet \u0161ven\u010diamas baland\u017eio 5 dien\u0105.<\/p>\n<p style=\"text-align: left;\">Izraelio policija prane\u0161\u0117, kad visos \u0161ventosios vietos Jeruzal\u0117s senamiestyje \u0161iuo metu yra u\u017edarytos saugumo sumetimais d\u0117l karo su Iranu, ypa\u010d tos, kurios neturi \u201estandartini\u0173 apsaugot\u0173 erdvi\u0173\u201c.<\/p>\n<p style=\"text-align: left;\">Policija teig\u0117, kad Pizzaballos pra\u0161ymas buvo per\u017ei\u016br\u0117tas ankstesn\u0119 dien\u0105 ir atmestas laikantis civilin\u0117s saugos priemoni\u0173.<\/p>\n<p style=\"text-align: left;\">Senamies\u010dio teritorija yra \u201esud\u0117tinga\u201c skubios pagalbos tarnyboms pasiekti, tod\u0117l kyla \u201ereali gr\u0117sm\u0117 \u017emoni\u0173 gyvybei\u201c. Nepaisant sprendimo ne\u012fleisti kardinolo, policija pabr\u0117\u017e\u0117, kad laikosi religijos laisv\u0117s principo, atsi\u017evelgiant \u012f b\u016btinas ribojimo priemones.<\/p>\n<p style=\"text-align: left;\">Lotyn\u0173 patriarchatas teig\u0117, kad Pizzaballa ir Ielpo laik\u0117si vis\u0173 nuo karo su Iranu prad\u017eios vasario 28 dien\u0105 nustatyt\u0173 apribojim\u0173 ir \u012f ba\u017eny\u010di\u0105 vyko priva\u010diai, be \u012fprastos procesijos.<\/p>\n<p style=\"text-align: left;\">Italijos ministr\u0117 pirminink\u0117 Giorgia Meloni pasmerk\u0117 policijos veiksmus prie\u0161 Pizzaball\u0105 ir Ielpo, abu Italijos pilie\u010dius, pavadindama juos \u201e\u012f\u017eeidimu ne tik tikintiesiems, bet ir kiekvienai bendruomenei, pripa\u017e\u012fstan\u010diai religijos laisv\u0119\u201c.<\/p>\n<p style=\"text-align: left;\">Italijos u\u017esienio reikal\u0173 ministras Antonio Tajani parei\u0161k\u0117, kad pirmadien\u012f \u012f U\u017esienio reikal\u0173 ministerij\u0105 bus i\u0161kviestas Izraelio ambasadorius Italijoje, kad paai\u0161kint\u0173 \u0161\u012f sprendim\u0105.<\/p>\n","protected":false},"excerpt":{"rendered":"1 nuotr. Pierbattista Pizzaballa. EPA &#8211; Eltos nuotr. \u00a0 \u00a0 Kardinolas Pierbattista Pizzaballa, lydimas Francesco Ielpo, pranci\u0161kon\u0173 vienuolyno,&hellip;\n","protected":false},"author":2,"featured_media":141351,"comment_status":"","ping_status":"","sticky":false,"template":"","format":"standard","meta":{"footnotes":"","_share_on_mastodon":"0"},"categories":[15],"tags":[25,30,31,34,35,24,553,32,33,37,39,36,38,40,23,22,44,28,29,24509,26,27,4428,24508,74,75,76],"class_list":["post-141350","post","type-post","status-publish","format-standard","has-post-thumbnail","category-pasaulis","tag-antrastes","tag-breaking-news","tag-breakingnews","tag-featured-news","tag-featurednews","tag-headlines","tag-izraelis","tag-latest-news","tag-latestnews","tag-lietuva","tag-lietuviu","tag-lithuania","tag-lithuanian","tag-lt","tag-naujienos","tag-news","tag-pasaulis","tag-populiariausios-naujienos","tag-populiariausiosnaujienos","tag-sekmadienis","tag-top-stories","tag-topstories","tag-vatikanas","tag-verbu","tag-world","tag-world-news","tag-worldnews"],"share_on_mastodon":{"url":"https:\/\/pubeurope.com\/@lt\/116317095458060597","error":""},"_links":{"self":[{"href":"https:\/\/www.europesays.com\/lt\/wp-json\/wp\/v2\/posts\/141350","targetHints":{"allow":["GET"]}}],"collection":[{"href":"https:\/\/www.europesays.com\/lt\/wp-json\/wp\/v2\/posts"}],"about":[{"href":"https:\/\/www.europesays.com\/lt\/wp-json\/wp\/v2\/types\/post"}],"author":[{"embeddable":true,"href":"https:\/\/www.europesays.com\/lt\/wp-json\/wp\/v2\/users\/2"}],"replies":[{"embeddable":true,"href":"https:\/\/www.europesays.com\/lt\/wp-json\/wp\/v2\/comments?post=141350"}],"version-history":[{"count":0,"href":"https:\/\/www.europesays.com\/lt\/wp-json\/wp\/v2\/posts\/141350\/revisions"}],"wp:featuredmedia":[{"embeddable":true,"href":"https:\/\/www.europesays.com\/lt\/wp-json\/wp\/v2\/media\/141351"}],"wp:attachment":[{"href":"https:\/\/www.europesays.com\/lt\/wp-json\/wp\/v2\/media?parent=141350"}],"wp:term":[{"taxonomy":"category","embeddable":true,"href":"https:\/\/www.europesays.com\/lt\/wp-json\/wp\/v2\/categories?post=141350"},{"taxonomy":"post_tag","embeddable":true,"href":"https:\/\/www.europesays.com\/lt\/wp-json\/wp\/v2\/tags?post=141350"}],"curies":[{"name":"wp","href":"https:\/\/api.w.org\/{rel}","templated":true}]}}