{"id":141863,"date":"2026-03-30T20:54:06","date_gmt":"2026-03-30T20:54:06","guid":{"rendered":"https:\/\/www.europesays.com\/lt\/141863\/"},"modified":"2026-03-30T20:54:06","modified_gmt":"2026-03-30T20:54:06","slug":"ismestu-ellips-pakuociu-istorija-pagal-dizainere-r-rimgailaite-ir-ant-podiumo-ir-prie-altoriaus","status":"publish","type":"post","link":"https:\/\/www.europesays.com\/lt\/141863\/","title":{"rendered":"I\u0161mest\u0173 \u201eEllips\u201c pakuo\u010di\u0173 istorija pagal dizainer\u0119 R. Rimgailait\u0119: ir ant podiumo, ir prie altoriaus"},"content":{"rendered":"<p>Per trejus metus \u0161i iniciatyva i\u0161 vienkartin\u0117s id\u0117jos i\u0161augo \u012f t\u0119stin\u012f k\u016brybin\u012f proces\u0105, apjungiant\u012f mad\u0105, tvarum\u0105 ir bendruomen\u0119. Projektas neapsiriboja vien kostium\u0173 k\u016brimu \u2013 jis tampa istorija, kuri kasmet pasipildo naujais sluoksniais, \u012ftraukia vis daugiau \u017emoni\u0173 ir formuoja naujus \u012fpro\u010dius.<\/p>\n<p>    <img decoding=\"async\" src=\"https:\/\/www.europesays.com\/lt\/wp-content\/uploads\/2026\/03\/a1b5eb8a-ab36-42e7-9a54-32351bad18a7.jpg\" loading=\"lazy\" alt=\"Riga Fashion Week 2024\"\/>    <\/p>\n<p>Menas i\u0161 to, kas jau panaudota<\/p>\n<p>Projekto esm\u0117 \u2013 panaudot\u0173 \u201eEllips\u201c tepam\u0173 vitamin\u0173 plaukams plok\u0161teli\u0173 prik\u0117limas naujam gyvenimui. \u0160ias pakuotes \u012f \u201eDrogas\u201c parduotuves kasmet atne\u0161a patys produkto vartotojai, taip tapdami neatsiejama k\u016brybinio proceso dalimi. I\u0161 j\u0173, drabu\u017ei\u0173 dizainer\u0117s Rimant\u0117s Rimgailait\u0117s d\u0117ka, gimsta i\u0161skirtiniai k\u016briniai, kurie jau buvo pristatyti tiek Lietuvoje, tiek did\u017eiausiame mados renginyje Baltijos \u0161alyse \u2013 Rygos mados savait\u0117je.<\/p>\n<p>       <img decoding=\"async\" src=\"https:\/\/www.europesays.com\/lt\/wp-content\/uploads\/2026\/03\/7a2dba1b-e0c4-4f68-b58a-3f64920ca4b0.jpg\" loading=\"lazy\" alt=\"Dizainer\u0117 Rimant\u0117 Rimgailait\u0117\"\/>    <\/p>\n<p>Na, o vienas i\u0161 \u0161i\u0173 k\u016brini\u0173 per\u017eeng\u0117 podiumo ribas. I\u0161 surinkt\u0173 pakuo\u010di\u0173 sukurta vestuvin\u0117 suknel\u0117 tapo tikr\u0173 vestuvi\u0173 dalimi \u2013 j\u0105 vilk\u0117dama nuotaka i\u0161tar\u0117 svarbiausi\u0105 gyvenimo \u201etaip\u201c, tokiu b\u016bdu simboli\u0161kai sujungdama tvarius santykius ir tvar\u0173 po\u017ei\u016br\u012f \u012f aplink\u0105. \u0160i istorija tapo gyvu \u012frodymu, kad tvarus menas gali b\u016bti ne tik konceptualus, bet ir prasmingai integruotas \u012f \u017emoni\u0173 gyvenimus.<\/p>\n<p>Tvarumas yra ry\u0161ki dizainer\u0117s R.Rimgailait\u0117s k\u016brybinio identiteto dalis ir jos pa\u010dios vertybinis pagrindas: \u201eManau, kad \u0161iais laikais kiekvienas k\u016br\u0117jas ir jo vystomas prek\u0117s \u017eenklas turi galvoti apie savo vertybin\u012f kompas\u0105, o mani\u0161kis kvie\u010dia atkreipti d\u0117mes\u012f \u012f atsaking\u0105 vartojim\u0105. Viena i\u0161 form\u0173 tai pasiekti \u2013 kurti i\u0161 antrini\u0173 \u017ealiav\u0173 ir a\u0161 tai darau tiek \u0161iame projekte, tiek savo k\u016brybin\u0117je veikloje apskritai. \u0160iuo metu kuriu jau tre\u010diaj\u012f tvar\u0173 kostium\u0105, kuris stilisti\u0161kai bus visai kitoks nei du ankstesni \u2013 labiau orientuotas \u012f gatv\u0117s mad\u0105, ry\u0161kesnis, spalvingesnis. Neabejoju, nustebinsime.\u201c<\/p>\n<p>       <img decoding=\"async\" src=\"https:\/\/www.europesays.com\/lt\/wp-content\/uploads\/2026\/03\/8177653e-2ddd-4721-a4f6-23a6f0ec47e2.jpg\" loading=\"lazy\" alt=\"Riga Fashion Week 2024\"\/>    <\/p>\n<p>Tvarumas \u2013 ne tik kampanija<\/p>\n<p>Per trejus metus jau sukurti du unikal\u016bs kostiumai, o netrukus i\u0161vysime ir tre\u010di\u0105j\u012f, ta\u010diau \u0161io projekto t\u0119stinumas atsiskleid\u017eia ne tik rezultatuose, bet ir pa\u010diame bendradarbiavime.<\/p>\n<p>    <img decoding=\"async\" src=\"https:\/\/www.europesays.com\/lt\/wp-content\/uploads\/2026\/03\/19780ad8-8e24-43b6-991b-1f34e37f7248.jpg\" loading=\"lazy\" alt=\"Agn\u0117 Jankut\u0117\"\/>    <\/p>\n<p>\u201eEllips\u201c prek\u0117s \u017eenklo rinkodaros vadov\u0117 Agn\u0117 Jankut\u0117 pabr\u0117\u017eia, kad tvarumas rei\u0161kia kur kas daugiau nei med\u017eiagas ar sprendimus: \u201eTvarumas \u2013 mums ne tik komunikacijos kryptis, bet ir vertybinis pagrindas. Jis siejasi su ilgaam\u017ei\u0161kumu, atsakingu vartojimu ir s\u0105moningu po\u017ei\u016briu \u012f aplink\u0105. Mums svarbu kurti ne trumpalaikes iniciatyvas, o t\u0119stin\u012f projekt\u0105, kuris augt\u0173 kartu su prek\u0117s \u017eenklu ir jo bendruomene. Savo veikloje tvarumo principus integruojame \u012fvairiais lygmenimis. Vienas ry\u0161kiausi\u0173 pavyzd\u017ei\u0173 \u2013 panaudot\u0173 tepam\u0173 vitamin\u0173 plaukams pakuo\u010di\u0173 surinkimas ir j\u0173 prik\u0117limas naujam gyvenimui per men\u0105 bei dizain\u0105. Taip pat siekiame ma\u017einti atliek\u0173 kiek\u012f \u2013 produkcija neturi antrini\u0173 pakuo\u010di\u0173, kurios vos gavus produkt\u0105 yra i\u0161metamos, na, o siuntoms pakuoti yra naudojamas tik perdirbamas popierius. Kalbant apie pa\u010dius produktus, tepam\u0173 vitamin\u0173 plaukams kapsul\u0117s yra biologi\u0161kai suyran\u010dios. Tvarum\u0105 stipriname ir per veiklos efektyvum\u0105 \u2013 automatizuoti procesai bei optimizuota logistika leid\u017eia ne tik ma\u017einti ka\u0161tus, bet ir prisideda prie atsakingesnio resurs\u0173 naudojimo, ma\u017eesni\u0173 transportavimo apim\u010di\u0173 ir ma\u017eesnio poveikio aplinkai. \u017dinoma, tvarumo filosofija atsispindi ne tik produktuose, bet ir kompanijos \u017emon\u0117se, kurie kuria \u0161\u012f prek\u0117s \u017eenkl\u0105 \u2013 j\u0173 gyvenimo filosofijoje, santykiuose bei kasdieniuose pasirinkimuose.\u201c<\/p>\n<p>       <img decoding=\"async\" src=\"https:\/\/www.europesays.com\/lt\/wp-content\/uploads\/2026\/03\/98edbee0-31af-4cda-bf1a-bffa1f069f95.jpg\" loading=\"lazy\" alt=\"Ellips\"\/>    <\/p>\n<p>Tvar\u016bs santykiai<\/p>\n<p>\u012edomu tai, kad dizainer\u0117s R.Rimgailait\u0117s ir plauk\u0173 prie\u017ei\u016bros prek\u0117s \u017eenklo draugyst\u0117 t\u0119siasi i\u0161ties ilg\u0105 laik\u0105 \u2013 juk daugelis kiekvien\u0105 sezon\u0105 rinkt\u0173si kolaboruoti vis su kitu k\u016br\u0117ju ir taip pritraukti vis naujas auditorijas, ta\u010diau A.Jankut\u0117 tikina, kad tvarumas santykiuose ne ma\u017eiau svarbus nei vartojant daiktus: \u201eTre\u010di\u0105 kart\u0105 tvar\u0173 kostium\u0105 kuriame bendradarbiaudami su Rimante, nes ilgalaik\u0117 partneryst\u0117 leid\u017eia kurti gilesn\u0119, nuoseklesn\u0119 istorij\u0105. Bendradarbiaujant su ta pa\u010dia dizainere atsiranda galimyb\u0117 auginti id\u0117j\u0105, tobulinti k\u016brybinius sprendimus ir i\u0161laikyti atpa\u017e\u012fstam\u0105 projekto identitet\u0105. Tai taip pat atspindi m\u016bs\u0173 po\u017ei\u016br\u012f \u012f tvarum\u0105 \u2013 vertiname ne vienkartines kolaboracijas, o ilgalaikius ry\u0161ius, pasitik\u0117jim\u0105 ir bendr\u0105 vertybin\u012f pagrind\u0105. Tokia partneryst\u0117 leid\u017eia projektui tapti ne akcija, o tradicija. Projektas kasmet sulaukia vis didesnio visuomen\u0117s d\u0117mesio. Pavyzd\u017eiui, pernai surinkt\u0173 panaudot\u0173 pakuo\u010di\u0173 kiekis i\u0161augo net de\u0161imt kart\u0173 \u2013 tai rodo, kad \u017emon\u0117ms svarbu b\u016bti prasming\u0173 iniciatyv\u0173 dalimi, o pats projektas ilgainiui tampa ne tik kampanija, bet ir \u012fpro\u010dio dalimi\u201c, \u2013 pasakoja Agn\u0117 Jankut\u0117.<\/p>\n<p>       <img decoding=\"async\" src=\"https:\/\/www.europesays.com\/lt\/wp-content\/uploads\/2026\/03\/d2cf49db-4da8-4871-a350-89969e735ab3.jpg\" loading=\"lazy\" alt=\"Ellips\"\/>    <\/p>\n<p>Kvietimas prisid\u0117ti<\/p>\n<p>Naujo k\u016brybinio etapo prad\u017ei\u0105 \u017eymi ir simbolinis kvietimas visuomenei. Nuo kovo 26 d. iki bir\u017eelio 26 d. \u201eDrogas\u201c parduotuv\u0117se galima gr\u0105\u017einti panaudotas \u201eEllips\u201c tepam\u0173 vitamin\u0173 plaukams pakuotes ir taip prisid\u0117ti prie naujo k\u016brinio gimimo. Tai paprastas, bet prasmingas veiksmas, kuris tampa didesn\u0117s istorijos dalimi.<\/p>\n<p>Projektas primena \u2013 tvarumas nesibaigia i\u0161metus ar perdirbus. Jis t\u0119siasi per m\u016bs\u0173 kasdieninius pasirinkimus, \u012fpro\u010dius ir geb\u0117jim\u0105 matyti vert\u0119 ten, kur kiti mato atliekas bei kvie\u010dia rinkti, gr\u0105\u017einti ir \u012fkv\u0117pti poky\u010diui.<\/p>\n<p>    <img decoding=\"async\" src=\"https:\/\/www.europesays.com\/lt\/wp-content\/uploads\/2026\/03\/f8f1b05f-36b8-495d-8d48-92da254df8f1.jpg\" loading=\"lazy\" alt=\"Ellips\"\/>      <\/p>\n<p>Prane\u0161im\u0105 pareng\u0117 Ellips. U\u017e pateiktos informacijos atitikim\u0105 tikrovei ir teis\u0117tum\u0105 atsako prane\u0161imo reng\u0117jas.<\/p>\n","protected":false},"excerpt":{"rendered":"Per trejus metus \u0161i iniciatyva i\u0161 vienkartin\u0117s id\u0117jos i\u0161augo \u012f t\u0119stin\u012f k\u016brybin\u012f proces\u0105, apjungiant\u012f mad\u0105, tvarum\u0105 ir bendruomen\u0119.&hellip;\n","protected":false},"author":2,"featured_media":141864,"comment_status":"","ping_status":"","sticky":false,"template":"","format":"standard","meta":{"footnotes":"","_share_on_mastodon":"0"},"categories":[13],"tags":[25,30,31,34,35,24,32,33,37,39,36,38,40,2655,23,22,28,29,26,27,6771],"class_list":["post-141863","post","type-post","status-publish","format-standard","has-post-thumbnail","category-lietuva","tag-antrastes","tag-breaking-news","tag-breakingnews","tag-featured-news","tag-featurednews","tag-headlines","tag-latest-news","tag-latestnews","tag-lietuva","tag-lietuviu","tag-lithuania","tag-lithuanian","tag-lt","tag-mada","tag-naujienos","tag-news","tag-populiariausios-naujienos","tag-populiariausiosnaujienos","tag-top-stories","tag-topstories","tag-tvarumas"],"share_on_mastodon":{"url":"https:\/\/pubeurope.com\/@lt\/116320119368263644","error":""},"_links":{"self":[{"href":"https:\/\/www.europesays.com\/lt\/wp-json\/wp\/v2\/posts\/141863","targetHints":{"allow":["GET"]}}],"collection":[{"href":"https:\/\/www.europesays.com\/lt\/wp-json\/wp\/v2\/posts"}],"about":[{"href":"https:\/\/www.europesays.com\/lt\/wp-json\/wp\/v2\/types\/post"}],"author":[{"embeddable":true,"href":"https:\/\/www.europesays.com\/lt\/wp-json\/wp\/v2\/users\/2"}],"replies":[{"embeddable":true,"href":"https:\/\/www.europesays.com\/lt\/wp-json\/wp\/v2\/comments?post=141863"}],"version-history":[{"count":0,"href":"https:\/\/www.europesays.com\/lt\/wp-json\/wp\/v2\/posts\/141863\/revisions"}],"wp:featuredmedia":[{"embeddable":true,"href":"https:\/\/www.europesays.com\/lt\/wp-json\/wp\/v2\/media\/141864"}],"wp:attachment":[{"href":"https:\/\/www.europesays.com\/lt\/wp-json\/wp\/v2\/media?parent=141863"}],"wp:term":[{"taxonomy":"category","embeddable":true,"href":"https:\/\/www.europesays.com\/lt\/wp-json\/wp\/v2\/categories?post=141863"},{"taxonomy":"post_tag","embeddable":true,"href":"https:\/\/www.europesays.com\/lt\/wp-json\/wp\/v2\/tags?post=141863"}],"curies":[{"name":"wp","href":"https:\/\/api.w.org\/{rel}","templated":true}]}}