{"id":142518,"date":"2026-03-31T16:24:14","date_gmt":"2026-03-31T16:24:14","guid":{"rendered":"https:\/\/www.europesays.com\/lt\/142518\/"},"modified":"2026-03-31T16:24:14","modified_gmt":"2026-03-31T16:24:14","slug":"init-nutraukia-televizijos-kanalu-veikla-respublika-lt","status":"publish","type":"post","link":"https:\/\/www.europesays.com\/lt\/142518\/","title":{"rendered":"\u201eInit\u201c nutraukia televizijos kanal\u0173 veikl\u0105 &#8211; Respublika.lt"},"content":{"rendered":"<p><img loading=\"lazy\" decoding=\"async\" src=\"https:\/\/www.respublika.lt\/lt\/naujienos\/lietuva\/verslas\/init-nutraukia-televizijos-kanalu-veikla\/images\/ico_camera_white.gif\" class=\"camera\" width=\"22\" height=\"15\" alt=\"nuotr.\" style=\"position:relative; top:-2px; right:2px;\"\/> 1 nuotr.<\/p>\n<p>Asociatyvi Freepik nuotr.<\/p>\n<p style=\"text-align: left;\">Telekomunikacij\u0173 bendrov\u0117 \u201eInit\u201c baland\u017eio pabaigoje nutraukia televizijos kanal\u0173 \u201eInit TV\u201c, \u201eInit Ekstra TV\u201c ir \u201ePlay TV\u201c veikl\u0105.<\/p>\n<p style=\"text-align: justify;\" class=\"desktop_banner\">\u00a0<\/p>\n<p style=\"text-align: left;\">\u00a0<\/p>\n<p style=\"text-align: left;\">\u201eInit\u201c generalinio direktoriaus pavaduotoja Laima Servut\u0117 teigia, kad tai strateginis sprendimas, siekiant efektyvinti \u012fmon\u0117s veikl\u0105.\u00a0<\/p>\n<p style=\"text-align: left;\">\u201eMatome, kad klient\u0173 \u012fpro\u010diai kei\u010diasi, tod\u0117l norime koncentruotis \u012f sprendimus, kurie jiems kuria did\u017eiausi\u0105 vert\u0119 \u2013 patog\u0173 turinio \u017ei\u016br\u0117jim\u0105, kokybi\u0161k\u0105 ry\u0161\u012f ir \u0161iuolaikines platformas\u201c, \u2013 prane\u0161ime cituojama L. Servut\u0117.<\/p>\n<p style=\"text-align: left;\">Anot \u012fmon\u0117s, vietoje nutraukiam\u0173 televizijos kanal\u0173 klientams bus pasi\u016blyti kiti kanalai, o televizijos paslaugos ir toliau bus vystomos tiek tradiciniais b\u016bdais, tiek per i\u0161maniuosius sprendimus.\u00a0<\/p>\n<p style=\"text-align: left;\">Bendrov\u0117 \u201eInit\u201c yra viena did\u017eiausi\u0173 lietuvi\u0161ko kapitalo telekomunikacij\u0173 bendrovi\u0173 Lietuvoje, daugiau nei 35 metus veikianti ry\u0161io paslaug\u0173 rinkoje ir nuosekliai vystanti modernias technologijas bei klientams skirtus sprendimus.<\/p>\n<p>Naujausios \u017einios<\/p>\n<p><\/p>\n<p>        <a href=\"https:\/\/www.respublika.lt\/lt\/naujienos\/pasaulis\/kitos_pasaulio_naujienos\/hegsethas-artimiausios-dienos-irano-kare-bus-lemiamos\/\" rel=\"nofollow noopener\" target=\"_blank\"><img decoding=\"async\" oncontextmenu=\"return false\" class=\"block_item_newest_photo\" src=\"https:\/\/www.respublika.lt\/lt\/naujienos\/lietuva\/verslas\/init-nutraukia-televizijos-kanalu-veikla\/uploads\/img\/catalog\/1\/photo_for_homepage_1_22707637.jpg\" alt=\"\" width=\"240\" height=\"154.45\"\/><\/a><\/p>\n<p>        <a href=\"https:\/\/www.respublika.lt\/lt\/naujienos\/lietuva\/lietuvos_politika\/prezidentura-lietuva-nejaucia-jav-spaudimo-del-baltarusisku-trasu-tranzito-atnaujinimo\/\" rel=\"nofollow noopener\" target=\"_blank\"><img decoding=\"async\" oncontextmenu=\"return false\" class=\"block_item_newest_photo\" src=\"https:\/\/www.respublika.lt\/lt\/naujienos\/lietuva\/verslas\/init-nutraukia-televizijos-kanalu-veikla\/uploads\/img\/catalog\/1\/photo_for_homepage_1_75928294.jpg\" alt=\"\" width=\"240\" height=\"154.45\"\/><\/a><\/p>\n<p>Patiko straipsnis? Leisk mums apie tai su\u017einoti. Nepamir\u0161k pasidalinti Facebook! <\/p>\n<p><img loading=\"lazy\" decoding=\"async\" class=\"p2_social_circle_icon\" src=\"https:\/\/www.respublika.lt\/images\/thumbs_up.svg\" width=\"21\" height=\"22\" alt=\"L\"\/><\/p>\n<p><img loading=\"lazy\" decoding=\"async\" class=\"p2_social_circle_icon\" src=\"https:\/\/www.respublika.lt\/images\/facebook.svg\" alt=\"F\" width=\"22\" height=\"22\" style=\"filter: invert(37%) sepia(55%) saturate(2351%) hue-rotate(187deg) brightness(102%) contrast(106%);\"\/><\/p>\n<p>&#13;<br \/>\n\tNesutinkate &#8211; diskutuokime!<br \/>&#13;<br \/>\n\tNepykite komentatoriai, bet komentarai su keiksma\u017eod\u017eiais bus \u0161alinami automati\u0161kai, be atsipra\u0161ymo.\n    <\/p>\n<p>&#13;<br \/>\n              Respublika.lt pasilieka teis\u0119 pa\u0161alinti nekult\u016bringus, keiksma\u017eod\u017eiais pagardintus, su tema nesusijusius, kito asmens vardu pasira\u0161ytus, \u012fstatymus pa\u017eeid\u017eian\u010dius, \u0161lam\u0161t\u0105 reklamuojan\u010dius ar nusikalsti kurstan\u010dius komentarus. Jei kurstysite smurt\u0105, rasin\u0119, tautin\u0119, religin\u0119 ar kitokio pob\u016bd\u017eio neapykant\u0105, \u017evirbliu i\u0161skrid\u0119 j\u016bs\u0173 \u017eod\u017eiai gr\u012f\u017edami gali virsti ton\u0105 sverian\u010diu jau\u010diu &#8211; specialiosioms Lietuvos tarnyboms pareikalavus suteiksime j\u016bs\u0173 duomenis.\n            <\/p>\n","protected":false},"excerpt":{"rendered":"1 nuotr. Asociatyvi Freepik nuotr. Telekomunikacij\u0173 bendrov\u0117 \u201eInit\u201c baland\u017eio pabaigoje nutraukia televizijos kanal\u0173 \u201eInit TV\u201c, \u201eInit Ekstra TV\u201c&hellip;\n","protected":false},"author":2,"featured_media":142519,"comment_status":"","ping_status":"","sticky":false,"template":"","format":"standard","meta":{"footnotes":"","_share_on_mastodon":"0"},"categories":[13],"tags":[25,30,31,34,35,24,24615,9042,32,33,37,39,36,38,40,23,22,28,29,26,27,7413],"class_list":["post-142518","post","type-post","status-publish","format-standard","has-post-thumbnail","category-lietuva","tag-antrastes","tag-breaking-news","tag-breakingnews","tag-featured-news","tag-featurednews","tag-headlines","tag-init-tv","tag-kanalai","tag-latest-news","tag-latestnews","tag-lietuva","tag-lietuviu","tag-lithuania","tag-lithuanian","tag-lt","tag-naujienos","tag-news","tag-populiariausios-naujienos","tag-populiariausiosnaujienos","tag-top-stories","tag-topstories","tag-veikla"],"share_on_mastodon":{"url":"https:\/\/pubeurope.com\/@lt\/116324719890669303","error":""},"_links":{"self":[{"href":"https:\/\/www.europesays.com\/lt\/wp-json\/wp\/v2\/posts\/142518","targetHints":{"allow":["GET"]}}],"collection":[{"href":"https:\/\/www.europesays.com\/lt\/wp-json\/wp\/v2\/posts"}],"about":[{"href":"https:\/\/www.europesays.com\/lt\/wp-json\/wp\/v2\/types\/post"}],"author":[{"embeddable":true,"href":"https:\/\/www.europesays.com\/lt\/wp-json\/wp\/v2\/users\/2"}],"replies":[{"embeddable":true,"href":"https:\/\/www.europesays.com\/lt\/wp-json\/wp\/v2\/comments?post=142518"}],"version-history":[{"count":0,"href":"https:\/\/www.europesays.com\/lt\/wp-json\/wp\/v2\/posts\/142518\/revisions"}],"wp:featuredmedia":[{"embeddable":true,"href":"https:\/\/www.europesays.com\/lt\/wp-json\/wp\/v2\/media\/142519"}],"wp:attachment":[{"href":"https:\/\/www.europesays.com\/lt\/wp-json\/wp\/v2\/media?parent=142518"}],"wp:term":[{"taxonomy":"category","embeddable":true,"href":"https:\/\/www.europesays.com\/lt\/wp-json\/wp\/v2\/categories?post=142518"},{"taxonomy":"post_tag","embeddable":true,"href":"https:\/\/www.europesays.com\/lt\/wp-json\/wp\/v2\/tags?post=142518"}],"curies":[{"name":"wp","href":"https:\/\/api.w.org\/{rel}","templated":true}]}}