{"id":14257,"date":"2025-10-09T22:56:18","date_gmt":"2025-10-09T22:56:18","guid":{"rendered":"https:\/\/www.europesays.com\/lt\/14257\/"},"modified":"2025-10-09T22:56:18","modified_gmt":"2025-10-09T22:56:18","slug":"is-rusu-nelaisves-grizusiu-ukrainieciu-istorijos-gniauzia-kvapa","status":"publish","type":"post","link":"https:\/\/www.europesays.com\/lt\/14257\/","title":{"rendered":"I\u0161 rus\u0173 nelaisv\u0117s gr\u012f\u017eusi\u0173 ukrainie\u010di\u0173 istorijos gniau\u017eia kvap\u0105"},"content":{"rendered":"<p>  <img decoding=\"async\" src=\"https:\/\/www.europesays.com\/lt\/wp-content\/uploads\/2025\/10\/a5f9013a-7406-437b-a5c1-6e479f6631c5.jpg\" loading=\"lazy\" alt=\"I\u0161 rus\u0173 nelaisv\u0117s gr\u012f\u017e\u0119 ukrainie\u010diai\"\/> <\/p>\n<p>I\u0161 rus\u0173 nelaisv\u0117s gr\u012f\u017e\u0119 ukrainie\u010diai<\/p>\n<p>FOTO:   AP \/ Scanpix<\/p>\n<p>  Prane\u0161k klaid\u0105<br \/>\n        Padidink tekst\u0105\n     <\/p>\n<p>I\u0161 rus\u0173 nelaisv\u0117s gr\u012f\u017e\u0119 ukrainie\u010diai \u201eDelfi.ee\u201c papasakojo, k\u0105 teko patirti: kaip buvo ver\u010diami mokytis rusi\u0161k\u0173 dain\u0173 ir giedoti himn\u0105, mu\u0161ami u\u017e ukrainieti\u0161kus \u017eod\u017eius ir \u017eeminti u\u017e tai, kad \u201esovietinis \u017emogus\u201c nelauk\u0117 Rusijos. Pri\u017ei\u016br\u0117tojai, kankindami belaisvius, patirdavo did\u017eiul\u012f malonum\u0105. Julijanas Pilip\u0117jus ir Tatjana Teplych prisipa\u017e\u012fsta: pats baisiausias dalykas jiems buvo ne skausmas, o pa\u017eeminimas bei melas.<\/p>\n","protected":false},"excerpt":{"rendered":"I\u0161 rus\u0173 nelaisv\u0117s gr\u012f\u017e\u0119 ukrainie\u010diai FOTO: AP \/ Scanpix Prane\u0161k klaid\u0105 Padidink tekst\u0105 I\u0161 rus\u0173 nelaisv\u0117s gr\u012f\u017e\u0119 ukrainie\u010diai&hellip;\n","protected":false},"author":2,"featured_media":14258,"comment_status":"","ping_status":"","sticky":false,"template":"","format":"standard","meta":{"footnotes":""},"categories":[15],"tags":[25,5061,5062,30,31,34,35,24,121,3610,32,33,37,39,36,38,40,23,22,44,28,29,26,27,74,75,76],"class_list":{"0":"post-14257","1":"post","2":"type-post","3":"status-publish","4":"format-standard","5":"has-post-thumbnail","7":"category-pasaulis","8":"tag-antrastes","9":"tag-azov","10":"tag-azovstal","11":"tag-breaking-news","12":"tag-breakingnews","13":"tag-featured-news","14":"tag-featurednews","15":"tag-headlines","16":"tag-karas-ukrainoje","17":"tag-karo-belaisviai","18":"tag-latest-news","19":"tag-latestnews","20":"tag-lietuva","21":"tag-lietuviu","22":"tag-lithuania","23":"tag-lithuanian","24":"tag-lt","25":"tag-naujienos","26":"tag-news","27":"tag-pasaulis","28":"tag-populiariausios-naujienos","29":"tag-populiariausiosnaujienos","30":"tag-top-stories","31":"tag-topstories","32":"tag-world","33":"tag-world-news","34":"tag-worldnews"},"share_on_mastodon":{"url":"","error":""},"_links":{"self":[{"href":"https:\/\/www.europesays.com\/lt\/wp-json\/wp\/v2\/posts\/14257","targetHints":{"allow":["GET"]}}],"collection":[{"href":"https:\/\/www.europesays.com\/lt\/wp-json\/wp\/v2\/posts"}],"about":[{"href":"https:\/\/www.europesays.com\/lt\/wp-json\/wp\/v2\/types\/post"}],"author":[{"embeddable":true,"href":"https:\/\/www.europesays.com\/lt\/wp-json\/wp\/v2\/users\/2"}],"replies":[{"embeddable":true,"href":"https:\/\/www.europesays.com\/lt\/wp-json\/wp\/v2\/comments?post=14257"}],"version-history":[{"count":0,"href":"https:\/\/www.europesays.com\/lt\/wp-json\/wp\/v2\/posts\/14257\/revisions"}],"wp:featuredmedia":[{"embeddable":true,"href":"https:\/\/www.europesays.com\/lt\/wp-json\/wp\/v2\/media\/14258"}],"wp:attachment":[{"href":"https:\/\/www.europesays.com\/lt\/wp-json\/wp\/v2\/media?parent=14257"}],"wp:term":[{"taxonomy":"category","embeddable":true,"href":"https:\/\/www.europesays.com\/lt\/wp-json\/wp\/v2\/categories?post=14257"},{"taxonomy":"post_tag","embeddable":true,"href":"https:\/\/www.europesays.com\/lt\/wp-json\/wp\/v2\/tags?post=14257"}],"curies":[{"name":"wp","href":"https:\/\/api.w.org\/{rel}","templated":true}]}}