{"id":143009,"date":"2026-04-01T09:37:35","date_gmt":"2026-04-01T09:37:35","guid":{"rendered":"https:\/\/www.europesays.com\/lt\/143009\/"},"modified":"2026-04-01T09:37:35","modified_gmt":"2026-04-01T09:37:35","slug":"lietuvos-u19-futbolo-rinktine-uzeme-pirma-vieta-europos-cempionato-atrankos-turnyre","status":"publish","type":"post","link":"https:\/\/www.europesays.com\/lt\/143009\/","title":{"rendered":"Lietuvos U19 futbolo rinktin\u0117 u\u017e\u0117m\u0117 pirm\u0105 viet\u0105 Europos \u010dempionato atrankos turnyre"},"content":{"rendered":"<p>Lietuvos rinktin\u0117 peln\u0117 lygi\u0105sias prie\u0161 \u0160iaur\u0117s Airijos bendraam\u017eius, kurios atv\u0117r\u0117 keli\u0105 lietuvai\u010diams \u012f auk\u0161tesn\u012f atrankos etapo divizion\u0105.<\/p>\n<p>Pirmajame k\u0117linyje komandos pademonstravo gana atsarg\u0173 \u017eaidim\u0105. Mindaugo \u010cepo treniruojama rinktin\u0117 suk\u016br\u0117 daugiau moment\u0173 puolime, nei var\u017eovai, o gr\u0117smingiausias progas tur\u0117jo Dominykas Tau\u010das, Grantas Emerhi ir Dominykas Liepis.<\/p>\n<p>\u0160iaur\u0117s Airijos futbolininkai ir antrojoje rungtyni\u0173 pus\u0117je nerado priemoni\u0173 pakeisti rungtyni\u0173 eig\u0105. Abi komandos suintensyvino puolim\u0105 \u0161iame k\u0117linyje, o aik\u0161t\u0117s \u0161eiminink\u0173 gretose pavojingiausius sm\u016bgius atliko Dominykas Tau\u010das ir Rodionas Piazenko.<\/p>\n<p>U\u017etikrintas darbas gynyboje leido m\u016bsi\u0161kiams i\u0161saugoti tenkinusias lygi\u0105sias 0:0 ir u\u017eimti pirm\u0105j\u0105 viet\u0105 grup\u0117je.<\/p>\n<p>Lietuvos vaikin\u0173 U19 rinktin\u0117 t\u0119s pasirodym\u0105 2026\u20132027 met\u0173 sezono UEFA Europos \u010dempionato atrankos antrajame etape, A diviziono var\u017eybose \u0161\u012f ruden\u012f.<\/p>\n<p>UEFA Europos vaikin\u0173 U19 \u010dempionato atrankos rungtyni\u0173 statistika<\/p>\n<p>Lietuva \u2013 \u0160iaur\u0117s Airija 0:0;<\/p>\n<p>Raudondvario stadionas, teis\u0117jas \u2013 Viktor Kopijevskyj (Ukraina);<\/p>\n<p>\u012esp\u0117ti: 53 min. Oskar Pukelis, 70 min. Jugas Tur\u010dinskas, 79 min. Dominykas Liepis, 90+2 min. Dovas Grudzinskas (Lietuva); 48 min. Oisin Gamble (\u0160iaur\u0117s Airija)<\/p>\n<p>Lietuvos rinktin\u0117s startin\u0117 sud\u0117tis: Kristupas \u010cepulis, Oskar Pukelis, Tomas Jonyla, Jok\u016bbas \u017diedelis, Jugas Tur\u010dinskas, Dominykas Tau\u010das, Klemensas Gustas (89 min. Vakaris Brad\u016bnas), Dovas Gruzinskas, Dominykas Liepis, Carmine Lukas Mennea (46 min. Rodion Piazenko), Grant Ochuko Emerhi.<\/p>\n<p>Atsargoje: Dominykas \u010cekavi\u010dius, Dovydas Balsys, Donatas Jermakovas, Simas Grabauskas, Martynas Stambrauskas, Norbert Diugevi\u010d, Kristupas Algirdas Padegimas.<\/p>\n","protected":false},"excerpt":{"rendered":"Lietuvos rinktin\u0117 peln\u0117 lygi\u0105sias prie\u0161 \u0160iaur\u0117s Airijos bendraam\u017eius, kurios atv\u0117r\u0117 keli\u0105 lietuvai\u010diams \u012f auk\u0161tesn\u012f atrankos etapo divizion\u0105. Pirmajame&hellip;\n","protected":false},"author":2,"featured_media":143010,"comment_status":"","ping_status":"","sticky":false,"template":"","format":"standard","meta":{"footnotes":"","_share_on_mastodon":"0"},"categories":[19],"tags":[16978,37,39,36,38,40,24672,47,104,4523],"class_list":["post-143009","post","type-post","status-publish","format-standard","has-post-thumbnail","category-sportas","tag-futbolo-cempionatas","tag-lietuva","tag-lietuviu","tag-lithuania","tag-lithuanian","tag-lt","tag-raudondvaris","tag-sportas","tag-sports","tag-uefa"],"share_on_mastodon":{"url":"https:\/\/pubeurope.com\/@lt\/116328781895628701","error":""},"_links":{"self":[{"href":"https:\/\/www.europesays.com\/lt\/wp-json\/wp\/v2\/posts\/143009","targetHints":{"allow":["GET"]}}],"collection":[{"href":"https:\/\/www.europesays.com\/lt\/wp-json\/wp\/v2\/posts"}],"about":[{"href":"https:\/\/www.europesays.com\/lt\/wp-json\/wp\/v2\/types\/post"}],"author":[{"embeddable":true,"href":"https:\/\/www.europesays.com\/lt\/wp-json\/wp\/v2\/users\/2"}],"replies":[{"embeddable":true,"href":"https:\/\/www.europesays.com\/lt\/wp-json\/wp\/v2\/comments?post=143009"}],"version-history":[{"count":0,"href":"https:\/\/www.europesays.com\/lt\/wp-json\/wp\/v2\/posts\/143009\/revisions"}],"wp:featuredmedia":[{"embeddable":true,"href":"https:\/\/www.europesays.com\/lt\/wp-json\/wp\/v2\/media\/143010"}],"wp:attachment":[{"href":"https:\/\/www.europesays.com\/lt\/wp-json\/wp\/v2\/media?parent=143009"}],"wp:term":[{"taxonomy":"category","embeddable":true,"href":"https:\/\/www.europesays.com\/lt\/wp-json\/wp\/v2\/categories?post=143009"},{"taxonomy":"post_tag","embeddable":true,"href":"https:\/\/www.europesays.com\/lt\/wp-json\/wp\/v2\/tags?post=143009"}],"curies":[{"name":"wp","href":"https:\/\/api.w.org\/{rel}","templated":true}]}}