{"id":143060,"date":"2026-04-01T10:16:06","date_gmt":"2026-04-01T10:16:06","guid":{"rendered":"https:\/\/www.europesays.com\/lt\/143060\/"},"modified":"2026-04-01T10:16:06","modified_gmt":"2026-04-01T10:16:06","slug":"neda-malunaviciute-leidosi-i-svaigias-atostogas-artimuosiuose-rytuose-salia-sirdziai-mielas-asmuo","status":"publish","type":"post","link":"https:\/\/www.europesays.com\/lt\/143060\/","title":{"rendered":"Neda Mal\u016bnavi\u010di\u016bt\u0117 leidosi \u012f svaigias atostogas Artimuosiuose Rytuose: \u0161alia \u2013 \u0161ird\u017eiai mielas asmuo"},"content":{"rendered":"<p>Soc. tinkluose dalydamasi atostog\u0173 kadrais garsi moteris apra\u0161\u0117 ir daug d\u017eiaugsmo atne\u0161usi\u0105 atpalaiduojan\u010di\u0105 patirt\u012f. Vis dar gyvendama puikiomis emocijomis, \u0161iuo \u012fra\u0161u ji sutiko pasidalinti ir su \u201eDelfi\u201c skaitytojais. <\/p>\n<p>\u012e kelion\u0119 Neda leidosi su artima bi\u010diule. Dvi moterys neplanavo ekskursij\u0173 ar kit\u0173 svarbi\u0173 darb\u0173. Tiesiog leido sau pasim\u0117gauti maloniu laiku drauge. <\/p>\n<p>\u201eAtostogos su Sonata Bar\u010dyt\u0117 Jadevi\u010dien\u0117 Egipte. Be ekskursij\u0173 ir b\u0117gimo, tik j\u016bra, saul\u0117 ir geriausia draug\u0117. Nuostabi dar viena kelion\u0117 su laiko  patikrinta bi\u010diule. Mes pa\u017e\u012fstamos nuo Kelp\u0161os laik\u0173, o tai rei\u0161kia, kad m\u016bs\u0173 draugystei \u2013 40 met\u0173. \u2013 prisimindama pa\u017eint\u012f Vilniaus Juozo Tallat-Kelp\u0161os konservatorijoje, pasid\u017eiaug\u0117 Neda. \u2013 Kaip gera tur\u0117ti geriausi\u0105 draug\u0119!!! Tai yra laim\u0117! Ir varge, ir d\u017eiaugsme \u2013 mes visada buvom \u0161alia viena kitos. A\u010di\u016b, Sonata, kad i\u0161kenti mane visoki\u0105: linksm\u0105,  suirzusi\u0105 , kartais nelaiming\u0105, pa\u0161\u0117lusi\u0105, aistring\u0105, sergan\u010di\u0105&#8230; A\u010di\u016b, kad tau r\u016bpi mano muzikiniai reikalai, a\u010di\u016b u\u017e kritik\u0105,  \u012f\u017evalgas, palaikym\u0105. A\u010di\u016b, kad visad palaikai kompanij\u0105 \u012f man svarbius renginius, koncertus ar kin\u0105. Po j\u0173 visada smagu aptarti, k\u0105 mat\u0117me ir gird\u0117jome jaukioje kavinuk\u0117je. Jau\u010diuosi visada pas tave laukiama ir mylima. Tavo \u0161eima jau seniai mane pri\u0117m\u0117 kaip sav\u0105. Kaip gera tur\u0117ti \u017emog\u0173, prie kurio gali i\u0161likti \u017emogum, tokiu, koks esi. Myliu\u201c. <\/p>\n","protected":false},"excerpt":{"rendered":"Soc. tinkluose dalydamasi atostog\u0173 kadrais garsi moteris apra\u0161\u0117 ir daug d\u017eiaugsmo atne\u0161usi\u0105 atpalaiduojan\u010di\u0105 patirt\u012f. Vis dar gyvendama puikiomis&hellip;\n","protected":false},"author":2,"featured_media":143061,"comment_status":"","ping_status":"","sticky":false,"template":"","format":"standard","meta":{"footnotes":"","_share_on_mastodon":"0"},"categories":[21],"tags":[4751,113,37,39,36,38,40,24677,114],"class_list":["post-143060","post","type-post","status-publish","format-standard","has-post-thumbnail","category-pramogos","tag-egiptas","tag-entertainment","tag-lietuva","tag-lietuviu","tag-lithuania","tag-lithuanian","tag-lt","tag-neda-malunaviciute","tag-pramogos"],"share_on_mastodon":{"url":"https:\/\/pubeurope.com\/@lt\/116328935273120060","error":""},"_links":{"self":[{"href":"https:\/\/www.europesays.com\/lt\/wp-json\/wp\/v2\/posts\/143060","targetHints":{"allow":["GET"]}}],"collection":[{"href":"https:\/\/www.europesays.com\/lt\/wp-json\/wp\/v2\/posts"}],"about":[{"href":"https:\/\/www.europesays.com\/lt\/wp-json\/wp\/v2\/types\/post"}],"author":[{"embeddable":true,"href":"https:\/\/www.europesays.com\/lt\/wp-json\/wp\/v2\/users\/2"}],"replies":[{"embeddable":true,"href":"https:\/\/www.europesays.com\/lt\/wp-json\/wp\/v2\/comments?post=143060"}],"version-history":[{"count":0,"href":"https:\/\/www.europesays.com\/lt\/wp-json\/wp\/v2\/posts\/143060\/revisions"}],"wp:featuredmedia":[{"embeddable":true,"href":"https:\/\/www.europesays.com\/lt\/wp-json\/wp\/v2\/media\/143061"}],"wp:attachment":[{"href":"https:\/\/www.europesays.com\/lt\/wp-json\/wp\/v2\/media?parent=143060"}],"wp:term":[{"taxonomy":"category","embeddable":true,"href":"https:\/\/www.europesays.com\/lt\/wp-json\/wp\/v2\/categories?post=143060"},{"taxonomy":"post_tag","embeddable":true,"href":"https:\/\/www.europesays.com\/lt\/wp-json\/wp\/v2\/tags?post=143060"}],"curies":[{"name":"wp","href":"https:\/\/api.w.org\/{rel}","templated":true}]}}