{"id":143321,"date":"2026-04-01T15:39:53","date_gmt":"2026-04-01T15:39:53","guid":{"rendered":"https:\/\/www.europesays.com\/lt\/143321\/"},"modified":"2026-04-01T15:39:53","modified_gmt":"2026-04-01T15:39:53","slug":"lietuvos-pilietis-baltarusijoje-nuteistas-15-ai-metu-kalejimo-respublika-lt","status":"publish","type":"post","link":"https:\/\/www.europesays.com\/lt\/143321\/","title":{"rendered":"Lietuvos pilietis Baltarusijoje nuteistas 15-ai met\u0173 kal\u0117jimo &#8211; Respublika.lt"},"content":{"rendered":"\n<p style=\"text-align: left;\">Lietuvis Miroslavas Trockis nuvyko aplankyti giminai\u010di\u0173 \u012f Baltarusij\u0105, o ten buvo suimtas ir nuteistas 15 met\u0173 kal\u0117jimo, kaip teigiama, u\u017e \u0161nipin\u0117jim\u0105.<\/p>\n<p style=\"text-align: justify;\" class=\"desktop_banner\">\u00a0<\/p>\n<p style=\"text-align: left;\">Apie tai prane\u0161\u0117 portalas \u201eNa\u0161a niva\u201c ir iniciatyva \u201eDissidentby\u201c, internete skelbianti politini\u0173 kalini\u0173 s\u0105ra\u0161us.<\/p>\n<p style=\"text-align: left;\">35 met\u0173 Lietuvos pilietis M. Trockis 2024 m. ruden\u012f i\u0161vyko \u012f Baltarusij\u0105 aplankyti giminai\u010di\u0173, bet namo nebegr\u012f\u017eo.\u00a0<\/p>\n<p style=\"text-align: left;\">M. Trockis gyveno Vilniuje, 2011 m. baig\u0117 Mykolo Romerio universitet\u0105.<\/p>\n<p style=\"text-align: left;\">I\u0161 vie\u0161\u0173 \u0161altini\u0173 \u017einoma, kad lietuvis palaik\u0117 glaud\u017eius ry\u0161ius su Baltarusija.<\/p>\n<p style=\"text-align: left;\">I\u0161 \u201eFacebook\u201c \u012fra\u0161\u0173 matyti, kad jis arba ved\u0119s, arba susi\u017ead\u0117j\u0119s su baltaruse, taip pat ten turi giminai\u010di\u0173 ir nuo jaunyst\u0117s da\u017enai va\u017ein\u0117davo \u012f Baltarusij\u0105.<\/p>\n<p style=\"text-align: left;\">\u201eTelegram\u201c program\u0117l\u0117je M. Trockis buvo aktyvus tik pokalbi\u0173 grup\u0117se, skirtose sienos kirtimui.<\/p>\n<p style=\"text-align: left;\">2024 m. gegu\u017e\u0119 jis ie\u0161kojo \u017emogaus, kuris pastov\u0117t\u0173 u\u017e j\u012f eil\u0117je prie \u0160al\u010dinink\u0173-Benekaini\u0173 pasienio posto.\u00a0<\/p>\n<p style=\"text-align: left;\">Kituose socialiniuose tinkluose M. Trockis taip pat nepaskelb\u0117 nieko, k\u0105 represyvi Baltarusijos teis\u0117tvarka gal\u0117t\u0173 traktuoti kaip draud\u017eiam\u0105 dalyk\u0105.<\/p>\n<p style=\"text-align: left;\">Lietuvos pilie\u010dio teismas \u012fvyko 2026 m. pavasar\u012f. Kovo 11 d. Miroslavui skirta grie\u017eta bausm\u0117 \u2013 15 met\u0173 sustiprinto re\u017eimo kolonijoje.<\/p>\n<p style=\"text-align: left;\">Iniciatyva \u201eDissidentby\u201c ra\u0161o, kad bylos aplinkyb\u0117s dar tiriamos, ta\u010diau galb\u016bt kalbama apie \u201e\u0161nipin\u0117jim\u0105\u201c.<\/p>\n<p style=\"text-align: left;\">\u017dmogaus teisi\u0173 gyn\u0117j\u0173 duomenimis, vyras buvo teisiamas pagal Baltarusijos baud\u017eiamojo kodekso 358 straipsn\u012f (\u0161nipin\u0117jimas) ir 358\u22121 straipsn\u012f (agent\u016brin\u0117 veikla).<\/p>\n","protected":false},"excerpt":{"rendered":"Lietuvis Miroslavas Trockis nuvyko aplankyti giminai\u010di\u0173 \u012f Baltarusij\u0105, o ten buvo suimtas ir nuteistas 15 met\u0173 kal\u0117jimo, kaip&hellip;\n","protected":false},"author":2,"featured_media":143322,"comment_status":"","ping_status":"","sticky":false,"template":"","format":"standard","meta":{"footnotes":"","_share_on_mastodon":"0"},"categories":[13],"tags":[25,1496,30,31,34,35,24,32,33,37,39,36,38,40,23,22,1883,6360,28,29,4901,3322,1397,26,27,24702],"class_list":["post-143321","post","type-post","status-publish","format-standard","has-post-thumbnail","category-lietuva","tag-antrastes","tag-baltarusija","tag-breaking-news","tag-breakingnews","tag-featured-news","tag-featurednews","tag-headlines","tag-latest-news","tag-latestnews","tag-lietuva","tag-lietuviu","tag-lithuania","tag-lithuanian","tag-lt","tag-naujienos","tag-news","tag-nuosprendis","tag-pilietis","tag-populiariausios-naujienos","tag-populiariausiosnaujienos","tag-snipinejimas","tag-sulaikymas","tag-teisetvarka","tag-top-stories","tag-topstories","tag-trockis"],"share_on_mastodon":{"url":"https:\/\/pubeurope.com\/@lt\/116330209109261204","error":""},"_links":{"self":[{"href":"https:\/\/www.europesays.com\/lt\/wp-json\/wp\/v2\/posts\/143321","targetHints":{"allow":["GET"]}}],"collection":[{"href":"https:\/\/www.europesays.com\/lt\/wp-json\/wp\/v2\/posts"}],"about":[{"href":"https:\/\/www.europesays.com\/lt\/wp-json\/wp\/v2\/types\/post"}],"author":[{"embeddable":true,"href":"https:\/\/www.europesays.com\/lt\/wp-json\/wp\/v2\/users\/2"}],"replies":[{"embeddable":true,"href":"https:\/\/www.europesays.com\/lt\/wp-json\/wp\/v2\/comments?post=143321"}],"version-history":[{"count":0,"href":"https:\/\/www.europesays.com\/lt\/wp-json\/wp\/v2\/posts\/143321\/revisions"}],"wp:featuredmedia":[{"embeddable":true,"href":"https:\/\/www.europesays.com\/lt\/wp-json\/wp\/v2\/media\/143322"}],"wp:attachment":[{"href":"https:\/\/www.europesays.com\/lt\/wp-json\/wp\/v2\/media?parent=143321"}],"wp:term":[{"taxonomy":"category","embeddable":true,"href":"https:\/\/www.europesays.com\/lt\/wp-json\/wp\/v2\/categories?post=143321"},{"taxonomy":"post_tag","embeddable":true,"href":"https:\/\/www.europesays.com\/lt\/wp-json\/wp\/v2\/tags?post=143321"}],"curies":[{"name":"wp","href":"https:\/\/api.w.org\/{rel}","templated":true}]}}