{"id":143631,"date":"2026-04-01T21:33:58","date_gmt":"2026-04-01T21:33:58","guid":{"rendered":"https:\/\/www.europesays.com\/lt\/143631\/"},"modified":"2026-04-01T21:33:58","modified_gmt":"2026-04-01T21:33:58","slug":"vytautas-sinica-zodzio-laisve-tik-tam-kam-pritari-respublika-lt","status":"publish","type":"post","link":"https:\/\/www.europesays.com\/lt\/143631\/","title":{"rendered":"Vytautas SINICA: \u017dod\u017eio laisv\u0117 tik tam, kam pritari? &#8211; Respublika.lt"},"content":{"rendered":"<p><img loading=\"lazy\" decoding=\"async\" src=\"https:\/\/www.respublika.lt\/lt\/naujienos\/nuomones_ir_komentarai\/isklausyk-respublika\/vytautas-sinica-zodzio-laisve-tik-tam-kam-pritari\/images\/ico_camera_white.gif\" class=\"camera\" width=\"22\" height=\"15\" alt=\"nuotr.\" style=\"position:relative; top:-2px; right:2px;\"\/> 1 nuotr.<\/p>\n<p>Moksl\u0173 akademijos prezidentas Vytautas Nekro\u0161ius  pritaria plakato \u201eLietuva &#8211; lietuviams&#8221; nupl\u0117\u0161imui. Redakcijos archyvo nuotr.<\/p>\n<p style=\"text-align: justify;\" class=\"desktop_banner\">\u00a0<\/p>\n<p>Visuomen\u0117s dalis u\u017evir\u0117 d\u0117l \u0161\u016bkio \u201eLietuva &#8211; lietuviams&#8221;, o po poros dien\u0173 ir d\u0117l vyriausiojo kalbos inspektoriaus Audriaus Valotkos pasisakymo, jog negras ir \u010digonas yra, cituoju, normal\u016bs, geri, tradiciniai \u017eod\u017eiai.<\/p>\n<p>Tuo tarpu, pavyzd\u017eiui, d\u0117l Moksl\u0173 akademijos prezidento Vytauto Nekro\u0161iaus pasisakymo, kad pritaria plakato \u201eLietuva &#8211; lietuviams&#8221; nupl\u0117\u0161imui, tie patys \u017emon\u0117s neu\u017evir\u0117.<\/p>\n<p>Neu\u017evir\u0117 ir nieko blogo ne\u012f\u017evelg\u0117, nes subjektyviai pa\u010diam pasisakymui pritaria.<\/p>\n<p>Lietuvoje turime rei\u0161kin\u012f, kai kol kas nedr\u0105siai, bet jau gana nedviprasmi\u0161kai teisinamas politinis smurtas. Kol kas tik supl\u0117\u0161ytas plakatas, bet \u0161tai jau eil\u0117 \u017emoni\u0173 atsisako tai pasmerkti, suka ratus, ie\u0161ko vingrybi\u0173, bet nesmerkia, nes jiems nepatinka pats plakatas ir tada jau pl\u0117\u0161yti galima.<\/p>\n<p>Paklauskite j\u0173, ar pritart\u0173, kad kiti analogi\u0161kai pl\u0117\u0161t\u0173 LGBT parado plakatus, ir paai\u0161k\u0117s visas j\u0173 principingumas apie \u017eod\u017eio laisv\u0119. Kam pritaria, tam ir \u017eod\u017eio laisv\u0117.<\/p>\n<p>Kas idealiai pasimato A.Valotkos atveju.<\/p>\n<p>A.Valotka sako t\u0105 pat\u012f, k\u0105 2010 metais pasak\u0117 Lietuvos Auk\u0161\u010diausis Teismas. Negras Lietuvoje yra normalus \u017eodis, nes mes Lietuvoje neturime nei vergov\u0117s, nei rasin\u0117s segregacijos istorijos.<\/p>\n<p>Lietuvoje fakti\u0161kai netur\u0117jome juodaod\u017ei\u0173. \u010cigonas apskritai yra masi\u0161kai vartojamas pa\u010di\u0173 \u010digon\u0173, k\u0105 vie\u0161ai pasteb\u0117jo ne vienas su jais dirbantis.<\/p>\n<p>Bet esm\u0117 ne tame, kam patinka ar nepatinka \u0161ie \u017eod\u017eiai. Esm\u0117 yra:<\/p>\n<p>1) keisti \u012fprastus \u017eod\u017eius naujais i\u0161galvotais vardan politinio korekti\u0161kumo yra nuodinga, \u017eod\u017eio ir minties laisvei prie\u0161i\u0161ka tendencija.<\/p>\n<p>Taip ir prostitut\u0117, ir narkomanas, ir storas, ir alkoholikas, ir pensininkas ir daug kit\u0173 tur\u0117s b\u016bti pakeisti, nes neva ka\u017ekam yra nemalon\u016bs, stigmatizuojantys. Valant kalb\u0105, valomas m\u0105stymas;<\/p>\n<p>2) A.Valotkos puolimas ai\u0161kiai rodo, kad daugyb\u0117 \u017emoni\u0173 nesuvokia, kad \u017eod\u017eio laisv\u0117 yra tik tada, kai leidi kalb\u0117ti tai, kam nepritari. Visi\u0161kai nesvarbu, ar laikote \u017eod\u012f negras geru ir normaliu.<\/p>\n<p>Tarkime, geru a\u0161 ir pats \u0161io \u017eod\u017eio nelaikau. Bet b\u016btent tada, kai nepritariate pasisakymui, bet nesipiktinate \u201ekaip dr\u012fstama taip kalb\u0117ti&#8221; ir nesiekiate bausm\u0117s tam, kieno \u017eod\u017eiams nepritariate, i\u0161 ties\u0173 ginate \u017eod\u017eio laisv\u0119.<\/p>\n<p>Neseniai televizijoje komentavau: nepritariu liberal\u0173 plakatui \u201eLietuva visiems&#8221;, bet pritariu j\u0173 teisei j\u012f i\u0161kabinti ir skelbti tok\u012f \u0161\u016bk\u012f. Tai yra \u017eod\u017eio laisv\u0117. Leisti kalb\u0117ti tik tai, kam pritariame, yra cenz\u016bra pagal apibr\u0117\u017eim\u0105.<\/p>\n<p>Su siaubu smerkiu visus bandymus bausti Audri\u0173 Valotk\u0105 u\u017e laisv\u0105 \u017eod\u012f, visus (eilinius) bandymus per spaudim\u0105 politikams i\u0161vyti j\u012f i\u0161 pareig\u0173.<\/p>\n<p>A.Valotkos atvejis kaip tik yra testas m\u016bs\u0173 visuomenei ir ypa\u010d politikams, ar turime ir gerbiame \u017eod\u017eio laisv\u0119, ar ne.<\/p>\n<p>\u017dod\u017eio laisv\u0117 tik politi\u0161kai korekti\u0161kam kalb\u0117jimui n\u0117ra jokia \u017eod\u017eio laisv\u0117. Tikiuosi, kad gerbiama kult\u016bros ministr\u0117 nesileis spaud\u017eiama t\u0173, kurie ir vakar, ir rytoj rikiavosi eil\u0117je jai pa\u010diai perk\u0105sti gerkl\u0119. Politine prasme, \u017einoma.<\/p>\n","protected":false},"excerpt":{"rendered":"1 nuotr. Moksl\u0173 akademijos prezidentas Vytautas Nekro\u0161ius pritaria plakato \u201eLietuva &#8211; lietuviams&#8221; nupl\u0117\u0161imui. Redakcijos archyvo nuotr. \u00a0 Visuomen\u0117s&hellip;\n","protected":false},"author":2,"featured_media":143632,"comment_status":"","ping_status":"","sticky":false,"template":"","format":"standard","meta":{"footnotes":"","_share_on_mastodon":"0"},"categories":[13],"tags":[25,30,31,23732,19910,34,35,24,13285,32,33,6573,37,24226,39,36,38,40,23,23731,9150,22,28,29,1341,26,27,18792,13284],"class_list":["post-143631","post","type-post","status-publish","format-standard","has-post-thumbnail","category-lietuva","tag-antrastes","tag-breaking-news","tag-breakingnews","tag-cigonas","tag-elitas","tag-featured-news","tag-featurednews","tag-headlines","tag-laisve","tag-latest-news","tag-latestnews","tag-lgbt","tag-lietuva","tag-lietuva-lietuviams","tag-lietuviu","tag-lithuania","tag-lithuanian","tag-lt","tag-naujienos","tag-negras","tag-nekrosius","tag-news","tag-populiariausios-naujienos","tag-populiariausiosnaujienos","tag-sinica","tag-top-stories","tag-topstories","tag-valotka","tag-zodzio"],"share_on_mastodon":{"url":"https:\/\/pubeurope.com\/@lt\/116331601166070877","error":""},"_links":{"self":[{"href":"https:\/\/www.europesays.com\/lt\/wp-json\/wp\/v2\/posts\/143631","targetHints":{"allow":["GET"]}}],"collection":[{"href":"https:\/\/www.europesays.com\/lt\/wp-json\/wp\/v2\/posts"}],"about":[{"href":"https:\/\/www.europesays.com\/lt\/wp-json\/wp\/v2\/types\/post"}],"author":[{"embeddable":true,"href":"https:\/\/www.europesays.com\/lt\/wp-json\/wp\/v2\/users\/2"}],"replies":[{"embeddable":true,"href":"https:\/\/www.europesays.com\/lt\/wp-json\/wp\/v2\/comments?post=143631"}],"version-history":[{"count":0,"href":"https:\/\/www.europesays.com\/lt\/wp-json\/wp\/v2\/posts\/143631\/revisions"}],"wp:featuredmedia":[{"embeddable":true,"href":"https:\/\/www.europesays.com\/lt\/wp-json\/wp\/v2\/media\/143632"}],"wp:attachment":[{"href":"https:\/\/www.europesays.com\/lt\/wp-json\/wp\/v2\/media?parent=143631"}],"wp:term":[{"taxonomy":"category","embeddable":true,"href":"https:\/\/www.europesays.com\/lt\/wp-json\/wp\/v2\/categories?post=143631"},{"taxonomy":"post_tag","embeddable":true,"href":"https:\/\/www.europesays.com\/lt\/wp-json\/wp\/v2\/tags?post=143631"}],"curies":[{"name":"wp","href":"https:\/\/api.w.org\/{rel}","templated":true}]}}