{"id":143775,"date":"2026-04-02T00:51:22","date_gmt":"2026-04-02T00:51:22","guid":{"rendered":"https:\/\/www.europesays.com\/lt\/143775\/"},"modified":"2026-04-02T00:51:22","modified_gmt":"2026-04-02T00:51:22","slug":"marijampoles-daugiabutis-ikvepia-kaimynus-ir-traukia-praeiviu-aki-o-aktyvi-bendruomene-dziaugiasi-pokyciais","status":"publish","type":"post","link":"https:\/\/www.europesays.com\/lt\/143775\/","title":{"rendered":"Marijampol\u0117s daugiabutis \u012fkvepia kaimynus ir traukia praeivi\u0173 ak\u012f, o aktyvi bendruomen\u0117 d\u017eiaugiasi poky\u010diais"},"content":{"rendered":"<p>Did\u017eiausi\u0105 nerim\u0105 k\u0117l\u0117 vamzdynai<\/p>\n<p>R. Juknevi\u010diaus g. esantis daugiabutis prie\u0161 renovacij\u0105 gyventojams nek\u0117l\u0117 nei pasidid\u017eiavimo, nei saugumo jausmo. 1974 m. statybos pastato i\u0161or\u0117 atrod\u0117 prastai \u2013 vietomis sutr\u016bkin\u0117jusios akmenuk\u0173 apdailos sienos, papilk\u0117j\u0119s, susid\u0117v\u0117j\u0119s fasadas, skirtingai \u012fstiklinti arba visai ne\u012fstiklinti balkonai k\u016br\u0117 netvarkos \u012fsp\u016bd\u012f. Anot daugiabu\u010dio gyventoj\u0173 atstov\u0117s Sandros Tasiukevi\u010dien\u0117s, nema\u017eiau nerimo k\u0117l\u0117 ir technin\u0117 b\u016bkl\u0117.<\/p>\n<p>\u201eSusid\u0117v\u0117j\u0119 vamzdynai buvo sena ir nuolat ramyb\u0117s neduodanti problema \u2013 kartais kur nors pratr\u016bksta, u\u017elieja but\u0105, tada v\u0117l remontai, keitimai. Neapleisdavo baim\u0117, kad ilgesniam laikui i\u0161vykus ir gr\u012f\u017eus gali rasti savo but\u0105 u\u017eliet\u0105. M\u016bs\u0173 bute toki\u0173 atvej\u0173, laimei, nepasitaik\u0117, ta\u010diau kaimynams teko ne kart\u0105 ir ne du su tuo susidurti \u2013 pratr\u016bk\u0119 vamzd\u017eiai yra u\u017eliej\u0119 butus per kelis auk\u0161tus iki pat r\u016bsio\u201c, \u2013 pasakoja S. Tasiukevi\u010dien\u0117.<\/p>\n<p>Darbai u\u017etruko ma\u017eiau nei metus<\/p>\n<p>Did\u017eioji dalis gyventoj\u0173 renovacijos id\u0117j\u0105 palaik\u0117, suprasdami jos b\u016btinyb\u0119 ir ilgalaik\u0119 naud\u0105. Rangos darbai truko \u010dia ma\u017eiau nei metus \u2013 startavo 2024 met\u0173 IV ketvirt\u012f, o baigti buvo 2025 met\u0173 III ketvirt\u012f. Modernizavimo metu atnaujinta \u0161ildymo sistema, in\u017einerin\u0117s sistemos, ap\u0161iltintos sienos, cokolis, stogas, pakeisti langai, \u012fstiklinti balkonai, atnaujinta elektros instaliacija, \u012frengta individuali rekuperacija.<\/p>\n<p>    <img decoding=\"async\" src=\"https:\/\/www.europesays.com\/lt\/wp-content\/uploads\/2026\/04\/dfa612ca-30ae-4742-8620-2f6ea5d61abb.jpg\" loading=\"lazy\" alt=\"Daugiabutis R. Juknevi\u010diaus g. 108, Marijampol\u0117je, po renovacijos\"\/>    <\/p>\n<p>Anot \u0161io renovacijos projekto administratoriaus Ram\u016bno Ramanausko, but\u0173 savininkus renovuotis paskatino ne tik namo b\u016bkl\u0117, bet ir bendrijos pirminink\u0117, kuri jau buvo susid\u016brusi su \u0161iuo procesu bei \u017einojo, koki\u0105 nauda gaunama jam pasibaigus.<\/p>\n<p>\u201ePagrindinis renovacijos tikslas \u2013 taupyti energij\u0105, b\u016btent tai gyventojai pajunta pirmiausia. Suma\u017e\u0117ja i\u0161laidos \u0161ildymui ir kar\u0161tam vandeniui, atsiranda \u012fprotis s\u0105moningiau reguliuoti \u0161ilumos suvartojim\u0105. Kitas labai svarbus aspektas \u2013 prat\u0119stas namo tarnavimo laikas. Da\u017enai senesniuose daugiabu\u010diuose namo \u201ekraujotaka\u201c \u2013 vandentiekio, nuotek\u0173, kar\u0161to vandens ir \u0161ildymo vamzdynai \u2013 jau b\u016bna susid\u0117v\u0117j\u0119 ir tampa tarsi tiksinti bomba iki artimiausios avarijos. Renovacija leid\u017eia \u0161ias sistemas atnaujinti. Galiausiai kei\u010diasi ir pats pastato vaizdas \u2013 modernizuotas fasadas, \u0161iuolaiki\u0161kesn\u0117 i\u0161vaizda suteikia namui estetin\u0117s vert\u0117s ir padidina jo patrauklum\u0105 rinkoje\u201c, \u2013 sako projekto administratorius.<\/p>\n<p>       <img decoding=\"async\" src=\"https:\/\/www.europesays.com\/lt\/wp-content\/uploads\/2026\/04\/6849dc8d-4e63-4c57-a3e3-8da7ea122fd2.jpg\" loading=\"lazy\" alt=\"Daugiabutis R. Juknevi\u010diaus g. 108, Marijampol\u0117je, prie\u0161 renovacij\u0105\"\/>    <\/p>\n<p>Tapo pavyzd\u017eiu, kuris \u012fkvepia kitus<\/p>\n<p>Pasak R. Ramanausko, dar prie\u0161 prasidedant renovacijai prie namo buvo \u012frengta nauja automobili\u0173 stov\u0117jimo aik\u0161tel\u0117. Baigiantis darbams sutvarkyti ir aplink esantys vaik\u0161\u010diojimo takai, aik\u0161tel\u0117s prie \u012f\u0117jim\u0173. Visa tai atgaivino ne tik daugiabut\u012f, bet ir jo aplink\u0105.<\/p>\n<p>\u201e\u0160io daugiabu\u010dio pavyzdys paskatino susidom\u0117ti renovacijos galimyb\u0117mis ir aplinkini\u0173 nam\u0173 gyventojus. Matydami atsinaujinus\u012f fasad\u0105, gird\u0117dami apie sutvarkytas sistemas ir suma\u017e\u0117jusias s\u0105naudas \u017emon\u0117s aktyviau domisi dalyvavimu modernizacijos programoje ir svarsto apie pana\u0161ius sprendimus\u201c, \u2013 pasakoja jis.<\/p>\n<p>    <img decoding=\"async\" src=\"https:\/\/www.europesays.com\/lt\/wp-content\/uploads\/2026\/04\/00b56216-ac64-4ef0-8fdb-eeba0356633c.jpg\" loading=\"lazy\" alt=\"Daugiabutis R. Juknevi\u010diaus g. 108, Marijampol\u0117je, po renovacijos\"\/>    <\/p>\n<p>S. Tasiukevi\u010dien\u0117 priduria, kad po renovacijos gyventojai pirmiausia pastebi akivaizd\u0173 vizualin\u012f pokyt\u012f. \u012eva\u017eiavus \u012f kiem\u0105, atsinaujin\u0119s pastatas i\u0161 karto patraukia ak\u012f \u2013 modernus, tvarkingas, su per vis\u0105 auk\u0161t\u012f \u012fstiklintais vienodais balkonais, kurie suteik\u0117 fasadui vientisumo ir estetikos. Namas tapo matomas i\u0161 toliau, i\u0161siskiriantis bei sulaukiantis pagyr\u0173 ir i\u0161 aplinkini\u0173. Nema\u017eiau svarb\u016bs poky\u010diai \u012fvyko ir but\u0173 viduje.<\/p>\n<p>\u201ePajutome didesn\u012f jaukum\u0105 \u2013 nebeliko dr\u0117gm\u0117s, per sienas ir si\u016bles besiskverbian\u010dio \u0161al\u010dio, i\u0161nyko ir pel\u0117sio problema. Ap\u0161iltintos sienos suteik\u0117 komforto, o atnaujinti vamzdynai saugumo jausm\u0105. Be to, pasikeitus pastato i\u0161vaizdai nat\u016braliai kilo noras pasir\u016bpinti ir jo aplinka \u2013 susid\u0117ti trinkeles, papilti dekoratyvini\u0173 akmen\u0173, pasisodinti pu\u0161eli\u0173. Atsirado augiau r\u016bpes\u010dio ir d\u0117l laiptini\u0173, bendr\u0173 erdvi\u0173 tvarkos\u201c, \u2013 dalinasi gyventoja.<\/p>\n<p>    <img decoding=\"async\" src=\"https:\/\/www.europesays.com\/lt\/wp-content\/uploads\/2026\/04\/b4fea3d8-6ba9-4b42-904e-ea95be3dc28a.jpg\" loading=\"lazy\" alt=\"Daugiabutis R. Juknevi\u010diaus g. 108, Marijampol\u0117je, po renovacijos\"\/>    <\/p>\n<p>Atnaujino ir santykius tarp kaimyn\u0173<\/p>\n<p>Tiek daugiabu\u010dio bendrija ir jos pirminink\u0117, tiek kiti gyventojai labai aktyviai dalyvavo visame procese \u2013 teigiamai pri\u0117m\u0117 administratoriaus si\u016blomas id\u0117jas, \u012fsitrauk\u0117 ir pri\u017ei\u016br\u0117jo renovacijos darbus. Anot pa\u0161nekov\u0117s, modernizacija suvienijo kaimynus. Spr\u0119sdami bendrus klausimus per susitikimus, ie\u0161kodami tinkamiausi\u0173 sprendim\u0173 jie labiau susibendravo, o pats diskusij\u0173 procesas vyko skland\u017eiai ir draugi\u0161kai.<\/p>\n<p>\u201eSvarstantiems apie renovacij\u0105 pirmiausia patar\u010diau nebijoti. I\u0161 ties\u0173 verta. Man svarbiausia \u2013 patikimumas ir ramyb\u0117. Smagu gyventi gra\u017eiame, tvarkingame name, kur jautiesi saugiai. Kai aplinka sutvarkyta, namas esteti\u0161kas, atsiranda ir vidinis jaukumas. Dar didesnis privalumas \u2013 galimyb\u0117 reguliuoti savo s\u0105naudas. Anks\u010diau m\u016bs\u0173 bute b\u016bdavo per kar\u0161ta, netur\u0117davome kaip suma\u017einti \u0161ildymo, tekdavo tiesiog atidaryti langus ir \u0161ilum\u0105 leisti \u012f lauk\u0105. Dabar galime patys nustatyti norim\u0105 temperat\u016br\u0105. \u017diem\u0105 tikrai ne\u0161alta, net ir spaud\u017eiant \u0161al\u010diams, o vasar\u0105 patalpos taip greitai ne\u012fkaista. Tai labai didelis pliusas ir kasdien\u0117je savijautoje, ir s\u0105skaitose\u201c \u2013 sako S. Tasiukevi\u010dien\u0117.<\/p>\n<p>    <img decoding=\"async\" src=\"https:\/\/www.europesays.com\/lt\/wp-content\/uploads\/2026\/04\/b6b136b9-283b-4975-ab00-92d6da7c0cb4.jpg\" loading=\"lazy\" alt=\"Daugiabutis R. Juknevi\u010diaus g. 108, Marijampol\u0117je, po renovacijos\"\/>    <\/p>\n<p>Geriausio met\u0173 renovacijos projekto rinkimai<\/p>\n<p>\u0160is daugiabutis dalyvauja \u201eMet\u0173 renovacijos projekto\u201c rinkimuose, kuriuos rengia Aplinkos projekt\u0173 valdymo agent\u016bra (<a rel=\"noopener nofollow\" target=\"_blank\" href=\"https:\/\/www.delfi.lt\/temos\/apva\" tag-id=\"57747214\">APVA<\/a>). Geriausi\u0105 projekt\u0105 kvie\u010diami rinkti visi Lietuvos gyventojai \u2013 balsavimas u\u017e kandidatus vyks ir laim\u0117tojai bus paskelbti baland\u017eio m\u0117nes\u012f naujien\u0173 portale \u201eDelfi.lt\u201c. Atiduodant savo bals\u0105 APVA skatina tai daryti atsakingai \u2013 susipa\u017einti su kiekvienu projektu ir patyrin\u0117ti, koki\u0105 naud\u0105 po renovacijos gavo daugiabu\u010dio gyventojai.<\/p>\n<p>Skaitytojai raginami atkreipti d\u0117mes\u012f ne tik \u012f daugiabu\u010dio i\u0161vaizd\u0105 po atlikt\u0173 darb\u0173, ta\u010diau ir atsi\u017evelgti \u012f plat\u0173 kriterij\u0173 rat\u0105: tokius parametrus kaip energetinis efektyvumas, atsinaujinan\u010di\u0173 energijos \u0161altini\u0173 diegimas, ind\u0117lis \u012f aplinkosaug\u0105, bendruomeni\u0161kumas (kaip gyventojai kartu sprend\u0117 i\u0161kilusius i\u0161\u0161\u016bkius ir priimin\u0117jo sprendimus), projekto ind\u0117lis \u012f platesn\u012f aplinkos atnaujinim\u0105 ne tik kieme ar gatv\u0117je, o rajone ar net viso miesto mastu.<\/p>\n<p>       <img decoding=\"async\" src=\"https:\/\/www.europesays.com\/lt\/wp-content\/uploads\/2026\/04\/b5257e9c-6acf-493f-9d62-fe5a3672e0c3.jpg\" loading=\"lazy\" alt=\"Daugiabutis R. Juknevi\u010diaus g. 108, Marijampol\u0117je, po renovacijos\"\/>    <\/p>\n<p>Renovuotus daugiabu\u010dius da\u017enai esame link\u0119 vertinti pagal estetin\u012f vaizd\u0105 ar suma\u017e\u0117jusias \u0161ildymo s\u0105naudas, ta\u010diau pastat\u0173 modernizavimo poveikis \u017eymiai platesnis. Ilgalaik\u0117je perspektyvoje tai priemon\u0117 gerinti gyvenimo kokybei, ma\u017einti technin\u0117s prie\u017ei\u016bros i\u0161laidoms ir vykdyti su klimato kaita susijusius \u012fsipareigojimus.<\/p>\n<p>Daugiau informacijos apie \u201eMet\u0173 renovacijos projekto\u201c rinkimus, j\u0173 dalyvi\u0173 istorijas galima rasti APVA Facebook paskyroje.<\/p>\n<p>Projektas \u201eDaugiabu\u010di\u0173 nam\u0173 renovacijos skatinimas\u201c finansuojamas Sanglaudos fondo l\u0117\u0161omis.<\/p>\n<p>Teksto autor\u0117: Benita Gai\u017ei\u016bnait\u0117<\/p>\n<p>Prane\u0161im\u0105 pareng\u0117 APVA. U\u017e pateiktos informacijos atitikim\u0105 tikrovei ir teis\u0117tum\u0105 atsako prane\u0161imo reng\u0117jas.<\/p>\n","protected":false},"excerpt":{"rendered":"Did\u017eiausi\u0105 nerim\u0105 k\u0117l\u0117 vamzdynai R. Juknevi\u010diaus g. esantis daugiabutis prie\u0161 renovacij\u0105 gyventojams nek\u0117l\u0117 nei pasidid\u017eiavimo, nei saugumo jausmo.&hellip;\n","protected":false},"author":2,"featured_media":143776,"comment_status":"","ping_status":"","sticky":false,"template":"","format":"standard","meta":{"footnotes":"","_share_on_mastodon":"0"},"categories":[13],"tags":[25,9969,30,31,21437,34,35,24,32,33,37,39,36,38,40,23,22,28,29,430,26,27],"class_list":["post-143775","post","type-post","status-publish","format-standard","has-post-thumbnail","category-lietuva","tag-antrastes","tag-apva","tag-breaking-news","tag-breakingnews","tag-daugiabucio-renovacija","tag-featured-news","tag-featurednews","tag-headlines","tag-latest-news","tag-latestnews","tag-lietuva","tag-lietuviu","tag-lithuania","tag-lithuanian","tag-lt","tag-naujienos","tag-news","tag-populiariausios-naujienos","tag-populiariausiosnaujienos","tag-renovacija","tag-top-stories","tag-topstories"],"share_on_mastodon":{"url":"https:\/\/pubeurope.com\/@lt\/116332376004464718","error":""},"_links":{"self":[{"href":"https:\/\/www.europesays.com\/lt\/wp-json\/wp\/v2\/posts\/143775","targetHints":{"allow":["GET"]}}],"collection":[{"href":"https:\/\/www.europesays.com\/lt\/wp-json\/wp\/v2\/posts"}],"about":[{"href":"https:\/\/www.europesays.com\/lt\/wp-json\/wp\/v2\/types\/post"}],"author":[{"embeddable":true,"href":"https:\/\/www.europesays.com\/lt\/wp-json\/wp\/v2\/users\/2"}],"replies":[{"embeddable":true,"href":"https:\/\/www.europesays.com\/lt\/wp-json\/wp\/v2\/comments?post=143775"}],"version-history":[{"count":0,"href":"https:\/\/www.europesays.com\/lt\/wp-json\/wp\/v2\/posts\/143775\/revisions"}],"wp:featuredmedia":[{"embeddable":true,"href":"https:\/\/www.europesays.com\/lt\/wp-json\/wp\/v2\/media\/143776"}],"wp:attachment":[{"href":"https:\/\/www.europesays.com\/lt\/wp-json\/wp\/v2\/media?parent=143775"}],"wp:term":[{"taxonomy":"category","embeddable":true,"href":"https:\/\/www.europesays.com\/lt\/wp-json\/wp\/v2\/categories?post=143775"},{"taxonomy":"post_tag","embeddable":true,"href":"https:\/\/www.europesays.com\/lt\/wp-json\/wp\/v2\/tags?post=143775"}],"curies":[{"name":"wp","href":"https:\/\/api.w.org\/{rel}","templated":true}]}}