{"id":14470,"date":"2025-10-10T08:17:11","date_gmt":"2025-10-10T08:17:11","guid":{"rendered":"https:\/\/www.europesays.com\/lt\/14470\/"},"modified":"2025-10-10T08:17:11","modified_gmt":"2025-10-10T08:17:11","slug":"renginiai-vilniuje-kaune-ir-klaipedoje-kur-nueiti-savaitgali","status":"publish","type":"post","link":"https:\/\/www.europesays.com\/lt\/14470\/","title":{"rendered":"Renginiai Vilniuje, Kaune ir Klaip\u0117doje: kur nueiti savaitgal\u012f?"},"content":{"rendered":"\n<p>PENKTADIENIS, spalio 10 d.<\/p>\n<p>18 val. \u201eSting in Jazz\u201c <a rel=\"noopener nofollow\" target=\"_blank\" href=\"https:\/\/www.delfi.lt\/temos\/koncertas\" tag-id=\"43098479\">koncertas<\/a>, \u0160v. Kotrynos ba\u017eny\u010dia (Vilnius)<\/p>\n<p>\u0160iame koncerte atlik\u0117jo Stingo k\u016briniai, tarp kuri\u0173 ir tokie pasauliniai hitai kaip \u201eShape Of My Heart\u201c, \u201eEnglishman in New York\u201c, \u201eDesert Rose\u201c, \u201eFragile\u201c ir kiti, atgims d\u017eiazo ritmu.<\/p>\n<p>18.30 val. spektaklis \u201eS\u016bnus\u201c, Valstybinis jaunimo teatras (Vilnius)<\/p>\n<p>\u0160iuolaikinio pranc\u016bz\u0173 dramaturgo Floriano Zelerio pjes\u0117 \u201eS\u016bnus\u201c \u2013 j\u012f i\u0161garsinusios trilogijos (kitos dvi dalys \u2013 \u201eT\u0117vas\u201c ir \u201eMama\u201c) dalis. Dramaturgas gilinasi \u012f jautrias ir aktualias da\u017enos \u0161eimos gyvenimo temas, neretai slepiamas ir stigmatizuojamas dvasines traumas. Sukurti \u0161i\u0105 pjes\u0119 F. Zeller\u012f paskatino asmenin\u0117 patirtis \u2013 vienas jo s\u016bn\u0173 sirgo psichine liga. Dramaturgas dalijasi patirtomis emocijomis, kad pad\u0117t\u0173 jas i\u0161gyvenantiems pasijusti ne vieniems.<\/p>\n<p>\u0160io spektaklio re\u017eisieriaus Igno Jonyno teigimu, viena esmini\u0173 k\u016brinio tem\u0173 \u2013 kaip m\u016bs\u0173 ego i\u0161balansuoja ne tik mus, bet ir \u0161alia esan\u010dius.<\/p>\n<p>18.30 val. \u201eSirenos&#8217;25\u201c: Katarina ir fa\u0161ist\u0173 \u017eudymo gro\u017eis\u201c, Lietuvos nacionalinis dramos teatras (Vilnius)<\/p>\n<p>Spektaklis kelia klausim\u0105 \u2013 kas yra fa\u0161izmas? Ar kovojant u\u017e geresn\u012f pasaul\u012f leistina griebtis smurto? Ar galime ginti demokratij\u0105 priemon\u0117mis ir ginklais, kurios savo esme yra antidemokratin\u0117s?<\/p>\n<p>Kurdama \u0161\u012f spektakl\u012f k\u016brybin\u0117 grup\u0117 studijavo totalitarizmo, smurto ir radikali\u0173 de\u0161ini\u0173j\u0173 minties i\u0161kilimo Europoje tekstus bei pavidalus. Dirbdami su \u0161ia tema k\u016br\u0117jai r\u0117m\u0117si Hannos Arendt, Slavojaus \u017di\u017eeko tekstais, taip pat pasitelk\u0117 pla\u010di\u0105 autori\u0173 palet\u0119 nuo Sofoklio iki Alberto Camus ir Edwardo Bondo. Nema\u017eai d\u0117mesio buvo skirta ir populist\u0173 lyderi\u0173 kalb\u0173 analiz\u0117ms \u2013 Trumpo, Bolsonaro, Orb\u00e1no. <\/p>\n<p>Apie \u0161\u012f spektakl\u012f Marta Moreira intro.pt ra\u0161\u0117: \u201e\u0160is spektaklis pasiek\u0117 tok\u012f meistri\u0161kumo lyg\u012f, kad, jei kas nors j\u012f pavadint\u0173 manifestu, tai b\u016bt\u0173 manifestas, apibendrinantis teatro svarb\u0105 \u0161iuolaikin\u0117je visuomen\u0117je.\u201c<\/p>\n<p>19 val. \u201eLENsemble\u201c koncertas \u201ePoky\u010di\u0173 grandin\u0117\u201c, Energetikos ir technikos muziejus (Vilnius)<\/p>\n<p>\u201ePoky\u010di\u0173 grandin\u0117\u201c \u2013 tai k\u016brybinis principas, kuomet kiekvienas naujas muzikinis etapas remiasi ir vysto prie\u0161 tai buvus\u012f. Tokiu b\u016bdu bendras koncerto skambesys tampa tarsi viena t\u0119stin\u0117 kompozicijos linija. \u0160is rekomponavimo principas b\u016bdingas Vykinto Baltako k\u016brybai, tod\u0117l koncertas pradedamas jo re(a)Line saksofonui(-ams) ir elektronikai. Solistas, elektronikos pagalba, kuria vien\u0105 nuosekli\u0105 linij\u0105, kuri\u0105, prad\u017eioje pats \u012fra\u0161\u0119s, toliau t\u0119sia ir nuolat transformuoja.<\/p>\n<p>Pagrindiniai koncerto atlik\u0117jai \u2013 Liudas Mock\u016bnas ir jaunoji saksofonist\u0173 karta, LMTA \u0161iuolaikin\u0117s muzikos atlikimo programos absolventai, studij\u0173 metu derin\u0119 akademin\u0119 muzik\u0105 su laisva improvizacija.<\/p>\n<p>19 val. Anne Luisa Kramb grie\u017eia F. Mendelssohn\u0105, LVSO koncert\u0173 sal\u0117 (Vilnius)<\/p>\n<p>Lietuvos valstybinis simfoninis orkestras savo klausytojus kvie\u010dia i\u0161girsti jaun\u0105 ir talenting\u0105 vokie\u010di\u0173 smuikinink\u0119 Anne Luis\u0105 Kramb kartu su i\u0161skirtinio gro\u017eio romantizmo muzikos genij\u0173 Johanneso Brahmso, Felixo Mendelssohno ir Anton\u00edno Dvo\u0159\u00e1ko k\u016brini\u0173 programa.<\/p>\n<p>19 val. spektaklis \u201eBado meistras\u201c, teatras \u201eMeno fortas\u201c (Vilnius)<\/p>\n<p>\u201eBado meistras\u201c yra Vienas paskutini\u0173j\u0173 Franz&#8217;o Kafkos apsakym\u0173, apibendrinantis vis\u0105 jo k\u016bryb\u0105, etines ir estetines nuostatas, po\u017ei\u016br\u012f \u012f gyvenim\u0105. Tai pasakojimas apie Meninink\u0105, gebant\u012f badauti ne\u012ftik\u0117tinai ilgai ir sutraukiant\u012f minias susi\u017eav\u0117jusi\u0173 \u017ei\u016brov\u0173. Deja, laikai ir publikos pom\u0117giai kei\u010diasi ir nepralenkiamas Bado ,eistras, kad ir pasiek\u0119s savo meno vir\u0161\u016bn\u0119, mir\u0161ta vieni\u0161as, vis\u0173 u\u017emir\u0161tas cirko u\u017ekulisiuose.<\/p>\n<p>Eimunto Nekro\u0161iaus spektaklis \u2013 re\u017eisieriaus ir aktori\u0173 improvizacij\u0173 F. Kafkos apsakymo tema rezultatas.<\/p>\n<p>19.30 val. \u201eDenuit (FR) Live + Orai Live + Polyester (DJ)\u201c koncertas, Kirtim\u0173 kult\u016bros centras (Vilnius)<\/p>\n<p>Koncertas, kuriame gyvus pasirodymus surengs darkwave \/ darkpop duetas i\u0161 Pranc\u016bzijos \u201eDenuit\u201c ir elektroninio postpanko grup\u0117 \u201eOrai\u201c, o vakaro atmosfer\u0105 kurs \u201ePolyester DJ\u201c pasirodymas.<\/p>\n<p>20 val. \u201eGra\u017ei ir ta galinga: Lietuvos moterys\u201c, muzikos klubas \u201eTamsta\u201c (Vilnius)<\/p>\n<p>Scenoje greta muzikos ir dain\u0173 tekst\u0173 autori\u0173, aktori\u0173 Vaivos Kvedaravi\u010di\u016bt\u0117s, Rugil\u0117s Latv\u0117nait\u0117s, Ievos Pak\u0161tyt\u0117s, Astos Zacharovait\u0117s, Marijos \u017demaityt\u0117s pasirodys ir pasiut\u0117l\u0117 \u017demait\u0117, d\u0117l meil\u0117s akis i\u0161verkusi Barbora, tarpukario bandit\u0117 Tekl\u0117, b\u016brys ragan\u0173, kr\u016bva -ieni\u0173, m\u016bs\u0173 ir j\u016bs\u0173 mo\u010diu\u010di\u0173 bei gausyb\u0117 vis\u0173 kit\u0173 Lietuvos istorijoje viet\u0105 i\u0161sikovojusi\u0173, pamir\u0161t\u0173, gra\u017ei\u0173 ir galing\u0173 moter\u0173.<\/p>\n<p>20.30 val. \u201eLatvian Blues Band\u201c koncertas, \u201eJazz Cellar 11\u201c (Vilnius)<\/p>\n<p>Vilniuje koncertuos vienas geriausi\u0173 ne tik Europoje, bet ir pasaulyje bliuzo kolektyv\u0173. 2000-aisiais Kanados bliuzo \u017evaig\u017ed\u0117 Johnny V \u012fra\u0161\u0117 album\u0105 su Latvijos bliuzo muzikantais, paskui sek\u0117 koncertinis turas Kanadoje, o tai ir tapo \u0161ios grup\u0117s prad\u017eia. Ji pasirod\u0117 daugyb\u0117je Europos, Afrikos ir Azijos \u0161ali\u0173, koncertavo JAV.<\/p>\n<p>    <img decoding=\"async\" src=\"https:\/\/www.europesays.com\/lt\/wp-content\/uploads\/2025\/10\/71263f60-61aa-11ed-b128-39861988b8e9.jpg\" loading=\"lazy\" alt=\"Latvian Blues Band\"\/>    <\/p>\n<p>\u0160E\u0160TADIENIS, spalio 11 d.<\/p>\n<p>14 val. mokslinis nuotykis visai \u0161eimai \u201eEvoliucija\u201c, Vilniaus teatras \u201eL\u0117l\u0117\u201c (Vilnius)<\/p>\n<p>I\u0161 meil\u0117s mokslui lengvai pami\u0161\u0119s ekscentri\u0161kasis Mokslininkas spektaklio \u017ei\u016brovus pakvies \u012f savo mokslin\u0119 laboratorij\u0105 \u2013 \u010dia jis atliks \u012fvairius eksperimentus, i\u0161sikvies evoliucijos kelyje seniai i\u0161nykusius gyv\u016bnus, o vaizdo projekcijomis iliustruos Visatos atsiradimo ir civilizacij\u0173 gimimo istorij\u0105<\/p>\n<p>18 val. Aidas Giniotis ir grup\u0117 \u201ePlumBum\u201c: \u201eNenusig\u0105sk \u2013 tai mes\u201c, \u0160v. Kotrynos ba\u017eny\u010dia (Vilnius)<\/p>\n<p>Aidas Giniotis su grupe \u201ePlumBum\u201c pristatys visiems puikiai \u017einomo dainuojamosios poezijos pradininko Vytauto Kernagio ir kit\u0173 \u017einom\u0173 bard\u0173 bei \u201eKeistuoli\u0173\u201c teatro dain\u0173 program\u0105 \u201eNenusig\u0105sk \u2013 tai mes\u201c.<\/p>\n<p>18 val. performansas \u201eVecera \/ Flux\u201c, Liepkalnio vandens saugykla (Vilnius)<\/p>\n<p>Festivalis \u201eMuzikos ruduo\u201c keliasi \u012f retai renginiams duris atverian\u010di\u0105 ypating\u0105 erdv\u0119 \u2013 sostin\u0117s Liepkalnio vandens saugykl\u0105, kur pristatys jaunosios kartos kompozitoriaus, muzikos prodiuserio ir tarpdisciplininio meno k\u016br\u0117jo Pauliaus Ve\u010deros performans\u0105 \u201eVecera \/ Flux\u201c.<\/p>\n<p>18.30 val. komedija \u201eUrvinis \u017emogus\u201c, \u201eDomino\u201c teatras (Vilnius)<\/p>\n<p>Komedija \u201eUrvinis \u017emogus\u201c nagrin\u0117ja veikiausiai niekada i\u0161 mados nei\u0161eisian\u010di\u0105 tem\u0105 \u2013 vyr\u0173 ir moter\u0173 santykius bei j\u0173 dinamik\u0105. Spektaklyje atsiskleid\u017eia \u0161maik\u0161t\u016bs ly\u010di\u0173 skirtumai gyvenimi\u0161kose situacijose, kuriose save atpa\u017eins tiek vyrai, tiek moterys. Visi\u0161kai naujame spektaklio pastatyme vaidmen\u012f atlieka aktorius Paulius Valaskevi\u010dius.<\/p>\n<p>19 val. \u0161okio, muzikos ir teatro spektaklis \u201eKelion\u0117 namo\u201c, Men\u0173 spaustuv\u0117 (Vilnius)<\/p>\n<p>\u201eKelion\u0117je namo\u201c susijungia skirtingos meno sritys: \u0161okis, vaidyba, muzika ir literat\u016bra. Spektaklio a\u0161is \u2013 t\u0117v\u0173 ir suaugusi\u0173 vaik\u0173 santykiai bei pastangos kalb\u0117tis apie tai, kas skaudu, nutylima, bet tikra, \u2013 ko nedr\u012fstame ar nemokame vieni kitiems pasakyti.<\/p>\n<p>    <img decoding=\"async\" src=\"https:\/\/www.europesays.com\/lt\/wp-content\/uploads\/2025\/10\/a83ed650-bda4-11ed-9d3f-97a718eafe1e.jpg\" loading=\"lazy\" alt=\"\u201eKelion\u0117 namo\u201c\"\/>    <\/p>\n<p>19 val. koncertas Arvo P\u00e4rto 90-me\u010diui: \u201eGlasperlenspiel Sinfonietta\u201c, Hansas Christianas Aavikas, Andres Kaljuste, Lietuvos nacionalin\u0117 filharmonija (Vilnius)<\/p>\n<p>\u012e Lietuvos nacionalin\u0117s filharmonijos scen\u0105 sugr\u012f\u017eta Estijos orkestras \u201eGlasperlenspiel Sinfonietta\u201c, ne tik meistri\u0161kai atliekantis klasikos \u0161edevrus, bet ir aktyviai dalyvaujantis inovatyviuose projektuose bei inicijuojantis naujus k\u016brinius. \u0160is koncertas skiriamas legendinio, geriausiai pasaulyje \u017einomo est\u0173 kompozitoriaus Arvo P\u00e4rto 90-me\u010diui. Sakoma, kad jo muzika hipnotizuoja klausytoj\u0105 ir tirpdo realaus laiko poj\u016bt\u012f \u2013 tai lyg meditatyvin\u0117 kelion\u0117 po harmonijos s\u0105skambius.<\/p>\n<p>19 val. Simono Mikniaus koncertas \u201eFortepijono vizijos\u201c, Muzikos magijos klubas (Vilnius)<\/p>\n<p>Pianisto Simono Mikniaus koncertas, kurio programoje telpa klasicizmo elegancija, romantizmo ilgesys, tautinio identiteto \u0161aknys ir \u0161iuolaikin\u0117s muzikin\u0117s palet\u0117s paradoksai.<\/p>\n<p>20.30 val. \u201eVeronika ChiChi Quartet\u201c koncertas, \u201eJazz Cellar 11\u201c (Vilnius)<\/p>\n<p>Veronika ChiChi yra gerai \u017einomos retro d\u017eiazo grup\u0117s \u201eThe Ditties\u201c vokalist\u0117, taip pat viena ry\u0161kiausi\u0173 d\u017eiazo vokalis\u010di\u0173 Lietuvoje. Su savo kvartetu ji pristato nauj\u0105 k\u016brybos etap\u0105, naujus k\u016brinius, nauj\u0105 skambes\u012f.<\/p>\n<p>SEKMADIENIS, spalio 12 d. <\/p>\n<p>12 val. festivalio \u201eInto the Open\u201c u\u017edarymo koncertas, Lietuvos nacionalin\u0117 filharmonija (Vilnius)<\/p>\n<p>Lietuvos nacionalin\u0117je filharmonijoje bus pristatytas bendras Lietuvos muzikos ir teatro akademijos Kamerinio ansamblio katedros student\u0173 ir Berlyno valstybin\u0117s operos \u201eUnter den Linden\u201c ansamblio koncertas.<\/p>\n<p>12 val. muzikinis <a rel=\"noopener nofollow\" target=\"_blank\" href=\"https:\/\/www.delfi.lt\/temos\/spektaklis\" tag-id=\"60044079\">spektaklis<\/a> \u201eTrimito skrydis\u201c, LSPO repeticij\u0173 sal\u0117 (Vilnius)<\/p>\n<p>Muzikin\u0117je pasakoje \u201eTrimito skrydis\u201c vaikai bus supa\u017eindinami su pasaulio muzika. \u017di\u016brov\u0173 sal\u0117 virs l\u0117ktuvu, o \u017ei\u016brovai \u2013 jo keleiviais.<\/p>\n<p>Spektaklyje smulkioji lietuvi\u0173 tautosaka, t. y. m\u012fsl\u0117s, \u017eaidinimai, taip pat senovin\u0117s apeigin\u0117s dainos saul\u0117s, laim\u0117s ir vaiko gimimo tema sugul\u0117 drauge su balti\u0161kuoju saul\u0117s mitu. Pasak spektaklio k\u016br\u0117jo Gedimino \u017dilio, \u010dia labai svarbus susitikimas ir dalijimasis: \u201eSpektaklio tikslas yra sukurti erdv\u0119, kurioje vaikas ir mama, \u017ei\u016brovai ir aktoriai dalint\u0173si (\u201etam dav\u0117, tam dav\u0117\u201c) artumu, betarpi\u0161ku ry\u0161iu. Pats dalijimosi principas \u010dia yra labai svarbus\u201c.<\/p>\n<p>12.00 ir 14.00 val. l\u0117li\u0173 ir objekt\u0173 spektaklis vaikams \u201eSakm\u0117 apie ais\u010dius\u201c, Vilniaus teatras \u201eL\u0117l\u0117\u201c (Vilnius)<\/p>\n<p>\u201eIstorija \u201e Sakm\u0117 apie ais\u010dius \u201e \u2013 tai pasakojimas apie Did\u012fj\u012f Ais\u010di\u0173 \u017dyg\u012f. Apie tai, kaip prie\u0161 10 000 met\u0173 ais\u010di\u0173 tauta nuo senojo Nilo \u017eio\u010di\u0173 pakilo \u012f kelion\u0119 \u012f savo Pa\u017ead\u0117t\u0105j\u0105 \u017dem\u0119 prie dabartin\u0117s Baltijos j\u016bros\u201c, \u2013 sak\u0117 knygos autor\u0117 Audron\u0117 Ilgevi\u010dien\u0117-Astr\u0117ja. Spektaklis sukurtas tam, kad knyga \u012fgyt\u0173 gyv\u0105 pavidal\u0105. Sakm\u0117 pasi\u017eymi vaizdinga, gyva kalba, tod\u0117l scenoje siekiama perteikti bent dalel\u0119 to, kas joje u\u017era\u0161yta.<\/p>\n<p>15.00, 17.00 ir 19.00 val. spektaklis \u201eTarpe\u201c, \u201eMroj-Hall\u201c teatras (Vilnius)<\/p>\n<p>Pusiau autobiografin\u0117 pjes\u0117, tyrin\u0117janti palestinie\u010di\u0173 ir izraelie\u010di\u0173 tapatyb\u0117s sud\u0117tingum\u0105 ir prie\u0161taravimus. Joje pasakojama apie Ibrahim\u0105 Miari, palestinie\u010di\u0173 musulmon\u0173 t\u0117vo ir \u017eyd\u0117s izraeliet\u0117s motinos s\u016bn\u0173, gyvenant\u012f dviej\u0173 kult\u016br\u0173 sand\u016broje. Pjes\u0117je nagrin\u0117jamos gilios tapatyb\u0117s, kult\u016bros, religijos ir tradicij\u0173 temos, \u012fr\u0117mintos ilgalaik\u0117je \u012ftampoje tarp \u017eyd\u0173 ir arab\u0173, izraelie\u010di\u0173 ir palestinie\u010di\u0173.<\/p>\n<p>18 val. geriausios balad\u0117s su J. Miliumi ir \u010c. Gabaliu, \u0160v. Kotrynos ba\u017eny\u010dia (Vilnius)<\/p>\n<p>Did\u017eiul\u0119 charizm\u0105 ir scenin\u0119 patirt\u012f turintys atlik\u0117jai \u010ceslovas Gabalis ir Jeronimas Milius surengs koncert\u0105, kuriame akusti\u0161kai suskamb\u0117s \u017einomos pop ir roko balad\u0117s. Klausytojai tur\u0117s galimyb\u0119 i\u0161girsti geriausius Rodo Stewarto, Stingo, \u201eScorpions\u201c, Bryano Adamso, U2, \u201eQueen\u201c, Bon Jovi, \u201eWhitesnake\u201c ir kit\u0173 roko legend\u0173 hitus.<\/p>\n<p>       <img decoding=\"async\" src=\"https:\/\/www.europesays.com\/lt\/wp-content\/uploads\/2025\/10\/715966f0-a2dd-11ed-b06a-eb841d712fcd.jpg\" loading=\"lazy\" alt=\"\u0160v. Kotrynos ba\u017eny\u010dia\"\/>    <\/p>\n<p>18 val. egocentri\u0161ka komedija \u201ePuol\u0119 dievai\u201c, koncert\u0173 sal\u0117 \u201eCompensa\u201c (Vilnius)<\/p>\n<p>Keturi senstantys operos dainininkai susitinka seneli\u0173 namuose, kuriuose gyvena buv\u0119 muzikantai. Jie m\u0117gina susitaikyti su praeities \u0161love ir dabarties nuosmukiu. Vis\u0173 j\u0173 santykius temdo senos ambicijos, pavydas ir nei\u0161spr\u0119sti konfliktai. Ta\u010diau muzika tampa jiems prieglobs\u010diu ir galimybe dar kart\u0105 patirti praeities didyb\u0119. Pjes\u0117 jautriai kalba apie senatv\u0119, orum\u0105 ir meno gali\u0105 i\u0161saugoti \u017emogaus tapatyb\u0119. Vaidina: Inga Ma\u0161karina, Inesa Paliulyt\u0117, Ar\u016bnas Sakalauskas, Arvydas Dap\u0161ys.<\/p>\n<p>19 val. Lietuvos ir Ukrainos pianist\u0173 duet\u0173 dedikacija \u010ciurlionio metams, Lietuvos nacionalin\u0117 filharmonija (Vilnius)<\/p>\n<p>Lietuvos nacionalin\u0117s filharmonijos scenoje susitiks du i\u0161kil\u016bs fortepijoniniai duetai \u2013 R\u016bta Rikter\u0117 ir Zbignevas Ibelhauptas bei Jurijus Kotas ir Iryna Aleksiychuk, jie pareng\u0117 \u012ftraukian\u010di\u0105 ir stilisti\u0161kai marg\u0105 program\u0105. \u0160is fortepijono muzikos vakaras skiriamas Mikalojui Konstantinui \u010ciurlioniui, i\u0161girsite jo simfonin\u0119 poem\u0105 \u201eMi\u0161ke\u201c ir gan retai atliekamus vargon\u0173 preliudus.<\/p>\n<p>20 val. ansamblio \u201eL&#8217;Arpeggiata\u201c koncert \u201eAlla Napoletana\u201c: Spalvingojo Neapolio garsovaizd\u017eiai\u201c, Valdov\u0173 r\u016bmai (Vilnius)<\/p>\n<p>XVII a. Neapolis buvo laikomas muzikos sostine, operos ir commedia dell\u2019arte lop\u0161iu. Presti\u017ein\u0117se Neapolio konservatorijose mokslus baig\u0117 i\u0161kil\u016bs muzikantai, kompozitoriai. Koncerte ansamblis \u201eL&#8217;Arpeggiata\u201c pristatys ankstyvojo baroko vokalin\u0119 muzik\u0105 ir neapolie\u010di\u0173 liaudies dainas, kuriose apdainuojamos \u012fvairios temos.<\/p>\n<p>PENKTADIENIS, spalio 10 d.<\/p>\n<p>18 val. KMSO sezono prad\u017eios koncertas \u201eArfos ir orkestro magija: pranc\u016bz\u0173 muzikos vakaras\u201c, Kauno valstybin\u0117 filharmonija (Kaunas)<\/p>\n<p>Nauj\u0105j\u012f koncertin\u012f sezon\u0105 Kauno miesto simfoninis orkestras pradeda ypatingu vakaru, skirtu pranc\u016bzi\u0161kos muzikos elegancijai, spalvoms ir jausm\u0173 subtilumui. Scenoje \u2013 i\u0161skirtiniai atlik\u0117jai i\u0161 Lietuvos ir Pranc\u016bzijos, kuri\u0173 meistryst\u0117 ir charizma \u017eada nepamir\u0161tam\u0105 muzikin\u0119 kelion\u0119.<\/p>\n<p>18.30 val. komedija \u201eUrvinis \u017emogus\u201c, Kauno kult\u016bros centras (Kaunas)<\/p>\n<p>Komedija \u201eUrvinis \u017emogus\u201c nagrin\u0117ja veikiausiai niekada i\u0161 mados nei\u0161eisian\u010di\u0105 tem\u0105 \u2013 vyr\u0173 ir moter\u0173 santykius bei j\u0173 dinamik\u0105. Spektaklyje atsiskleid\u017eia \u0161maik\u0161t\u016bs ly\u010di\u0173 skirtumai gyvenimi\u0161kose situacijose, kuriose save atpa\u017eins tiek vyrai, tiek moterys. Visi\u0161kai naujame spektaklio pastatyme vaidmen\u012f atlieka aktorius Paulius Valaskevi\u010dius.<\/p>\n<p>19 val. R\u016bta \u0160\u010diogolevait\u0117 \u201eSimply The Best \/ Tina Turner Tribute\u201c, VDU did\u017eioji sal\u0117 (Kaunas)<\/p>\n<p>R\u016bta \u0160\u010diogolevait\u0117 kvie\u010dia \u012f gaivali\u0161k\u0105, energing\u0105 ir u\u017eburiant\u012f koncert\u0105, kuriame \u012fk\u016bnys vien\u0105 garsiausi\u0173 vis\u0173 laik\u0173 dainininki\u0173 \u2013 Tin\u0105 Turner. Koncerte klausytojai i\u0161girs puikiai pa\u017e\u012fstamas amerikie\u010di\u0173 atlik\u0117jos dainas, tarp kuri\u0173 \u2013 ir romanti\u0161kos balad\u0117s, ir ritmingi hitai: \u201eSimply The Best\u201c, \u201eGolden Eye\u201c, \u201eProud Marry\u201c, \u201ePrivate Dancer\u201c ir kt.<\/p>\n<p>       <img decoding=\"async\" src=\"https:\/\/www.europesays.com\/lt\/wp-content\/uploads\/2025\/10\/4921c2ef-ee72-4ea6-b8a7-ba34b3766d3a.jpg\" loading=\"lazy\" alt=\"R\u016bta \u0160\u010diogolevait\u0117\"\/>    <\/p>\n<p>19 val. festivalis \u201eKaunas Blues 2025\u201c, Kauno sporto hal\u0117 (Kaunas)<\/p>\n<p>Tai tre\u010diasis tarptautinis miesto bliuzo festivalis \u201eKaunas Blues\u201c. Penktadienio vakar\u0105 koncertuos sunkaus bliuzroko kolektyvas \u201eFuzzrider\u201c i\u0161 Graikijos.<\/p>\n<p>\u0160E\u0160TADIENIS, spalio 11 d.<\/p>\n<p>12 val. spektaklis visai \u0161eimai \u201e\u0160iltnamis\u201c, Kauno valstybinis l\u0117li\u0173 teatras (Kaunas)<\/p>\n<p>Tai \u0161iuolaikin\u0117 ekologin\u0117 pasaka apie tai, kaip i\u0161saugoti, kas trapu, ir kaip draugyst\u0117 bei geri pavyzd\u017eiai gali keisti pasaul\u012f.<\/p>\n<p>13 val. ekskursija Pa\u017eaislio kamalduli\u0173 vienuolyne-sakraliojo meno \u0161ventov\u0117je, Pa\u017eaislio vienuolynas (Kaunas)<\/p>\n<p>Ap\u017ei\u016br\u0117site XVII a. ital\u0173 meninink\u0173 sukurt\u0105 vienuolyno ir ba\u017eny\u010dios dekor\u0105, i\u0161girsite, kokios stebuklingos istorijos u\u017ekoduotos kiekviename meno k\u016brynyje, kiekvienoje freskoje, su\u017einosite apie brolius eremitus ir ne\u012fkainojam\u0105 LDK kanclerio Zigmundo Kristupo Paco ind\u0117l\u012f \u012f vienuolyno statyb\u0105.<\/p>\n<p>17 val. \u201eSlov\u0117nijos aidai\u201c, Kauno valstybin\u0117 filharmonija (Kaunas)<\/p>\n<p>Garsus Slov\u0117nijos klarnetininkas Darko Brlekas gr\u012f\u017eta \u012f Kauno filharmonijos scen\u0105, kur su Lietuvos kameriniu orkestru, diriguojamu Roberto \u0160erveniko, pristatys bendr\u0105 koncertin\u0119 program\u0105. Jos pirmoje dalyje skamb\u0117s Wolfgangas Amadeus Mozartas \u2013 Divertismentas F-dur, KV 138, Koncertas klarnetui ir orkestrui A-dur, KV 622; antroje dalyje \u2013 Wolfgangas Amadeus Mozartas \u2013 Simfonija Nr. 40 g-moll, KV 550.<\/p>\n<p>17 val. komedija \u201eAtiduodu \u017emon\u0105\u201c, Kauno kult\u016bros centro Girstu\u010dio padalinys (Kaunas)<\/p>\n<p>Komedija apie meil\u0119, draugyst\u0119 ir klasting\u0105 plan\u0105. Lukas (Justinas Jankevi\u010dius), i\u0161sisukin\u0117jimo meistras, sugalvoja \u201ek\u016brybi\u0161k\u0105\u201c id\u0117j\u0105, kaip i\u0161vengti santuokos su savo su\u017ead\u0117tine R\u016bta (Sandra Dauk\u0161ait\u0117-Petrul\u0117n\u0117). Jis papra\u0161o savo draugo Adomo (Valentinas Krulikovskis) suvilioti jo b\u016bsim\u0105 \u017emon\u0105. Lukas tiki, kad \u0161is planas pad\u0117s jam i\u0161lipti i\u0161 santyki\u0173 balos sausam.<\/p>\n<p>       <img decoding=\"async\" src=\"https:\/\/www.europesays.com\/lt\/wp-content\/uploads\/2025\/10\/7aa60feb-f15b-4626-8510-db60adfdb3de.jpg\" loading=\"lazy\" alt=\"Komedija \u201eAtiduodu \u017emon\u0105\u201c\"\/>    <\/p>\n<p>19 val. muzikinis spektaklis \u201eSlabodk\u0117s Vy\u0161nel\u0117\u201c (su vertimu \u012f gest\u0173 kalb\u0105), Kauno kult\u016bros centras (Kaunas)<\/p>\n<p>\u0160iltas ir nostalgi\u0161kas aktoriaus ir muzikanto Dominyko Vaitiek\u016bno muzikinis spektaklis, kuriame skamba tikros istorijos i\u0161 Dominyko ir jo \u0161eimos gyvenimo.<\/p>\n<p>19 val. festivalis \u201eKaunas Blues 2025\u201c, Kauno sporto hal\u0117 (Kaunas)<\/p>\n<p>Tai tre\u010diasis tarptautinis miesto bliuzo festivalis \u201eKaunas Blues\u201c. \u0160e\u0161tadienio vakar\u0105 koncertuos pranc\u016bz\u0173 grup\u0117 \u201eDelgres\u201c. Klausant jos muzikos pirmiausia i\u0161kyla tokios asociacijos: bliuzas, kuris ir atsigr\u0119\u017eia \u012f savo \u0161aknis, dr\u0105siai \u017ei\u016bri \u012f ateit\u012f ir laisvai mai\u0161osi su kit\u0173 kult\u016br\u0173 muzika (Afrikos, Amerikos, Pranc\u016bzijos).<\/p>\n<p>21 val. \u201eVed\u0119s, Neturi Draug\u0173\u201c, Kauno miesto kamerinis teatras (Kaunas)<\/p>\n<p>Tai ne tik da\u017eno lietuvio vyro realyb\u0117, bet ir Evaldo Jasai\u010dio ketvirtasis, solinis stand-up turas. Sukaupta nema\u017ea patirtis komedijoje, geri koleg\u0173 vertinimai ir pilnos sal\u0117s rodo, kad Evaldas yra vienas geriausi\u0173 augan\u010di\u0173 komik\u0173 Lietuvoje. Jis su pasidalys santuokinio gyvenimo vargais, skaud\u017eia vaikyste, gyvenimo absurdu ir ma\u017eiausiai romanti\u0161ka bei tragi\u0161ka istorija, kaip ir kokiomis aplinkyb\u0117mis rado sau \u017emon\u0105.<\/p>\n<p>SEKMADIENIS, spalio 12 d. <\/p>\n<p>12 val. spektaklis visai \u0161eimai \u201e\u0160iltnamis\u201c, Kauno valstybinis l\u0117li\u0173 teatras (Kaunas)<\/p>\n<p>Tai \u0161iuolaikin\u0117 ekologin\u0117 pasaka apie tai, kaip i\u0161saugoti, kas trapu, ir kaip draugyst\u0117 bei geri pavyzd\u017eiai gali keisti pasaul\u012f.<\/p>\n<p>12 val. spektaklis \u201e\u017dydroji pauk\u0161t\u0117\u201c, Nacionalinis Kauno dramos teatras (Kaunas)<\/p>\n<p>Spektaklyje sekama alegorin\u0117 Nobelio premijos laureato M. Maeterlincko pasaka apie tai, kaip tams\u0173 \u0161v. Kal\u0117d\u0173 vakar\u0105 du vaikai gauna u\u017eduot\u012f surasti ir pagauti \u017dydr\u0105j\u0105 pauk\u0161t\u0119. Jie leid\u017eiasi \u012f nuotyki\u0173 ir stebukl\u0173 kupin\u0105 kelion\u0119 po fantastinius pasaulius, r\u016bmus ir sodus. Ta\u010diau tam, kad j\u0105 surast\u0173, neu\u017etenka ry\u017eto ir dr\u0105sos \u012fveikti didelius atstumus, susitikti su \u0161viesos ir tamsos galiomis, g\u0117rio ir blogio pasauliais, reikia vieno paprasto ir tuo pa\u010diu stebuklingo dalyko \u2013 sugeb\u0117ti pamatyti tai, kas neregima.<\/p>\n<p>17 val. spektaklis \u201eDviese ant stogo\u201c, VDU did\u017eioji sal\u0117 (Kaunas)<\/p>\n<p>Komi\u0161k\u0173 situacij\u0173 kupinoje romantin\u0117je dramoje pagrindinius vaidmenis atlieka aktorius ir dainininkas Mantas Jankavi\u010dius ir aktor\u0117 Adel\u0117 \u0160uminskait\u0117. J\u0173 duetas pasakoja apie ne\u012fmanom\u0105 dviej\u0173 jaun\u0173 \u017emoni\u0173 meil\u0119, ilges\u012f ir l\u016bkes\u010dius, primena apie laikui nepavald\u017eias vertybes.<\/p>\n<p>18 val. nuotyki\u0173 komedija \u201eAuk\u0161takulniais per santuok\u0105\u201c, Kauno kult\u016bros centro Girstu\u010dio padalinys (Kaunas)<\/p>\n<p>Ji \u2013 auk\u0161takulni\u0173 maniak\u0117, jis \u2013 vyras, kuriam jau seniai tr\u016bksta ne tik gaminamos vakarien\u0117s, bet ir d\u0117mesio. Vietoj vakarien\u0117s \u2013 nauji batai, vietoj pokalbi\u0173 \u2013 s\u0105skaitos, o vietoj artumo \u2013 nuotolis. Jie \u2013 pora, kuriai baig\u0117si \u017eod\u017eiai. Rutina, nei\u0161sipild\u0119 l\u016bkes\u010diai, smulk\u016bs gin\u010dai, kurie tapo kasdienybe. Skyrybos suplanuotos, emocijos i\u0161sikv\u0117pusios, planai pad\u0117ti ta\u0161k\u0105 \u2013 jau rytoj. Ir, kai atrodo, kad viskas krypsta skyryb\u0173 link, pasirodo kaimynas su stulbinama paslaptimi. Galb\u016bt atsitiktinai, o gal ir ne visai.<\/p>\n<p>Renginiai Klaip\u0117doje<\/p>\n<p>PENKTADIENIS, spalio 10 d.<\/p>\n<p>17.30 val. \u201ePokalbiai su Klaip\u0117dos menininkais\u201c, vie\u0161butis \u201eR\u0117ja\u201c (<a rel=\"noopener nofollow\" target=\"_blank\" href=\"https:\/\/www.delfi.lt\/temos\/klaipeda\" tag-id=\"39307167\">Klaip\u0117da<\/a>)<\/p>\n<p>Menininkai (Rodionas Petrovas, Remigijus Treigys, Ar\u016bn\u0117 Baronait\u0117, Vitalija Petraityt\u0117) pasidalys savo k\u016brybos kelio istorijomis, atskleis, kaip gimsta id\u0117jos ir ateina \u012fkv\u0117pimas, kaip atrodo j\u0173 kasdienyb\u0117 ir darbas studijoje. Bus kalbama ir apie tai, ar menas turi puo\u0161ti, ar versti susim\u0105styti, ar tiesa, kad menininkai dirba tik pagal nuotaik\u0105, kaip atrodo k\u016br\u0117jo kelias Lietuvoje ir u\u017esienyje.<\/p>\n<p>18.30 val. festivalio \u201ePermain\u0173 muzika\u201c u\u017edarymo koncertas, Klaip\u0117dos koncert\u0173 sal\u0117 (Klaip\u0117da)<\/p>\n<p>Skamb\u0117s misti\u0161koji Arvo P\u00e4rto muzika, Tibeto mantr\u0173 \u012fkv\u0117ptas Peeterio V\u00e4hi k\u016brinys, kaip visad savo netik\u0117tumu nustebins legendiniu tylos simboliu tap\u0119s Johno Cage\u2019o garsusis k\u016brinys \u201e4\u201933\u201c. \u0160iame \u0161iuolaikin\u0117s muzikos kontekste ypa\u010d gaiviai ir nuotaikingai suskamb\u0117s Mozarto \u201eturki\u0161kasis\u201c koncertas smuikui bei \u017eaisminga simfonija. Scenoje muzikant\u0173 paj\u0117gas suburs Estijos atlik\u0117jai: tarptautiniu mastu pripa\u017eintas kamerinis orkestras \u201eGlasperlenspiel Sinfonietta\u201c, legendinis dirigentas, smuikininkas, barokin\u0117s ir \u0161iuolaikin\u0117s muzikos puosel\u0117tojas Andres Kaljuste ir vienas ry\u0161kiausi\u0173 jaunosios kartos Estijos smuikinink\u0173 Hansas Christianas Aavikas.<\/p>\n<p>18.30 val. spektaklis \u201eLabas rytas, pone Triu\u0161i\u201c, Klaip\u0117dos dramos teatras (Klaip\u0117da)<\/p>\n<p>Tai pjes\u0117 apie modernios vartotoji\u0161kos visuomen\u0117s \u0161izofrenij\u0105. \u0160is spektaklis yra apie jaun\u0105 \u017emog\u0173, nusivylus\u012f vartotoji\u0161ka \u201epirk arba mirk\u201c visuomene, kurioje jis bando i\u0161gyventi.<\/p>\n<p>\u0160E\u0160TADIENIS, spalio 11 d.<\/p>\n<p>12 val. spektaklis \u201ePep\u0117 Ilgakojin\u0117\u201c, Klaip\u0117dos koncert\u0173 sal\u0117 (Klaip\u0117da)<\/p>\n<p>Pep\u0117 Ilgakojin\u0117 \u2013 nuotaikinga, be galo stipri, nepriklausoma ir gera\u0161ird\u0117 mergait\u0117 su styran\u010diomis kasomis, skirtingomis kojin\u0117mis ir begaliniu tro\u0161kimu gyventi laisvai. Jos persona\u017eas gim\u0117, kai Astrida Lindgren slaug\u0117 savo sergan\u010di\u0105 dukrel\u0119 Karin\u0105, kuri ir papra\u0161\u0117 mamos sugalvoti istorij\u0105 apie toki\u0105 mergait\u0119. Taip gim\u0117 Pep\u0117 \u2013 vaik\u0173 literat\u016bros ikona, mylima visame pasaulyje.<\/p>\n<p>17 val. spektaklis \u201eMilena\u201c, Klaip\u0117dos dramos teatras (Klaip\u0117da)<\/p>\n<p>\u201eRa\u0161yti lai\u0161kus \u2013 tai myl\u0117tis su \u0161m\u0117klomis\u201c, \u2013 ra\u0161\u0117 Franzas Kafka. Spektaklis \u201eMilena\u201c yra bandymas Kafk\u0105 nuo sav\u0119s nusipurtyti. Ta\u010diau kaip nuo sav\u0119s nusipurtyti tai, k\u0105 manaisi mylinti? Kaip j\u012f nuo sav\u0119s nusipurtyti, kai visas pasaulis apie tave \u017eino b\u016btent d\u0117l to, kad jis tau ra\u0161\u0117 lai\u0161kus?<\/p>\n<p>18 val. spektaklis \u201eGyvenimas dar prie\u0161 akis\u201c, Klaip\u0117dos kult\u016bros fabrikas (Klaip\u0117da)<\/p>\n<p>Tai Klaip\u0117dos jaunimo teatro ir re\u017eisieriaus, improvizacijos teatro \u201eKitas kampas\u201c meno vadovo Kirilo Glu\u0161ajevo bendras k\u016brybinis darbas. Ilgalaikio ir intensyvaus k\u016brybinio proceso metu spektaklio k\u016br\u0117jai kalbino keliasde\u0161imt \u012fvairaus am\u017eiaus \u017emoni\u0173 ir ie\u0161kojo atsakym\u0173 \u012f klausim\u0105, kaip visi mes ir kiekvienas atskirai \u017eengiame \u012f paauglyst\u0119 ir i\u0161 jos.<\/p>\n<p>18 val. spektaklis \u201eSantuokiniai \u017eaidimai\u201c, Kult\u016bros centras \u017dvej\u0173 r\u016bmai (Klaip\u0117da)<\/p>\n<p>\u0160eimyninio gyvenimo akimirk\u0173 popuri arba meil\u0117s kronika pagal Edvardo Olbio pjes\u0119. D\u017eekas ir D\u017eil\u0117 santuokoje gyvena 30 met\u0173. Vien\u0105 dien\u0105 D\u017eekas gr\u012f\u017eta i\u0161 darbo anks\u010diau, kad pasakyt\u0173 D\u017eilei, jog ketina j\u0105 palikti. Ar juodu i\u0161siskirs? Atsakymas \u012f \u0161\u012f klausim\u0105 \u2013 spektaklio finale.<\/p>\n<p>18.30 val. nuotyki\u0173 komedija \u201eAuk\u0161takulniais per santuok\u0105\u201c, Klaip\u0117dos koncert\u0173 sal\u0117 (Klaip\u0117da)<\/p>\n<p>Ji \u2013 auk\u0161takulni\u0173 maniak\u0117, jis \u2013 vyras, kuriam jau seniai tr\u016bksta ne tik gaminamos vakarien\u0117s, bet ir d\u0117mesio. Vietoj vakarien\u0117s \u2013 nauji batai, vietoj pokalbi\u0173 \u2013 s\u0105skaitos, o vietoj artumo \u2013 nuotolis. Jie \u2013 pora, kuriai baig\u0117si \u017eod\u017eiai. Rutina, nei\u0161sipild\u0119 l\u016bkes\u010diai, smulk\u016bs gin\u010dai, kurie tapo kasdienybe. Skyrybos suplanuotos, emocijos i\u0161sikv\u0117pusios, planai pad\u0117ti ta\u0161k\u0105 \u2013 jau rytoj. Ir, kai atrodo, kad viskas krypsta skyryb\u0173 link, pasirodo kaimynas su stulbinama paslaptimi. Galb\u016bt atsitiktinai, o gal ir ne visai.<\/p>\n<p>18.30 val. \u0161okio ir \u0161e\u0161\u0117li\u0173 monospektaklis suaugusiesiems \u201eKont\u016brai\u201c, Klaip\u0117dos l\u0117li\u0173 teatras (Klaip\u0117da)<\/p>\n<p>\u0160is spektaklis yra \u017emogaus vidin\u0117 kelion\u0117 \u012f save. \u201eAtsigr\u0119\u017eti \u012f save \u2013 tai pamatyti vis\u0105 savo \u0161irdies turin\u012f&#8230; Ir \u0161vies\u0105, ir tams\u0105. Mes kiekvienas turime savo \u0161e\u0161\u0117l\u012f \u2013 tai m\u016bs\u0173 baim\u0117, pavydas, nepasitik\u0117jimas, pyktis, nusivylimas, prasm\u0117s nematymas, abejon\u0117s. Pasak C. G. Jungo, \u0161e\u0161\u0117lyje telpa ta m\u016bs\u0173 dalis, kurios mes nepripa\u017e\u012fstame kaip savo, su kuria nesitapatiname ir kurios nevystome, stumiame tolyn nuo sav\u0119s, tuo j\u0105 dar labiau augindami. Ta\u010diau \u0161e\u0161\u0117lis \u2013 taip pat m\u016bs\u0173 dalis. Svarbu sustoti, atpa\u017einti, pripa\u017einti ir mokytis b\u016bti i\u0161tikimam rastajam Sau. Tai n\u0117ra paprasta, bet tai pirmas \u017eingsnis \u012f i\u0161silaisvinim\u0105\u201c, \u2013 sak\u0117 spektaklio re\u017eisier\u0117 Gintar\u0117 Radvilavi\u010di\u016bt\u0117.<\/p>\n<p>SEKMADIENIS, spalio 12 d. <\/p>\n<p>12 val. spektaklis vaikams \u201eVoro vestuv\u0117s\u201c, Klaip\u0117dos kult\u016bros fabrikas (Klaip\u0117da)<\/p>\n<p>Pagal Justino Marcinkevi\u010diau poem\u0105 \u201eVoro vestuv\u0117s\u201c Klaip\u0117dos jaunimo teatro sukurtas muzikinis spektaklis vaikams yra \u0161maik\u0161ti ir pamokanti istorija bei muzikali alegorija, i\u0161ry\u0161kinanti m\u016bs\u0173 pa\u010di\u0173 ydas.<\/p>\n<p>12 val. spektaklis \u201eAtsikrausto kiaul\u0117\u201c, Kult\u016bros centras \u017dvej\u0173 r\u016bmai (Klaip\u0117da)<\/p>\n<p>Jaunimo teatro \u201eBe dur\u0173\u201c spektaklis pasakoja apie tai, kaip ma\u017eame jaukiame miestelyje gyvena keturi geri draugai: vi\u0161ta Henrieta, lapinas Albertas, triu\u0161is Nikas ir pudeliuk\u0117 \u017dozefina. Vien\u0105 gra\u017e\u0173 ryt\u0105 visi labai nustemba, pamat\u0119 u\u017era\u0161\u0105 ant \u017dozefinos namelio: \u201eI\u0161nuomojamas butas.\u201c Dingo ir pati \u017dozefina. Draugai li\u016bdi, o ypa\u010d sielvartauja lapinas Albertas. Netrukus miestel\u012f apskrieja baisi \u017einia \u2013 \u012f \u017dozefinos namel\u012f atsikrausto kiaul\u0117!<\/p>\n<p>17 val. spektaklis \u201eMilena\u201c, Klaip\u0117dos dramos teatras (Klaip\u0117da)<\/p>\n<p>\u201eRa\u0161yti lai\u0161kus \u2013 tai myl\u0117tis su \u0161m\u0117klomis\u201c, \u2013 ra\u0161\u0117 Franzas Kafka. Spektaklis \u201eMilena\u201c yra bandymas Kafk\u0105 nuo sav\u0119s nusipurtyti. Ta\u010diau kaip nuo sav\u0119s nusipurtyti tai, k\u0105 manaisi mylinti? Kaip j\u012f nuo sav\u0119s nusipurtyti, kai visas pasaulis apie tave \u017eino b\u016btent d\u0117l to, kad jis tau ra\u0161\u0117 lai\u0161kus?<\/p>\n<p class=\"MsoNoSpacing\">19 val. baletas \u201eDrakula\u201c, Klaip\u0117dos \u201e\u0160vyturio\u201c arena (Klaip\u0117da)<\/p>\n<p class=\"MsoNoSpacing\">Vladas Drakula \u2013 garsiausias ir galingiausias vampyras, sukurtas 1897 m. ra\u0161ytojo Bremo Stokerio, balansuojant tarp fikcijos ir fakt\u0173, remiantis tikru istoriniu asmeniu \u2013 Valakijos valdovu Vladu Cepe\u0161u. Spektaklyje pasakojama fantasti\u0161ka jaunosios Minos istorija, kurioje d\u0117l jos sielos vyksta kova tarp Drakulos ir jos mylimojo.<\/p>\n","protected":false},"excerpt":{"rendered":"PENKTADIENIS, spalio 10 d. 18 val. \u201eSting in Jazz\u201c koncertas, \u0160v. Kotrynos ba\u017eny\u010dia (Vilnius) \u0160iame koncerte atlik\u0117jo Stingo&hellip;\n","protected":false},"author":2,"featured_media":14471,"comment_status":"","ping_status":"","sticky":false,"template":"","format":"standard","meta":{"footnotes":""},"categories":[21],"tags":[113,511,5104,2039,49,5106,37,39,36,38,40,114,371,5108,5107,5105,4899,5103],"class_list":{"0":"post-14470","1":"post","2":"type-post","3":"status-publish","4":"format-standard","5":"has-post-thumbnail","7":"category-pramogos","8":"tag-entertainment","9":"tag-klaipeda","10":"tag-koncertai","11":"tag-koncertas","12":"tag-kultura","13":"tag-kulturiniai-renginiai","14":"tag-lietuva","15":"tag-lietuviu","16":"tag-lithuania","17":"tag-lithuanian","18":"tag-lt","19":"tag-pramogos","20":"tag-renginiai","21":"tag-renginiai-kaune","22":"tag-renginiai-vilniuje","23":"tag-spektakliai","24":"tag-spektaklis","25":"tag-spektaklis-vaikams"},"share_on_mastodon":{"url":"","error":""},"_links":{"self":[{"href":"https:\/\/www.europesays.com\/lt\/wp-json\/wp\/v2\/posts\/14470","targetHints":{"allow":["GET"]}}],"collection":[{"href":"https:\/\/www.europesays.com\/lt\/wp-json\/wp\/v2\/posts"}],"about":[{"href":"https:\/\/www.europesays.com\/lt\/wp-json\/wp\/v2\/types\/post"}],"author":[{"embeddable":true,"href":"https:\/\/www.europesays.com\/lt\/wp-json\/wp\/v2\/users\/2"}],"replies":[{"embeddable":true,"href":"https:\/\/www.europesays.com\/lt\/wp-json\/wp\/v2\/comments?post=14470"}],"version-history":[{"count":0,"href":"https:\/\/www.europesays.com\/lt\/wp-json\/wp\/v2\/posts\/14470\/revisions"}],"wp:featuredmedia":[{"embeddable":true,"href":"https:\/\/www.europesays.com\/lt\/wp-json\/wp\/v2\/media\/14471"}],"wp:attachment":[{"href":"https:\/\/www.europesays.com\/lt\/wp-json\/wp\/v2\/media?parent=14470"}],"wp:term":[{"taxonomy":"category","embeddable":true,"href":"https:\/\/www.europesays.com\/lt\/wp-json\/wp\/v2\/categories?post=14470"},{"taxonomy":"post_tag","embeddable":true,"href":"https:\/\/www.europesays.com\/lt\/wp-json\/wp\/v2\/tags?post=14470"}],"curies":[{"name":"wp","href":"https:\/\/api.w.org\/{rel}","templated":true}]}}