{"id":145182,"date":"2026-04-03T16:15:57","date_gmt":"2026-04-03T16:15:57","guid":{"rendered":"https:\/\/www.europesays.com\/lt\/145182\/"},"modified":"2026-04-03T16:15:57","modified_gmt":"2026-04-03T16:15:57","slug":"jonas-balciunas-lietuva-susidevi-arba-kask-kol-duoda-respublika-lt","status":"publish","type":"post","link":"https:\/\/www.europesays.com\/lt\/145182\/","title":{"rendered":"Jonas BAL\u010cI\u016aNAS: Lietuva susid\u0117vi, arba K\u0105sk, kol duoda &#8211; Respublika.lt"},"content":{"rendered":"<p><img loading=\"lazy\" decoding=\"async\" src=\"https:\/\/www.respublika.lt\/lt\/naujienos\/ruosiamos_naujienos\/tv_publika\/jonas-balciunas-lietuva-susidevi-arba-kask-kol-duoda\/images\/ico_camera_white.gif\" class=\"camera\" width=\"22\" height=\"15\" alt=\"nuotr.\" style=\"position:relative; top:-2px; right:2px;\"\/> 1 nuotr.<\/p>\n<p>Jonas Bal\u010di\u016bnas. Redakcijos archyvo nuotr.<\/p>\n<p style=\"text-align: justify;\" class=\"desktop_banner\">\u00a0<\/p>\n<p>Baltarusijos opozicijos atstov\u0117, vadinanti save lydere, ilg\u0105 laik\u0105 vie\u0161\u0117jusi Lietuvoje, o paskui i\u0161vykusi vie\u0161\u0117ti \u012f Lenkij\u0105, perduoda link\u0117jimus Lietuvai. Nieko geriau negali nutikti Lietuvai, kaip sankcijos Baltarusijai.<\/p>\n<p>Apsaugokime laisv\u0105 \u017eod\u012f, kult\u016br\u0105 ir karin\u012f j\u016br\u0173 laivyn\u0105. Cichanouskaja \u017eino, koki\u0173 ji nori santyki\u0173 ir koki\u0173 santyki\u0173 nenori Luka\u0161enka.<\/p>\n<p>Olekas sako, kad santykiai abipusiu sutarimu galimi. \u0160imonyt\u0117 pasisako, kaip prekybos \u017emon\u0117mis temos \u017einov\u0117. Avulis nori, kad baltarusi\u0161k\u0173 tr\u0105\u0161\u0173 s\u0105skaita pabrangt\u0173 stadiono statybos.<\/p>\n<p>\u0160iuo klausimu kalba kas tik nori, bet tik ne valdantieji. Bent jau taip \u0161i\u0105 tem\u0105 pateikia \u201ePanorama&#8221;.<\/p>\n<p>Siaub\u0173 siaubas, galimai ka\u017ekas pelnosi ir m\u0117gaujasi spa privalumais ir yra susij\u0119s su Luka\u0161enka. Verslas pelnosi Baltarusijoje, bet turi galimai s\u0105saj\u0173 su Lietuva. Makaraityt\u0117 nei pelnosi, nei m\u0117gaujasi, ji galimai kasa gili\u0105 \u0161akn\u012f.<\/p>\n<p>JAV vis sunkiau apsimesti, kad prezidentu i\u0161sirinko ne idiot\u0105, kuriuo Izraelis grie\u017eia kaip smuiku. Arab\u0173 \u0161alys suka galvas, kaip atsikratyti Trampo ir JAV globos.<\/p>\n<p>O tuo metu Izraelis nebaud\u017eiamas vykdo politines \u017emog\u017eudystes. Trampas, prisidengdamas derybomis, rengia invazij\u0105 \u012f Iran\u0105. Idiotizmas, \u012fvarytas \u012f kamp\u0105, neturi pasirinkimo, kaip tik kurstyti didesn\u012f kar\u0105.<\/p>\n<p>Trampas derasi pats su savimi, bet sako, kad su Iranu. Izraelis sudarin\u0117ja b\u016bsim\u0173 politini\u0173 \u017emog\u017eudys\u010di\u0173 s\u0105ra\u0161us ir juos skelbia vie\u0161ai.<\/p>\n<p>Ispanija atsisako veltis \u012f nusikalstam\u0105 Trampo ir Netanjahu kar\u0105, o Lietuva b\u016bt\u0173 visai nieko prie\u0161, bet jos pagalbos niekam nereikia. Tautos elitas kelia egzistencin\u012f klausim\u0105 &#8211; kam priklauso Krymas?<\/p>\n<p>\u0160iemet, art\u0117jant vasarai, kelininkai blokuos ne tik magistral\u0119 \u012f paj\u016br\u012f per Kaun\u0105, bet ir pasir\u016bpins, kad neb\u016bt\u0173 galima laisvai atvykti \u012f paj\u016br\u012f va\u017eiuojant magistrale per Panev\u0117\u017e\u012f.<\/p>\n<p>Lietuva ka\u017ekada gars\u0117jo gerais keliais, dabar gars\u0117ja bekele. Lietuva susid\u0117vi. Kaip sako kelininkai, viena eismo juosta \u012f paj\u016br\u012f bus galima eiti p\u0117stute. Tai bus grei\u010diausias b\u016bdas atvykti \u012f paj\u016br\u012f. Kuo daugiau pinig\u0173, tuo prastesni keliai.<\/p>\n<p>Investuotojai vynioja me\u0161keres ir traukia lauk i\u0161 Lietuvos. Kauno laisvojoje ekonomin\u0117je zonoje bus skelbiami darbuotoj\u0173 i\u0161pardavimai ir aukcionai.<\/p>\n<p>Kiekvienas darbuotojas kaip kompensacij\u0105 gaus po padang\u0105. Neinvestuok Lietuvoje, bet paimk kompensacij\u0105.<\/p>\n<p>\u017dmon\u0117ms su negalia darosi vis sunkiau susirasti darb\u0105, kaip ir \u017emon\u0117ms su galia. Na, nebent jie yra migrantai, kurie turi gele\u017ein\u0119 sveikat\u0105 ir \u017eiem\u0105 vasar\u0105 gali minti dvirat\u012f, arba be poilsio vairuoti autobus\u0105.<\/p>\n<p>Siekiant gerinti situacij\u0105 \u012fdarbinant ne\u012fgaliuosius, bus si\u016bloma psichologin\u0117 pagalba darbdaviams.<\/p>\n<p>\u0160eduvoje kiau\u0161ini\u0173 pagalba bus skatinamas patriotizmas, bet \u0161iuk\u0161tu ne tauti\u0161kumas. B\u016bkit neutraliai patrioti\u0161ki &#8211; koks jums skirtumas, Velykos, Ramadanas ar Jom Kipuras.<\/p>\n<p>\u0160ilal\u0117je statomi daugiabu\u010diai. Tai ka\u017ekas naujo. Paskutiniai daugiabu\u010diai Lietuvoje buvo statomi tik sovietme\u010diu. Kokia verslo logika? Savivaldyb\u0117 brangiai nuomos butus mokytojams ir policininkams. Ne kur d\u0117sis, tur\u0117s nuomoti.<\/p>\n<p>Jeigu tu paimi premij\u0105 ir pinigus, bet paspaudi duodan\u010di\u0105 rank\u0105, tai tu jokia kult\u016bra. Jeigu \u012fkandi \u012f duodan\u010di\u0105 rank\u0105, tai pademonstruoji auk\u0161t\u0105 kult\u016br\u0105 ir moral\u0119. K\u0105sk, kol duoda.<\/p>\n","protected":false},"excerpt":{"rendered":"1 nuotr. Jonas Bal\u010di\u016bnas. Redakcijos archyvo nuotr. \u00a0 Baltarusijos opozicijos atstov\u0117, vadinanti save lydere, ilg\u0105 laik\u0105 vie\u0161\u0117jusi Lietuvoje,&hellip;\n","protected":false},"author":2,"featured_media":145183,"comment_status":"","ping_status":"","sticky":false,"template":"","format":"standard","meta":{"footnotes":"","_share_on_mastodon":"0"},"categories":[15],"tags":[25,22930,1496,30,31,1503,34,35,24,553,815,32,33,37,39,36,38,40,1499,23,22,44,28,29,2387,26,27,351,74,75,76],"class_list":["post-145182","post","type-post","status-publish","format-standard","has-post-thumbnail","category-pasaulis","tag-antrastes","tag-balciunas","tag-baltarusija","tag-breaking-news","tag-breakingnews","tag-cichanouskaja","tag-featured-news","tag-featurednews","tag-headlines","tag-izraelis","tag-karas","tag-latest-news","tag-latestnews","tag-lietuva","tag-lietuviu","tag-lithuania","tag-lithuanian","tag-lt","tag-lukasenka","tag-naujienos","tag-news","tag-pasaulis","tag-populiariausios-naujienos","tag-populiariausiosnaujienos","tag-sankcijos","tag-top-stories","tag-topstories","tag-trampas","tag-world","tag-world-news","tag-worldnews"],"share_on_mastodon":{"url":"https:\/\/pubeurope.com\/@lt\/116341675318975501","error":""},"_links":{"self":[{"href":"https:\/\/www.europesays.com\/lt\/wp-json\/wp\/v2\/posts\/145182","targetHints":{"allow":["GET"]}}],"collection":[{"href":"https:\/\/www.europesays.com\/lt\/wp-json\/wp\/v2\/posts"}],"about":[{"href":"https:\/\/www.europesays.com\/lt\/wp-json\/wp\/v2\/types\/post"}],"author":[{"embeddable":true,"href":"https:\/\/www.europesays.com\/lt\/wp-json\/wp\/v2\/users\/2"}],"replies":[{"embeddable":true,"href":"https:\/\/www.europesays.com\/lt\/wp-json\/wp\/v2\/comments?post=145182"}],"version-history":[{"count":0,"href":"https:\/\/www.europesays.com\/lt\/wp-json\/wp\/v2\/posts\/145182\/revisions"}],"wp:featuredmedia":[{"embeddable":true,"href":"https:\/\/www.europesays.com\/lt\/wp-json\/wp\/v2\/media\/145183"}],"wp:attachment":[{"href":"https:\/\/www.europesays.com\/lt\/wp-json\/wp\/v2\/media?parent=145182"}],"wp:term":[{"taxonomy":"category","embeddable":true,"href":"https:\/\/www.europesays.com\/lt\/wp-json\/wp\/v2\/categories?post=145182"},{"taxonomy":"post_tag","embeddable":true,"href":"https:\/\/www.europesays.com\/lt\/wp-json\/wp\/v2\/tags?post=145182"}],"curies":[{"name":"wp","href":"https:\/\/api.w.org\/{rel}","templated":true}]}}