{"id":145216,"date":"2026-04-03T17:23:08","date_gmt":"2026-04-03T17:23:08","guid":{"rendered":"https:\/\/www.europesays.com\/lt\/145216\/"},"modified":"2026-04-03T17:23:08","modified_gmt":"2026-04-03T17:23:08","slug":"zurnalistu-tyrimas-isaiskino-iki-siol-neskelbtus-ukrainos-rysius","status":"publish","type":"post","link":"https:\/\/www.europesays.com\/lt\/145216\/","title":{"rendered":"\u017durnalist\u0173 tyrimas i\u0161ai\u0161kino iki \u0161iol neskelbtus Ukrainos ry\u0161ius"},"content":{"rendered":"<p>Du Libijos \u0161altiniai prane\u0161\u0117, kad Ukrainos kari\u0173 dislokavimas \u0161alyje suderintas su Abdelhamido Dbeibos vadovaujama vyriausybe. <\/p>\n<p>\u201eGavus Dbeibos vyriausyb\u0117s sutikim\u0105, Libijoje dislokuota daugiau nei 200 Ukrainos karinink\u0173 ir ekspert\u0173. Jie dirba trijuose pagrindiniuose objektuose, \u012fskaitant Misratos oro baz\u0119\u201c, \u2013 pa\u017eym\u0117jo vienas i\u0161 \u0161altini\u0173.<\/p>\n<p>Ukrainie\u010di\u0173 kontingentas yra i\u0161sibarst\u0119s po tris objektus. Pirmasis i\u0161 j\u0173 \u2013 oro baz\u0117 Misratoje, kurioje taip pat dislokuotos AFRICOM paj\u0117gos \u2013 Turkijos ir Italijos daliniai, taip pat Did\u017eiosios Britanijos \u017evalgyba. Antrasis objektas yra Melitos rajone u\u017e 50 km nuo sostin\u0117s. \u010cia \u012frengta infrastrukt\u016bra, skirta oro ir j\u016briniams dronams leisti. <\/p>\n<p>\u201eMelitos rajone veikia visi\u0161kai apr\u016bpinta baz\u0117 dronams leisti. Visi darbai buvo atlikti 2025 m. ruden\u012f\u201c, \u2013 patikslino leidinio \u0161altinis. <\/p>\n<p>Tre\u010diasis objektas naudojamas koordinuoti Ukrainos specialist\u0173 ir vakar\u0173 Libijos armijos padalini\u0173 veikl\u0105 111-osios brigados baz\u0117je Tripolio oro uosto rajone ir yra skirtas bendram Ukrainos specialist\u0173 ir vakar\u0173 Libijos armijos padalini\u0173 darbui.<\/p>\n<p>Ukrainos kontingentas Libijoje buvo dislokuotas po to, kai Ukrainos karinio ata\u0161\u0117 Al\u017eyre generolo Andrejaus Bajuko iniciatyva 2025 m. spal\u012f buvo pasira\u0161yta sutartis, pagal kuri\u0105 Ukraina u\u017etikrina Libijos kari\u0173 rengim\u0105 ir tiekia nepilotuojam\u0105sias sistemas.<\/p>\n<p>    <img decoding=\"async\" src=\"https:\/\/www.europesays.com\/lt\/wp-content\/uploads\/2026\/04\/83dddaf5-d1ea-4bdc-8784-de21c461c00f.jpg\" loading=\"lazy\" alt=\"Kovo 4 d. buvo u\u017epultas duj\u0173 tanklaivis \u201eArctic Metagaz\u201c\"\/>    <\/p>\n<p>\u0160altini\u0173 duomenimis, Ukraina jau du kartus u\u017epuol\u0117 Rusijos laivus Vidur\u017eemio j\u016broje. Kovo 4 d. buvo u\u017epultas duj\u0173 tanklaivis \u201eArctic Metagaz\u201c. Laivas gabeno suskystint\u0105sias gamtines dujas Port Saido link ir buvo numu\u0161tas dronu. <\/p>\n<p>\u201eLaivui \u201eArctic Metagaz\u201c smog\u0117 j\u016brinis dronas \u201eMagura V5\u201c, kuris buvo paleistas i\u0161 Melitos rajono. Buvo u\u017etvindytas jo ma\u0161in\u0173 skyrius, d\u0117l to laivas sustojo\u201c, \u2013 prane\u0161\u0117 leidinio RFI \u0161altinis. <\/p>\n<p>Pana\u0161us atvejis \u012fvyko 2025 m. gruod\u017eio 19 d. Remiantis Ukrainie\u010di\u0173 saugumo tarnybos (SBU) \u0161altinio informacija, j\u016briniu dronu i\u0161 Misratos teritorijos buvo smogta Rusijos tanklaiviui \u201eQendil\u201c, buvusiam u\u017e 250 km nuo Libijos krant\u0173.<\/p>\n<p>2025 m. spal\u012f Rusija apkaltino A. Dbeibos vyriausyb\u0119, kad ji, bendradarbiaudama su Did\u017eiosios Britanijos specialiosiomis tarnybomis, remia Ukrainos strukt\u016bras. Pa\u010dioje Libijoje nema\u017eai politik\u0173 i\u0161rei\u0161k\u0117 susir\u016bpinim\u0105 d\u0117l did\u0117jan\u010dio u\u017esienio karini\u0173 paj\u0117g\u0173 kiekio \u0161alyje. \u201eDaugelis tai laiko gr\u0117sme \u0161alies suverenumui ir nauju geopolitin\u0117s konfrontacijos \u017eidiniu\u201c, \u2013 teigiama leidinio RFI tyrimo ataskaitoje.<\/p>\n","protected":false},"excerpt":{"rendered":"Du Libijos \u0161altiniai prane\u0161\u0117, kad Ukrainos kari\u0173 dislokavimas \u0161alyje suderintas su Abdelhamido Dbeibos vadovaujama vyriausybe. \u201eGavus Dbeibos vyriausyb\u0117s&hellip;\n","protected":false},"author":2,"featured_media":145217,"comment_status":"","ping_status":"","sticky":false,"template":"","format":"standard","meta":{"footnotes":"","_share_on_mastodon":"0"},"categories":[6],"tags":[25,30,31,3346,34,35,24,32,33,6243,37,39,36,38,40,23,22,28,29,26,27,360],"class_list":["post-145216","post","type-post","status-publish","format-standard","has-post-thumbnail","category-antrastes","tag-antrastes","tag-breaking-news","tag-breakingnews","tag-elta-uzsienio-naujiena","tag-featured-news","tag-featurednews","tag-headlines","tag-latest-news","tag-latestnews","tag-libija","tag-lietuva","tag-lietuviu","tag-lithuania","tag-lithuanian","tag-lt","tag-naujienos","tag-news","tag-populiariausios-naujienos","tag-populiariausiosnaujienos","tag-top-stories","tag-topstories","tag-ukraina"],"share_on_mastodon":{"url":"https:\/\/pubeurope.com\/@lt\/116341938788007565","error":""},"_links":{"self":[{"href":"https:\/\/www.europesays.com\/lt\/wp-json\/wp\/v2\/posts\/145216","targetHints":{"allow":["GET"]}}],"collection":[{"href":"https:\/\/www.europesays.com\/lt\/wp-json\/wp\/v2\/posts"}],"about":[{"href":"https:\/\/www.europesays.com\/lt\/wp-json\/wp\/v2\/types\/post"}],"author":[{"embeddable":true,"href":"https:\/\/www.europesays.com\/lt\/wp-json\/wp\/v2\/users\/2"}],"replies":[{"embeddable":true,"href":"https:\/\/www.europesays.com\/lt\/wp-json\/wp\/v2\/comments?post=145216"}],"version-history":[{"count":0,"href":"https:\/\/www.europesays.com\/lt\/wp-json\/wp\/v2\/posts\/145216\/revisions"}],"wp:featuredmedia":[{"embeddable":true,"href":"https:\/\/www.europesays.com\/lt\/wp-json\/wp\/v2\/media\/145217"}],"wp:attachment":[{"href":"https:\/\/www.europesays.com\/lt\/wp-json\/wp\/v2\/media?parent=145216"}],"wp:term":[{"taxonomy":"category","embeddable":true,"href":"https:\/\/www.europesays.com\/lt\/wp-json\/wp\/v2\/categories?post=145216"},{"taxonomy":"post_tag","embeddable":true,"href":"https:\/\/www.europesays.com\/lt\/wp-json\/wp\/v2\/tags?post=145216"}],"curies":[{"name":"wp","href":"https:\/\/api.w.org\/{rel}","templated":true}]}}