{"id":145350,"date":"2026-04-03T20:44:58","date_gmt":"2026-04-03T20:44:58","guid":{"rendered":"https:\/\/www.europesays.com\/lt\/145350\/"},"modified":"2026-04-03T20:44:58","modified_gmt":"2026-04-03T20:44:58","slug":"pokyciai-lietuvos-oro-uostuose-sutikti-itarimais-slepiasi-politiniai-motyvai-delfi","status":"publish","type":"post","link":"https:\/\/www.europesays.com\/lt\/145350\/","title":{"rendered":"Poky\u010diai Lietuvos oro uostuose sutikti \u012ftarimais \u2013 slepiasi politiniai motyvai? &#8211; Delfi"},"content":{"rendered":"<ol>\n<li><a href=\"https:\/\/news.google.com\/rss\/articles\/CBMixgFBVV95cUxPR2xoQnQ3MnQweVp1OENoU1pvWDc5azFOSHYwT1NndUp0b09tMnF2M01acHgtZk9ab004Uk00eV9INHNzN0FEN0Z5UmJ4aUtPRUltVk9LZ2lfcDNVMEZialEzeWIzc0swWGdaQVZRVXVRaGtKOUV4dnpZc2xRMkhQNWRwRVk5ak5sbkRvcnU1TUZtVmlkSkpWb2pQZFIzLWR4N25kVHZTZ3NSajdxYzJHaEtkUlpvXzlJZS1TRWJMTXdiRjMwMlE?oc=5\" target=\"_blank\" rel=\"nofollow noopener\">Poky\u010diai Lietuvos oro uostuose sutikti \u012ftarimais \u2013 slepiasi politiniai motyvai?<\/a>&nbsp;&nbsp;Delfi<\/li>\n<li><a href=\"https:\/\/news.google.com\/rss\/articles\/CBMigwJBVV95cUxQN2NxN2VYVHVoTEE4akNiUTQ4VlI5ZmVxS1hOdC1lZ1VzZHE5UkpOUWpXTkJGREpCVW5CX0tTVHNpNHZHVE12R1hWaFlvUWR2US1sV0kyazhzeVhYSWsybHM0M2lFTVEyWTZSdlJSRy1nVEViLThtc3M5ZkczcnlwM0ZuY2FKVVYwcWRCaTR5NFl0cGo0cExNUzBXWm5QTDVXNlduVzZUN0d0cVdiLWphdERsbWU0M2NsOFlwQk9nX0pQTWRDc0QzMnNZRVpiTldqMFFTYVo1SllYQlE4VXdENW9OYTlmUS02RmpUSExXZWNOS1hNRUxXMURxYUJjd05VbVpB?oc=5\" target=\"_blank\" rel=\"nofollow noopener\">J. Taminskas i\u0161kviestas pasiai\u0161kinti d\u0117l sprendimo keisti LTOU valdyb\u0105: \u012f vien\u0105 klausim\u0105 atsakyti negal\u0117jo<\/a>&nbsp;&nbsp;Lrytas<\/li>\n<li><a href=\"https:\/\/news.google.com\/rss\/articles\/CBMiwwFBVV95cUxNNXN0RGFPdEVSRHkxa2tZWXkwTnlQYm9ScTRqT0pCbGRheWNKNFk1cm02MDl1MklldENmcUY2blVQQnRDaU5yYXhWb3RBdUh1eWxCejA4TEljOERXY2tFVHl2WVRLN3FJNURSemJZeTlmQ1RvSktiX080MmY5Mlc5OThVeWZoS3B4MWYyTW5XdHpCR2pVNjRNRzNhVVBJZWNteTl0ekpGdXJwdUpEZ2tfVEs0aEhHSjZDQzFLcDJKYmFPRDg?oc=5\" target=\"_blank\" rel=\"nofollow noopener\">ISM rektorius apie atleist\u0105 Lietuvos oro uost\u0173 valdyb\u0105: nori pasir\u016bpinti savais<\/a>&nbsp;&nbsp;LRT<\/li>\n<li><a href=\"https:\/\/news.google.com\/rss\/articles\/CBMi0gFBVV95cUxOcm5aeUtyNjRhSUNBUlo2OGhvOG5EQlZYYjZ6THJBd19tQ1BSbGZOaWZhZ09iSVVLOE5zb3BWUXRHcW1ONWRNY255T19rYW9TaVZCTUpQSlBxbkdmdHUwN2ZMZkJBU2lhV19EamlCbzZsNEQyUnloaHR1M0Mzd3hlSkUzUWJLbDVSVG5FNjBDWTUwUV91Rng3YnBhZ3U5SjRTWFR4ZENISFE2bzUxVGRfTjhTazhZN1dzRkZXRmNzTE44ZElPbnFOMEVTbkxaZS1KZ3c?oc=5\" target=\"_blank\" rel=\"nofollow noopener\">Juras Taminskas atsak\u0117, kod\u0117l nusprend\u0117 keisti Lietuvos oro uost\u0173 valdyb\u0105<\/a>&nbsp;&nbsp;15min.lt<\/li>\n<li><a href=\"https:\/\/news.google.com\/rss\/articles\/CBMiuAFBVV95cUxQVzZ3YWJTSkJHVER3VmlsODVrRXVyek8wcUM2bzlicmVqYkVIR3JRM2tUVEhleTdpS0s5ZXdGU2IzV0lZMjFta2dRRlB2SGVUc2lvRVl6Mk50ZmdoVHI2TDgtVUFVS3BtcGlKRXdzNkQ1Y0pDVmQ2Ml8yM2RfLXJrUU9kM0V6QVZGcVJFZDJuSGpLWmZmbm1lX3diMlF5WjQtSG9ES18xOVNQdlFWR3RGT1g2QU1kMllW?oc=5\" target=\"_blank\" rel=\"nofollow noopener\">Lietuvos oro uostai kei\u010dia valdyb\u0105: Taminskas akcentuoja inovacij\u0173 svarb\u0105<\/a>&nbsp;&nbsp;tv3.lt<\/li>\n<\/ol>\n","protected":false},"excerpt":{"rendered":"Poky\u010diai Lietuvos oro uostuose sutikti \u012ftarimais \u2013 slepiasi politiniai motyvai?&nbsp;&nbsp;Delfi J. Taminskas i\u0161kviestas pasiai\u0161kinti d\u0117l sprendimo keisti LTOU&hellip;\n","protected":false},"author":2,"featured_media":145351,"comment_status":"","ping_status":"","sticky":false,"template":"","format":"standard","meta":{"footnotes":"","_share_on_mastodon":"0"},"categories":[13],"tags":[25,30,31,34,35,24,32,33,37,39,5796,36,38,40,24853,23,22,28,29,12323,26,27],"class_list":["post-145350","post","type-post","status-publish","format-standard","has-post-thumbnail","category-lietuva","tag-antrastes","tag-breaking-news","tag-breakingnews","tag-featured-news","tag-featurednews","tag-headlines","tag-latest-news","tag-latestnews","tag-lietuva","tag-lietuviu","tag-lietuvos-oro-uostai","tag-lithuania","tag-lithuanian","tag-lt","tag-mantas-dubauskas","tag-naujienos","tag-news","tag-populiariausios-naujienos","tag-populiariausiosnaujienos","tag-simonas-bartkus","tag-top-stories","tag-topstories"],"share_on_mastodon":{"url":"https:\/\/pubeurope.com\/@lt\/116342733179695995","error":""},"_links":{"self":[{"href":"https:\/\/www.europesays.com\/lt\/wp-json\/wp\/v2\/posts\/145350","targetHints":{"allow":["GET"]}}],"collection":[{"href":"https:\/\/www.europesays.com\/lt\/wp-json\/wp\/v2\/posts"}],"about":[{"href":"https:\/\/www.europesays.com\/lt\/wp-json\/wp\/v2\/types\/post"}],"author":[{"embeddable":true,"href":"https:\/\/www.europesays.com\/lt\/wp-json\/wp\/v2\/users\/2"}],"replies":[{"embeddable":true,"href":"https:\/\/www.europesays.com\/lt\/wp-json\/wp\/v2\/comments?post=145350"}],"version-history":[{"count":0,"href":"https:\/\/www.europesays.com\/lt\/wp-json\/wp\/v2\/posts\/145350\/revisions"}],"wp:featuredmedia":[{"embeddable":true,"href":"https:\/\/www.europesays.com\/lt\/wp-json\/wp\/v2\/media\/145351"}],"wp:attachment":[{"href":"https:\/\/www.europesays.com\/lt\/wp-json\/wp\/v2\/media?parent=145350"}],"wp:term":[{"taxonomy":"category","embeddable":true,"href":"https:\/\/www.europesays.com\/lt\/wp-json\/wp\/v2\/categories?post=145350"},{"taxonomy":"post_tag","embeddable":true,"href":"https:\/\/www.europesays.com\/lt\/wp-json\/wp\/v2\/tags?post=145350"}],"curies":[{"name":"wp","href":"https:\/\/api.w.org\/{rel}","templated":true}]}}