{"id":146657,"date":"2026-04-05T19:47:35","date_gmt":"2026-04-05T19:47:35","guid":{"rendered":"https:\/\/www.europesays.com\/lt\/146657\/"},"modified":"2026-04-05T19:47:35","modified_gmt":"2026-04-05T19:47:35","slug":"i-uzsieni-isvykti-norintiems-vokieciams-reikes-leidimo","status":"publish","type":"post","link":"https:\/\/www.europesays.com\/lt\/146657\/","title":{"rendered":"\u012e u\u017esien\u012f i\u0161vykti norintiems vokie\u010diams reik\u0117s leidimo"},"content":{"rendered":"<p>Vokietijos gynybos ministerija patvirtino nauj\u0105j\u012f reikalavim\u0105 ir nurod\u0117, kad jo tikslas \u2013 u\u017etikrinti i\u0161sami\u0105 informacij\u0105 apie karin\u012f personal\u0105, prane\u0161\u0117 dienra\u0161tis \u201eBerliner Zeitung\u201c. \u201eDidel\u0117s nelaim\u0117s ar ginkluoto konflikto atveju b\u016btina \u017einoti, kiek vyr\u0173 yra u\u017esienyje\u201c, \u2013 parei\u0161k\u0117 ministerijos atstovas spaudai.<\/p>\n<p class=\"MsoNormal\">Vadovaujantis naujosiomis pataisomis, vyrai turi gauti Federalini\u0173 ginkluot\u0173j\u0173 paj\u0117g\u0173 karjeros centro leidim\u0105, nesvarbu, kokiu tikslu vyksta \u012f u\u017esien\u012f: mokytis, dirbti, poilsiauti ir t. t. \u0160is reikalavimas galioja visada, nepriklausomai nuo nepaprastosios pad\u0117ties ar karo.<\/p>\n<p>    <img decoding=\"async\" src=\"https:\/\/www.europesays.com\/lt\/wp-content\/uploads\/2026\/04\/a5726222-3541-4520-86b7-ad21c7049691.jpg\" loading=\"lazy\" alt=\"Bundesvero kariai\"\/>      <\/p>\n<p class=\"MsoNormal\">Gynybos ministerija pa\u017eym\u0117jo, kad proced\u016brin\u0117s smulkmenos tebetikslinamos, \u012fskaitant konkre\u010dius i\u0161im\u010di\u0173 kriterijus. Pataisos yra dalis platesnio masto iniciatyvos modernizuoti Bundesver\u0105, \u012fskaitant planus iki 2028 m. prad\u0117ti visuotin\u012f \u0161aukim\u0105.<\/p>\n<p class=\"MsoNormal\">Karo prievol\u0117s \u012fstatymas buvo pakeistas tvyrant did\u017eiulei regioninei \u012ftampai ir augant nuog\u0105stavimams d\u0117l Rusijos vaidmens Artim\u0173j\u0173 Ryt\u0173 konflikte. Penktadien\u012f, kovo 27 d., Vokietijos u\u017esienio reikal\u0173 ministras Johannas Wadephulas apkaltino Rusijos prezident\u0105 Vladimir\u0105 Putin\u0105 karo Irane naudojimu tarptautiniam d\u0117mesiui nuo invazijos \u012f Ukrain\u0105 nukreipti.<\/p>\n<p>    <img decoding=\"async\" src=\"https:\/\/www.europesays.com\/lt\/wp-content\/uploads\/2026\/04\/3c890179-14f8-49d2-8d5f-e91c2397cc6b.jpg\" loading=\"lazy\" alt=\"Vokietijos kariai\"\/>      <\/p>\n<p class=\"MsoNormal\">Did\u017eiojo septyneto susitikimo metu J. Wadephulas parei\u0161k\u0117, kad Maskva padeda Teheranui \u2013 duoda informacijos apie galimus taikinius. \u201eV. Putinas cini\u0161kai tikisi, kad eskalacija Artimuosiuose Rytuose nukreips m\u016bs\u0173 d\u0117mes\u012f nuo jo nusikaltim\u0173 Ukrainoje\u201c, \u2013 sak\u0117 jis.<\/p>\n<p class=\"MsoNormal\">Vakar\u0173 pareig\u016bnai vis labiau nerimauja, kad Rusija stengiasi nukreipti d\u0117mes\u012f nuo Ukrainos. Anot \u201eFinancial Times\u201c, Maskva planuoja Iranui nusi\u0173sti dron\u0173 ir karin\u0117s \u012frangos.<\/p>\n<p class=\"MsoNormal\">Kovo 19 d. Vokietija, Jungtin\u0117 Karalyst\u0117 (JK), Pranc\u016bzija, Italija, Japonija ir Nyderlandai parei\u0161k\u0117, kad yra pasiruo\u0161\u0119 prisid\u0117ti prie pastang\u0173 saugiai laivybai Horm\u016bzo s\u0105siauriu u\u017etikrinti. Visgi Berlynas patikslino, kad tokia iniciatyva grei\u010diausiai bus prad\u0117ta tik po paliaub\u0173 paskelbimo. Tebesit\u0119siantis konfliktas paraly\u017eiavo komercin\u0119 laivyb\u0105 Persijos \u012flankoje, o apie 20 t\u016bkst. j\u016breivi\u0173 \u012fstrigo 3 200 laiv\u0173.<\/p>\n","protected":false},"excerpt":{"rendered":"Vokietijos gynybos ministerija patvirtino nauj\u0105j\u012f reikalavim\u0105 ir nurod\u0117, kad jo tikslas \u2013 u\u017etikrinti i\u0161sami\u0105 informacij\u0105 apie karin\u012f personal\u0105,&hellip;\n","protected":false},"author":2,"featured_media":146658,"comment_status":"","ping_status":"","sticky":false,"template":"","format":"standard","meta":{"footnotes":"","_share_on_mastodon":"0"},"categories":[6],"tags":[25,30,31,7656,34,35,24,79,32,33,37,39,36,38,40,23,22,28,29,119,26,27,320],"class_list":["post-146657","post","type-post","status-publish","format-standard","has-post-thumbnail","category-antrastes","tag-antrastes","tag-breaking-news","tag-breakingnews","tag-bundesveras","tag-featured-news","tag-featurednews","tag-headlines","tag-iranas","tag-latest-news","tag-latestnews","tag-lietuva","tag-lietuviu","tag-lithuania","tag-lithuanian","tag-lt","tag-naujienos","tag-news","tag-populiariausios-naujienos","tag-populiariausiosnaujienos","tag-rusija","tag-top-stories","tag-topstories","tag-vokietija"],"share_on_mastodon":{"url":"https:\/\/pubeurope.com\/@lt\/116353829741120165","error":""},"_links":{"self":[{"href":"https:\/\/www.europesays.com\/lt\/wp-json\/wp\/v2\/posts\/146657","targetHints":{"allow":["GET"]}}],"collection":[{"href":"https:\/\/www.europesays.com\/lt\/wp-json\/wp\/v2\/posts"}],"about":[{"href":"https:\/\/www.europesays.com\/lt\/wp-json\/wp\/v2\/types\/post"}],"author":[{"embeddable":true,"href":"https:\/\/www.europesays.com\/lt\/wp-json\/wp\/v2\/users\/2"}],"replies":[{"embeddable":true,"href":"https:\/\/www.europesays.com\/lt\/wp-json\/wp\/v2\/comments?post=146657"}],"version-history":[{"count":0,"href":"https:\/\/www.europesays.com\/lt\/wp-json\/wp\/v2\/posts\/146657\/revisions"}],"wp:featuredmedia":[{"embeddable":true,"href":"https:\/\/www.europesays.com\/lt\/wp-json\/wp\/v2\/media\/146658"}],"wp:attachment":[{"href":"https:\/\/www.europesays.com\/lt\/wp-json\/wp\/v2\/media?parent=146657"}],"wp:term":[{"taxonomy":"category","embeddable":true,"href":"https:\/\/www.europesays.com\/lt\/wp-json\/wp\/v2\/categories?post=146657"},{"taxonomy":"post_tag","embeddable":true,"href":"https:\/\/www.europesays.com\/lt\/wp-json\/wp\/v2\/tags?post=146657"}],"curies":[{"name":"wp","href":"https:\/\/api.w.org\/{rel}","templated":true}]}}