{"id":146703,"date":"2026-04-05T21:45:39","date_gmt":"2026-04-05T21:45:39","guid":{"rendered":"https:\/\/www.europesays.com\/lt\/146703\/"},"modified":"2026-04-05T21:45:39","modified_gmt":"2026-04-05T21:45:39","slug":"ignitis-tukstanciai-gali-uz-elektra-moketi-maziau","status":"publish","type":"post","link":"https:\/\/www.europesays.com\/lt\/146703\/","title":{"rendered":"Ignitis: t\u016bkstan\u010diai gali u\u017e elektr\u0105 mok\u0117ti ma\u017eiau"},"content":{"rendered":"<p>Visuomenin\u012f tiekim\u0105 u\u017etikrinanti bendrov\u0117 \u201e<a rel=\"noopener nofollow\" target=\"_blank\" href=\"https:\/\/www.delfi.lt\/temos\/ignitis\" tag-id=\"82180685\">Ignitis<\/a>\u201c primena, kad pa\u017eeid\u017eiami vartotojai turi galimyb\u0119 u\u017e elektr\u0105 mok\u0117ti ma\u017eiau. Tereikia atlikti kelet\u0105 paprast\u0173 veiksm\u0173, kad s\u0105skaitos u\u017e elektros energij\u0105 reik\u0161mingai suma\u017e\u0117t\u0173. Nors \u0161i galimyb\u0117 egzistuoja jau kur\u012f laik\u0105 \u2013 t\u016bkstan\u010diai vartotoj\u0173 dar n\u0117ra ja pasinaudoj\u0119.<\/p>\n<p>\u0160iuo metu visuomeninio tiekimo paslauga besinaudojantiems pa\u017eeid\u017eiamiems asmenims taikomas standartinis vienos laiko zonos 18 ct\/kWh tarifas, tod\u0117l jautriausios visuomen\u0117s grup\u0117s kvie\u010diamos pasitikrinti, ar gali pasinaudoti \u0161ia valstyb\u0117s u\u017etikrinama lengvata.<\/p>\n<p>\u201eSiekiame pa\u017eeid\u017eiamiems elektros energijos vartotojams sudaryti pa\u010dias palankiausias s\u0105lygas ir pa\u010di\u0105 ma\u017eiausi\u0105 kain\u0105 u\u017e elektros energij\u0105. Jau nuo met\u0173 prad\u017eios elektros energijos vartotojai \u012fsitikin\u0119, kad turi teis\u0119 naudotis visuomeniniu tiekimu, gali nutraukti sutart\u012f su nepriklausomu elektros energijos tiek\u0117ju ir jiems automati\u0161kai bus taikomas visuomeninio tiekimo tarifas, kuris pa\u017eeid\u017eiamiems vartotojams yra pigiausias. <\/p>\n<p>Nema\u017eai pa\u017eeid\u017eiam\u0173 vartotoj\u0173 \u0161ia galimybe dar nepasinaudojo, tod\u0117l kvie\u010diame atlikti du paprastus \u017eingsnius ir u\u017e elektros energij\u0105 mok\u0117ti ma\u017eiau\u201c, \u2013 akcentuoja energetikos ministras <a rel=\"noopener nofollow\" target=\"_blank\" href=\"https:\/\/www.delfi.lt\/temos\/zygimantas-vaiciunas\" tag-id=\"73002798\">\u017dygimantas Vai\u010di\u016bnas<\/a>.<\/p>\n<p>    <img decoding=\"async\" src=\"https:\/\/www.europesays.com\/lt\/wp-content\/uploads\/2026\/04\/ae17e9c3-164f-4661-b2de-d8020f7021c9.jpg\" loading=\"lazy\" alt=\"\u017dygimantas Vai\u010di\u016bnas\"\/>    <\/p>\n<p>Turi teis\u0119 sugr\u012f\u017eti \u012f visuomenin\u012f tiekim\u0105<\/p>\n<p>Teis\u0119 gr\u012f\u017eti \u012f visuomenin\u012f elektros energijos tiekim\u0105 nuo 2025 met\u0173 bir\u017eelio 1 dienos turi visi vartotojai, kurie atitinka teis\u0117s aktuose nustatytus smulkaus ar pa\u017eeid\u017eiamo vartotojo po\u017eymius. Nesvarbu, ar \u0161iuo metu naudojasi nepriklausomu tiekimu, ar garantiniu tiekimu, tokie vartotojai turi teis\u0119 \u012f visuomenin\u012f tiekim\u0105. <\/p>\n<p>Svarbu pabr\u0117\u017eti, kad n\u0117ra nustatyto galutinio termino, iki kada pa\u017eeid\u017eiami vartotojai privalo tai padaryti, ta\u010diau visuomeniniu tiekimu galima naudotis iki 2030-\u0173 met\u0173.<\/p>\n<p>\u201eIgnitis\u201c priva\u010di\u0173 klient\u0173 tarnybos vadovas Andrius Kavaliauskas pabr\u0117\u017eia \u012fmon\u0117s siek\u012f pad\u0117ti kiekvienam klientui rasti palankiausi\u0105 sprendim\u0105 ir tuo pa\u010diu kvie\u010dia pa\u017eeid\u017eiamus asmenis ar j\u0173 artimuosius nelikti abejingiems \u2013 pasitikrinti, kokias elektros energijos tiekimo s\u0105lygas galima u\u017esitikrinti.<\/p>\n<p>    <img decoding=\"async\" src=\"https:\/\/www.europesays.com\/lt\/wp-content\/uploads\/2026\/04\/590cd89b-4482-475e-8565-25289a6085e7.jpg\" loading=\"lazy\" alt=\"Andrius Kavaliauskas\"\/>      <\/p>\n<p>\u201eSuprantame, kad elektros tiekimo subtilyb\u0117s gali atrodyti sud\u0117tingos, tod\u0117l norime padr\u0105sinti tiek pa\u010dius vartotojus, tiek j\u0173 artimuosius pasidom\u0117ti \u0161ia valstyb\u0117s teikiama galimybe. <\/p>\n<p>Pasinaudokite galimybe sutaupyti \u2013 gr\u012f\u017etant \u012f visuomenin\u012f tiekim\u0105 ir naudojantis taikant pa\u017eeid\u017eiam\u0173 vartotoj\u0173 tarifu, jei gaunate socialin\u0119 param\u0105, turite negali\u0105, gaunate \u0161alpos senatv\u0117s pensij\u0105 ar \u0161alpos kompensacij\u0105.<\/p>\n<p>Taip pat kvie\u010diame vaikus ir an\u016bkus pad\u0117ti vyresniems giminai\u010diams ar negali\u0105 turintiems artimiesiems pasitikrinti s\u0105lygas. Esame pasireng\u0119 atsakyti \u012f visus klausimus ir paprastai paai\u0161kinti gr\u012f\u017eim\u0105 \u012f visuomenin\u012f tiekim\u0105 \u2013 tam bereikia dviej\u0173 paprast\u0173 \u017eingsni\u0173\u201c, \u2013 sako A. Kavaliauskas.<\/p>\n<p>Pa\u017eeid\u017eiamiems vartotojams \u2013 0,18 Eur\/kWh elektros kaina<\/p>\n<p>Visuomeninis elektros energijos tiekimas \u2013 tai valstyb\u0117s reguliuojama paslauga, taikoma buitiniams vartotojams, kuriems elektros energij\u0105 privalo u\u017etikrinti visuomeninis tiek\u0117jas.<\/p>\n<p>\u0160i\u0173 met\u0173 kovo prad\u017eios \u201eIgnitis\u201c duomenimis, visuomeniniu tiekimu i\u0161 viso naudojosi daugiau kaip 472 t\u016bkstan\u010diai vartotoj\u0173 objekt\u0173, i\u0161 j\u0173 daugiau kaip 126 t\u016bkstan\u010diai \u2013 pa\u017eeid\u017eiami vartotojai. <\/p>\n<p>Pagal galiojan\u010dius teis\u0117s aktus, pa\u017eeid\u017eiami vartotojai yra asmenys, gaunantys socialin\u0119 param\u0105, asmenys su negalia bei tie, kurie gauna \u0161alpos senatv\u0117s pensij\u0105 ar \u0161alpos kompensacij\u0105. Tradici\u0161kai tai yra ma\u017eiausiai elektros energijos suvartojantys, taup\u016bs ir kainai jautriausi nam\u0173 \u016bkiai.<\/p>\n<p>Absoliuti dauguma \u0161i\u0173 gyventoj\u0173 yra pasirink\u0119 visuomeninio tiekimo tarif\u0173 plan\u0105 \u201eStandartinis\u201c. Visiems \u012fprastiems visuomeninio tiekimo vartotojams \u0161is tarifas \u0161iuo metu siekia 0,22 Eur\/kWh, o pa\u017eeid\u017eiamiems vartotojams jis yra ma\u017eesnis \u2013 0,18 Eur\/kWh.<\/p>\n<p>\u0160is kain\u0173 skirtumas susidaro d\u0117l valstyb\u0117s pagalbos, kuri skiriama pa\u017eeid\u017eiam\u0173 vartotoj\u0173 grupei, kompensuojant dal\u012f kainos u\u017e elektros energij\u0105.<\/p>\n<p>    <img decoding=\"async\" src=\"https:\/\/www.europesays.com\/lt\/wp-content\/uploads\/2026\/04\/84b5203e-1669-47dd-a7b0-e33b420abb4e.jpg\" loading=\"lazy\" alt=\"Elektros kaina\"\/>      <\/p>\n<p>Kiek sumoka pa\u017eeid\u017eiami vartotojai?<\/p>\n<p>Visuomeniniu tiekimu besinaudojan\u010di\u0173 pa\u017eeid\u017eiam\u0173 vartotoj\u0173 elektros energijos suvartojimas paprastai yra pats ma\u017eiausias i\u0161 vis\u0173 vartotoj\u0173 grupi\u0173. Jis yra apie 15 procent\u0173 ma\u017eesnis u\u017e \u012fprast\u0173 \u0161io tiekimo klient\u0173 suvartojim\u0105.<\/p>\n<p>\u0160altuoju met\u0173 laiku, pavyzd\u017eiui, vasar\u012f, pa\u017eeid\u017eiam\u0173 vartotoj\u0173 vidutinis suvartojimas siek\u0117 beveik 117 kWh, o vidutin\u0117 s\u0105skaita u\u017e elektros energij\u0105 sudar\u0117 apie 21 eur\u0105. <\/p>\n<p>Vasar\u0105 visuomeninio tiek\u0117jo vartotoj\u0173 elektros energijos poreikis paprastai suma\u017e\u0117ja apie tris kartus. Skai\u010diuojama, kad \u0161iltuoju sezonu pa\u017eeid\u017eiamiems visuomeninio tiekimo vartotojams vidutini\u0161kai reik\u0117t\u0173 vos apie 36 kWh per m\u0117nes\u012f, tad s\u0105skaita sudaryt\u0173 tik apie 6,5 euro.<\/p>\n<p>Ar turite teis\u0119 gr\u012f\u017eti \u012f visuomenin\u012f tiekim\u0105, galite lengvai pasitikrinti \u012fved\u0119 savo objekto numer\u012f interneto svetain\u0117je <a rel=\"noopener nofollow\" target=\"_blank\" href=\"https:\/\/www.pasirinkitetiekeja.lt\" data-rel-date-range=\"[]\">www.pasirinkitetiekeja.lt<\/a> arba paskambin\u0119 telefonu +370 611 21 802. <\/p>\n<p>Objekto numeris yra kasm\u0117nesin\u0117se s\u0105skaitose u\u017e elektros energij\u0105. Turint teis\u0119 naudotis visuomeninio tiekimo paslauga, u\u017etenka nutraukti galiojan\u010di\u0105 sutart\u012f su nepriklausomu elektros energijos tiek\u0117ju ir visuomeninio tiekimo paslauga elektros energijos vartotojams bus taikoma automati\u0161kai.<\/p>\n","protected":false},"excerpt":{"rendered":"Visuomenin\u012f tiekim\u0105 u\u017etikrinanti bendrov\u0117 \u201eIgnitis\u201c primena, kad pa\u017eeid\u017eiami vartotojai turi galimyb\u0119 u\u017e elektr\u0105 mok\u0117ti ma\u017eiau. Tereikia atlikti kelet\u0105&hellip;\n","protected":false},"author":2,"featured_media":146704,"comment_status":"","ping_status":"","sticky":false,"template":"","format":"standard","meta":{"footnotes":"","_share_on_mastodon":"0"},"categories":[17],"tags":[81,1058,1229,37,39,36,38,40,46,758],"class_list":["post-146703","post","type-post","status-publish","format-standard","has-post-thumbnail","category-verslas","tag-business","tag-elektros-kaina","tag-ignitis","tag-lietuva","tag-lietuviu","tag-lithuania","tag-lithuanian","tag-lt","tag-verslas","tag-zygimantas-vaiciunas"],"share_on_mastodon":{"url":"https:\/\/pubeurope.com\/@lt\/116354293752477657","error":""},"_links":{"self":[{"href":"https:\/\/www.europesays.com\/lt\/wp-json\/wp\/v2\/posts\/146703","targetHints":{"allow":["GET"]}}],"collection":[{"href":"https:\/\/www.europesays.com\/lt\/wp-json\/wp\/v2\/posts"}],"about":[{"href":"https:\/\/www.europesays.com\/lt\/wp-json\/wp\/v2\/types\/post"}],"author":[{"embeddable":true,"href":"https:\/\/www.europesays.com\/lt\/wp-json\/wp\/v2\/users\/2"}],"replies":[{"embeddable":true,"href":"https:\/\/www.europesays.com\/lt\/wp-json\/wp\/v2\/comments?post=146703"}],"version-history":[{"count":0,"href":"https:\/\/www.europesays.com\/lt\/wp-json\/wp\/v2\/posts\/146703\/revisions"}],"wp:featuredmedia":[{"embeddable":true,"href":"https:\/\/www.europesays.com\/lt\/wp-json\/wp\/v2\/media\/146704"}],"wp:attachment":[{"href":"https:\/\/www.europesays.com\/lt\/wp-json\/wp\/v2\/media?parent=146703"}],"wp:term":[{"taxonomy":"category","embeddable":true,"href":"https:\/\/www.europesays.com\/lt\/wp-json\/wp\/v2\/categories?post=146703"},{"taxonomy":"post_tag","embeddable":true,"href":"https:\/\/www.europesays.com\/lt\/wp-json\/wp\/v2\/tags?post=146703"}],"curies":[{"name":"wp","href":"https:\/\/api.w.org\/{rel}","templated":true}]}}