{"id":146838,"date":"2026-04-06T07:34:51","date_gmt":"2026-04-06T07:34:51","guid":{"rendered":"https:\/\/www.europesays.com\/lt\/146838\/"},"modified":"2026-04-06T07:34:51","modified_gmt":"2026-04-06T07:34:51","slug":"iranas-isdeste-salygas-del-hormuzo-sasiaurio-atidarymo-respublika-lt","status":"publish","type":"post","link":"https:\/\/www.europesays.com\/lt\/146838\/","title":{"rendered":"Iranas i\u0161d\u0117st\u0117 s\u0105lygas d\u0117l Hormuzo s\u0105siaurio atidarymo &#8211; Respublika.lt"},"content":{"rendered":"<p><img loading=\"lazy\" decoding=\"async\" src=\"https:\/\/www.respublika.lt\/lt\/naujienos\/pasaulis\/kitos_pasaulio_naujienos\/iranas-isdeste-salygas-del-hormuzo-sasiaurio-atidarymo\/images\/ico_camera_white.gif\" class=\"camera\" width=\"22\" height=\"15\" alt=\"nuotr.\" style=\"position:relative; top:-2px; right:2px;\"\/> 1 nuotr.<\/p>\n<p>Iranas pateik\u0117 savo s\u0105lygas, kada gal\u0117t\u0173 atsinaujinti \u012fprasta laivyb\u0105 Hormuzo s\u0105siauriu. EPA-Eltos nuotr.<\/p>\n<p style=\"text-align: justify;\" class=\"desktop_banner\">\u00a0<\/p>\n<p style=\"text-align: left;\">\u00a0<\/p>\n<p style=\"text-align: left;\">Irano prezidento kanceliarijos pavaduotojas komunikacijos klausimais Mehdi Tabatabaei parei\u0161k\u0117, kad laivyba gal\u0117t\u0173 atsinaujinti tik kompensavus \u017eal\u0105, prane\u0161a \u201eThe Guardian\u201c.<\/p>\n<p style=\"text-align: left;\">\u201eHormuzo s\u0105siauris bus atvertas tik tada, kai pagal nauj\u0105 teisin\u012f re\u017eim\u0105 i\u0161 dalies pajam\u0173 u\u017e tranzito rinkliavas bus visi\u0161kai atlyginta primesto karo padaryta \u017eala\u201c, \u2013 jis teig\u0117 socialin\u0117je platformoje \u201eX\u201c.<\/p>\n<p style=\"text-align: left;\">Be to, pasak M. Tabatabaei, JAV prezidentas Donaldas Trumpas provokuoja didel\u012f kar\u0105 regione, o keiksmais svaidytis prad\u0117jo i\u0161 nevilties ir pyk\u010dio, prane\u0161a AFP.<\/p>\n<p style=\"text-align: left;\">Anks\u010diau sekmadien\u012f D. Trumpas savo socialin\u0117je platformoje \u201eTruth Social\u201c u\u017esimin\u0117, kad antradienis Irane taps \u201eelektrini\u0173 ir tilt\u0173 diena\u201c, pagrasindamas juos susprogdinti.<\/p>\n<p style=\"text-align: left;\">Jis taip pat i\u0161vadino iranie\u010dius \u201epami\u0161usiais \u0161unsnukiais\u201c ir reikalavo atidaryti \u201esuknist\u0105 s\u0105siaur\u012f\u201c, o savo \u017einut\u0119 baig\u0117 \u017eod\u017eiais \u201e\u0161lov\u0117 Alachui\u201c.<\/p>\n<p style=\"text-align: left;\">Tuo metu Irano parlamento pirmininkas Mohammadas Bagheras Ghalibafas parei\u0161k\u0117, kad D. Trumpui \u012fgyvendinus savo grasinimus degt\u0173 visas regionas.<\/p>\n<p style=\"text-align: left;\">\u201eJ\u016bs\u0173 neapgalvoti veiksmai tempia Jungtines Valstijas \u012f tikr\u0105 pragar\u0105 kiekvienai \u0161eimai, o visas m\u016bs\u0173 regionas u\u017esiliepsnos vien tod\u0117l, kad j\u016bs atkakliai vykdote (Izraelio premjero \u2013 ELTA) B. Netanyahu nurodymus\u201c, \u2013 Irano parlamento vadovas paskelb\u0117 savo \u017einut\u0117je socialin\u0117je platformoje \u201eX\u201c.<\/p>\n<p style=\"text-align: left;\">Jis prid\u0117jo, kad vienintelis realus sprendimas yra pagarba Irano \u017emoni\u0173 teis\u0117ms ir \u201e\u0161io pavojingo \u017eaidimo nutraukimas\u201c.<\/p>\n<p style=\"text-align: left;\">Regis, v\u0117liau sekmadien\u012f D. Trumpas 24 valandomis prat\u0119s\u0117 termin\u0105, kada Iranas tur\u0117t\u0173 pasiekti susitarim\u0105 su JAV d\u0117l laivybos Hormuzo s\u0105siauriu.<\/p>\n<p style=\"text-align: left;\">\u201eAntradienis, 20.00 val. Ryt\u0173 pakrant\u0117s laiku\u201c, \u2013 D. Trumpas paskelb\u0117 savo platformoje \u201eTruth Social\u201c.<\/p>\n<p style=\"text-align: left;\">Jeigu susitarimas d\u0117l laivybos Hormuzo s\u0105siauriu nebus pasiektas iki naujojo termino \u2013 tre\u010diadienio 3 val. ryto Lietuvos laiku \u2013 D. Trumpas \u017eada subombarduoti Irano elektrines ir tiltus.<\/p>\n<p style=\"text-align: left;\">Vasario 28 d. JAV ir Izraeliui prad\u0117jus bombardavimo kampanij\u0105 prie\u0161 Iran\u0105, pastarasis ne tik leid\u017eia smogiamuosius dronus ir raketas \u012f Persijos \u012flankos \u0161alis ir Izrael\u012f, bet ir i\u0161 esm\u0117s blokuoja laivyb\u0105 Hormuzo s\u0105siauriu, gyvybi\u0161kai svarbiu pasaulio naftos ir duj\u0173 mar\u0161rutu.<\/p>\n<p style=\"text-align: left;\">Per \u0161\u012f kar\u0105 \u017euvo t\u016bkstan\u010diai \u017emoni\u0173, pasaulio rinkos patyr\u0117 sukr\u0117tim\u0105, sutriko pagrindiniai laivybos mar\u0161rutai ir smarkiai \u0161oktel\u0117jo kuro kainos.<\/p>\n","protected":false},"excerpt":{"rendered":"1 nuotr. Iranas pateik\u0117 savo s\u0105lygas, kada gal\u0117t\u0173 atsinaujinti \u012fprasta laivyb\u0105 Hormuzo s\u0105siauriu. EPA-Eltos nuotr. \u00a0 \u00a0 Irano&hellip;\n","protected":false},"author":2,"featured_media":146839,"comment_status":"","ping_status":"","sticky":false,"template":"","format":"standard","meta":{"footnotes":"","_share_on_mastodon":"0"},"categories":[6],"tags":[25,30,31,34,35,24,22210,79,553,223,815,727,32,33,37,39,36,38,40,23,22,28,29,10829,26,27,1270],"class_list":["post-146838","post","type-post","status-publish","format-standard","has-post-thumbnail","category-antrastes","tag-antrastes","tag-breaking-news","tag-breakingnews","tag-featured-news","tag-featurednews","tag-headlines","tag-hormuzo","tag-iranas","tag-izraelis","tag-jav","tag-karas","tag-laivyba","tag-latest-news","tag-latestnews","tag-lietuva","tag-lietuviu","tag-lithuania","tag-lithuanian","tag-lt","tag-naujienos","tag-news","tag-populiariausios-naujienos","tag-populiariausiosnaujienos","tag-sasiauris","tag-top-stories","tag-topstories","tag-trumpas"],"share_on_mastodon":{"url":"https:\/\/pubeurope.com\/@lt\/116356613713509070","error":""},"_links":{"self":[{"href":"https:\/\/www.europesays.com\/lt\/wp-json\/wp\/v2\/posts\/146838","targetHints":{"allow":["GET"]}}],"collection":[{"href":"https:\/\/www.europesays.com\/lt\/wp-json\/wp\/v2\/posts"}],"about":[{"href":"https:\/\/www.europesays.com\/lt\/wp-json\/wp\/v2\/types\/post"}],"author":[{"embeddable":true,"href":"https:\/\/www.europesays.com\/lt\/wp-json\/wp\/v2\/users\/2"}],"replies":[{"embeddable":true,"href":"https:\/\/www.europesays.com\/lt\/wp-json\/wp\/v2\/comments?post=146838"}],"version-history":[{"count":0,"href":"https:\/\/www.europesays.com\/lt\/wp-json\/wp\/v2\/posts\/146838\/revisions"}],"wp:featuredmedia":[{"embeddable":true,"href":"https:\/\/www.europesays.com\/lt\/wp-json\/wp\/v2\/media\/146839"}],"wp:attachment":[{"href":"https:\/\/www.europesays.com\/lt\/wp-json\/wp\/v2\/media?parent=146838"}],"wp:term":[{"taxonomy":"category","embeddable":true,"href":"https:\/\/www.europesays.com\/lt\/wp-json\/wp\/v2\/categories?post=146838"},{"taxonomy":"post_tag","embeddable":true,"href":"https:\/\/www.europesays.com\/lt\/wp-json\/wp\/v2\/tags?post=146838"}],"curies":[{"name":"wp","href":"https:\/\/api.w.org\/{rel}","templated":true}]}}