{"id":146934,"date":"2026-04-06T09:38:23","date_gmt":"2026-04-06T09:38:23","guid":{"rendered":"https:\/\/www.europesays.com\/lt\/146934\/"},"modified":"2026-04-06T09:38:23","modified_gmt":"2026-04-06T09:38:23","slug":"lavrovas-ragina-jav-atsisakyti-ultimatumu-retorikos-respublika-lt","status":"publish","type":"post","link":"https:\/\/www.europesays.com\/lt\/146934\/","title":{"rendered":"Lavrovas ragina JAV atsisakyti ultimatum\u0173 retorikos &#8211; Respublika.lt"},"content":{"rendered":"<p>    \u00d7<\/p>\n<p>    (1\/1) Sergejus Lavrovas. EPA &#8211; Eltos nuotr. <a href=\"https:\/\/www.respublika.lt\/uploads\/img\/catalog\/1\/photo_1_22619949.jpg\" class=\"swiper-photo-download\" download=\"\" rel=\"nofollow noopener\" target=\"_blank\">Atsisi\u0173sti<\/a><\/p>\n<p><img loading=\"lazy\" decoding=\"async\" src=\"https:\/\/www.respublika.lt\/lt\/naujienos\/pasaulis\/kitos_pasaulio_naujienos\/lavrovas-ragina-jav-atsisakyti-ultimatumu-retorikos\/images\/ico_camera_white.gif\" class=\"camera\" width=\"22\" height=\"15\" alt=\"nuotr.\" style=\"position:relative; top:-2px; right:2px;\"\/> 1 nuotr.<\/p>\n<p>Sergejus Lavrovas. EPA &#8211; Eltos nuotr.<\/p>\n<p style=\"text-align: left;\">Rusijos u\u017esienio reikal\u0173 ministras Sergejus Lavrovas sekmadien\u012f kalb\u0117damas su Irano diplomatijos vadovu parei\u0161k\u0117, kad JAV der\u0117t\u0173 atsisakyti ultimatum\u0173 retorikos ir gr\u012f\u017eti prie deryb\u0173.<\/p>\n<p style=\"text-align: justify;\" class=\"desktop_banner\">\u00a0<\/p>\n<p style=\"text-align: left;\">\u00a0<\/p>\n<p style=\"text-align: left;\">Tokie S. Lavrovo komentarai pasirod\u0117 po to, kai JAV prezidentas Donaldas Trumpas sekmadien\u012f prapliupo keiksmais savo socialin\u0117je platformoje \u201eTruth Social\u201c ir pagrasino susprogdinti Irano elektrines ir tiltus, jeigu Teheranas neleis laivams plaukti Horm\u016bzo s\u0105siauriu.<\/p>\n<p style=\"text-align: left;\">\u201eRusijos pus\u0117 i\u0161rei\u0161k\u0117 vilt\u012f, kad kai kuri\u0173 valstybi\u0173 pastangos deeskaluoti \u012ftamp\u0105 Irano klausimu bus s\u0117kmingos\u201c, \u2013 Maskva paskelb\u0117 apie S. Lavrovo ir Irano u\u017esienio reikal\u0173 ministro Abbaso Araghchi pokalbio turin\u012f.<\/p>\n<p style=\"text-align: left;\">Anot Maskvos, prie to gal\u0117t\u0173 prisid\u0117ti JAV, jeigu \u201enustot\u0173 naudoti ultimatum\u0173 kalb\u0105 ir gr\u012f\u017et\u0173 prie deryb\u0173\u201c.<\/p>\n<p style=\"text-align: left;\">S. Lavrovas ir A. Araghchi taip pat ragino Va\u0161ington\u0105 nutraukti \u201eneteis\u0117tas atakas prie\u0161 civilin\u0119 infrastrukt\u016br\u0105\u201c, toki\u0105 kaip Bu\u0161ehro atomin\u0119 elektrin\u0119, kur dirba Rusijos techniniai specialistai.<\/p>\n<p style=\"text-align: left;\">Rusijos \u017einiasklaida prane\u0161\u0117, kad Maskva \u0161e\u0161tadien\u012f prad\u0117jo savo 198 darbuotoj\u0173 evakuacij\u0105 i\u0161 elektrin\u0117s netrukus po to, kai netoli jos sprogo JAV ar Izraelio bomba.<\/p>\n<p>Patiko straipsnis? Leisk mums apie tai su\u017einoti. Nepamir\u0161k pasidalinti Facebook! <\/p>\n<p><img loading=\"lazy\" decoding=\"async\" class=\"p2_social_circle_icon\" src=\"https:\/\/www.respublika.lt\/images\/thumbs_up.svg\" width=\"21\" height=\"22\" alt=\"L\"\/><\/p>\n<p><img loading=\"lazy\" decoding=\"async\" class=\"p2_social_circle_icon\" src=\"https:\/\/www.respublika.lt\/images\/facebook.svg\" alt=\"F\" width=\"22\" height=\"22\" style=\"filter: invert(37%) sepia(55%) saturate(2351%) hue-rotate(187deg) brightness(102%) contrast(106%);\"\/><\/p>\n<p>&#13;<br \/>\n\tNesutinkate &#8211; diskutuokime!<br \/>&#13;<br \/>\n\tNepykite komentatoriai, bet komentarai su keiksma\u017eod\u017eiais bus \u0161alinami automati\u0161kai, be atsipra\u0161ymo.\n    <\/p>\n<p>&#13;<br \/>\n              Respublika.lt pasilieka teis\u0119 pa\u0161alinti nekult\u016bringus, keiksma\u017eod\u017eiais pagardintus, su tema nesusijusius, kito asmens vardu pasira\u0161ytus, \u012fstatymus pa\u017eeid\u017eian\u010dius, \u0161lam\u0161t\u0105 reklamuojan\u010dius ar nusikalsti kurstan\u010dius komentarus. Jei kurstysite smurt\u0105, rasin\u0119, tautin\u0119, religin\u0119 ar kitokio pob\u016bd\u017eio neapykant\u0105, \u017evirbliu i\u0161skrid\u0119 j\u016bs\u0173 \u017eod\u017eiai gr\u012f\u017edami gali virsti ton\u0105 sverian\u010diu jau\u010diu &#8211; specialiosioms Lietuvos tarnyboms pareikalavus suteiksime j\u016bs\u0173 duomenis.\n            <\/p>\n","protected":false},"excerpt":{"rendered":"\u00d7 (1\/1) Sergejus Lavrovas. EPA &#8211; Eltos nuotr. Atsisi\u0173sti 1 nuotr. Sergejus Lavrovas. EPA &#8211; Eltos nuotr. Rusijos&hellip;\n","protected":false},"author":2,"featured_media":146935,"comment_status":"","ping_status":"","sticky":false,"template":"","format":"standard","meta":{"footnotes":"","_share_on_mastodon":"0"},"categories":[15],"tags":[25,30,31,34,35,24,79,223,815,32,33,2024,37,39,36,38,40,23,22,44,28,29,119,26,27,74,75,76],"class_list":["post-146934","post","type-post","status-publish","format-standard","has-post-thumbnail","category-pasaulis","tag-antrastes","tag-breaking-news","tag-breakingnews","tag-featured-news","tag-featurednews","tag-headlines","tag-iranas","tag-jav","tag-karas","tag-latest-news","tag-latestnews","tag-lavrovas","tag-lietuva","tag-lietuviu","tag-lithuania","tag-lithuanian","tag-lt","tag-naujienos","tag-news","tag-pasaulis","tag-populiariausios-naujienos","tag-populiariausiosnaujienos","tag-rusija","tag-top-stories","tag-topstories","tag-world","tag-world-news","tag-worldnews"],"share_on_mastodon":{"url":"https:\/\/pubeurope.com\/@lt\/116357097487227131","error":""},"_links":{"self":[{"href":"https:\/\/www.europesays.com\/lt\/wp-json\/wp\/v2\/posts\/146934","targetHints":{"allow":["GET"]}}],"collection":[{"href":"https:\/\/www.europesays.com\/lt\/wp-json\/wp\/v2\/posts"}],"about":[{"href":"https:\/\/www.europesays.com\/lt\/wp-json\/wp\/v2\/types\/post"}],"author":[{"embeddable":true,"href":"https:\/\/www.europesays.com\/lt\/wp-json\/wp\/v2\/users\/2"}],"replies":[{"embeddable":true,"href":"https:\/\/www.europesays.com\/lt\/wp-json\/wp\/v2\/comments?post=146934"}],"version-history":[{"count":0,"href":"https:\/\/www.europesays.com\/lt\/wp-json\/wp\/v2\/posts\/146934\/revisions"}],"wp:featuredmedia":[{"embeddable":true,"href":"https:\/\/www.europesays.com\/lt\/wp-json\/wp\/v2\/media\/146935"}],"wp:attachment":[{"href":"https:\/\/www.europesays.com\/lt\/wp-json\/wp\/v2\/media?parent=146934"}],"wp:term":[{"taxonomy":"category","embeddable":true,"href":"https:\/\/www.europesays.com\/lt\/wp-json\/wp\/v2\/categories?post=146934"},{"taxonomy":"post_tag","embeddable":true,"href":"https:\/\/www.europesays.com\/lt\/wp-json\/wp\/v2\/tags?post=146934"}],"curies":[{"name":"wp","href":"https:\/\/api.w.org\/{rel}","templated":true}]}}