{"id":147311,"date":"2026-04-06T21:00:12","date_gmt":"2026-04-06T21:00:12","guid":{"rendered":"https:\/\/www.europesays.com\/lt\/147311\/"},"modified":"2026-04-06T21:00:12","modified_gmt":"2026-04-06T21:00:12","slug":"trumpas-pareiske-jog-kanados-vis-delto-neprisijungs","status":"publish","type":"post","link":"https:\/\/www.europesays.com\/lt\/147311\/","title":{"rendered":"Trumpas parei\u0161k\u0117, jog Kanados vis d\u0117lto neprisijungs"},"content":{"rendered":"<p>Apie tai jis prisipa\u017eino Did\u017eiosios Britanijos karali\u0161kosios \u0161eimos biografui Robertui Hardmanui, kai \u0161is, ra\u0161ydamas nauj\u0105 knyg\u0105 apie karalien\u0119 El\u017ebiet\u0105 II, kalbino JAV prezident\u0105.    <\/p>\n<p class=\"MsoNormal\">Svastydamas \u201eproblem\u0105\u201c, ar verta perimti \u0161i\u0105 teritorij\u0105 per likus\u012f savo kadencijos laik\u0105, D. Trumpas R. Hardmano klausin\u0117jo, ar kanadie\u010diai vis dar pripa\u017e\u012fsta Did\u017eiosios Britanijos karali\u0173 savo valstyb\u0117s vadovu, ra\u0161o \u201eThe Telegraph\u201c.<\/p>\n<p class=\"MsoNormal\">\u201eManau, kad kanadie\u010diai turi 200 met\u0173 istorij\u0105 ir vis\u0105 t\u0105 \u201eO, Kanada\u201c jausm\u0105, \u2013 sak\u0117 JAV prezidentas. \u2013 To ne\u012fmanoma \u012fveikti per trejus su puse met\u0173. Manau, kad to nebus!\u201c<\/p>\n<p class=\"MsoNormal\">D. Trumpas su valstybiniu vizitu Did\u017eiojoje Britanijoje vie\u0161\u0117jo du kartus \u2013 vien\u0105 kart\u0105 El\u017ebietos II valdymo laikotarpiu, o kit\u0105 \u2013 sost\u0105 u\u017e\u0117mus <a rel=\"noopener nofollow\" target=\"_blank\" href=\"https:\/\/www.delfi.lt\/temos\/karalius-karolis-iii\" tag-id=\"96615611\">Karoliui III<\/a>. V\u0117liau \u0161\u012f m\u0117nes\u012f jis priims Did\u017eiosios Birtanijos karali\u0173 ir karalien\u0119, atvykstan\u010dius atsakomojo vizito. <\/p>\n<p>       <img decoding=\"async\" src=\"https:\/\/www.europesays.com\/lt\/wp-content\/uploads\/2026\/04\/60004399-42d6-4ff2-81b8-cea385f8bf9d.jpg\" loading=\"lazy\" alt=\"D. Trumpo valstybinis vizitas D. Britanijoje. 2025 m. rugs\u0117jo 18 d.\"\/>      <\/p>\n<p class=\"MsoNormal\">Prane\u0161ama, kad per interviu, kur\u012f paskelb\u0117 \u201eDaily Mail\u201c, R. Hardmanas papra\u0161\u0117 D. Trumpo \u201epalikti Kanad\u0105 ramyb\u0117je\u201c ir pa\u017eym\u0117jo, kad jo ketinimai \u201eneabejotinai nuli\u016bdint\u0173 Kanados karali\u0173\u201c.<\/p>\n<p class=\"MsoNormal\">\u201eStojo trumpa pauz\u0117\u201c, \u2013 ra\u0161\u0117 R. Hardmanas.<\/p>\n<p class=\"MsoNormal\">\u201eAr jie vis dar pripa\u017e\u012fsta karali\u0173? Ar jau liov\u0117si tai dar\u0119?\u201c \u2013 tuomet pasiteiravo D. Trumpas. R. Hardmanas atsak\u0117, kad kanadie\u010diai vis dar pripa\u017e\u012fsta Did\u017eiosios Britanijos karali\u0173 kaip savo valstyb\u0117s vadov\u0105.<\/p>\n<p class=\"MsoNormal\">\u201eTa\u010diau jie turi tuos siaubingus politikus. Mano akyse jie elgiasi maloniai, o u\u017e nugaros puola kalb\u0117ti blogus dalykus\u201c, \u2013 atsak\u0117 D. Trumpas, pridurdamas, kad d\u0117l \u0161alto klimato dauguma kanadie\u010di\u0173 bet kokiu atveju yra priversti gyventi netoli JAV sienos.<\/p>\n<p class=\"MsoNormal\">\u201eProblema ta, jog ka\u017ekas nubr\u0117\u017e\u0117 t\u0105 tiesi\u0105 linij\u0105, kad nustatyt\u0173 sien\u0105. Tas asmuo tiesiog tur\u0117jo nubr\u0117\u017eti j\u0105 50 myli\u0173 \u0161iauriau, ir tada neb\u016bt\u0173 jokios problemos\u201c, \u2013 prid\u016br\u0117 jis.<\/p>\n<p class=\"MsoNormal\">Pra\u0117jusiais metais D. Trumpas kelet\u0105 kart\u0173 u\u017esimin\u0117, jog ketina prisijungti <a rel=\"noopener nofollow\" target=\"_blank\" href=\"https:\/\/www.delfi.lt\/temos\/kanada\" tag-id=\"21801223\">Kanad\u0105<\/a> kaip 51-\u0105j\u0105 valstij\u0105. Jis nuolat erzino tuometin\u012f Kanados premjer\u0105 Justin\u0105 Trudeau, tvirtindamas, kad prisijung\u0119 prie JAV,  kanadie\u010diai mok\u0117t\u0173 ma\u017eesnius mokes\u010dius ir gaut\u0173 geresn\u0119 karin\u0119 apsaug\u0105.<\/p>\n<p class=\"MsoNormal\">Sausio m\u0117nes\u012f Ovaliniame kabinete per susitikim\u0105 su Europos lyderiais jis pademonstravo dirbtinio intelekto sukurt\u0105 paveiksliuk\u0105, kuriame Kanados teritorija buvo padengta JAV v\u0117liavos spalvomis.<\/p>\n<p class=\"MsoNormal\">Pra\u0117jusi\u0173 met\u0173 gegu\u017e\u0119 Karolis III buvo trumpam atskrid\u0119s \u012f Otav\u0105, kur sudalyvavo oficialioje parlamento sesijos atidarymo ceremonijoje ir, reaguodamas \u012f D. Trumpo grasinimus, kanadie\u010diams parei\u0161k\u0117, kad j\u0173 \u0161alis yra \u201estipri ir laisva\u201c.<\/p>\n<p>       <img decoding=\"async\" src=\"https:\/\/www.europesays.com\/lt\/wp-content\/uploads\/2026\/04\/f80a2016-1230-45a6-a932-a7a2fc5fa4c6.jpg\" loading=\"lazy\" alt=\"Karalius Karolis III ir karalien\u0117 Camilla per Kanados parlamento sesijos atidarym\u0105. 2025 m. gegu\u017e\u0117s 27 d.\"\/>      <\/p>\n<p class=\"MsoNormal\">\u0160i misija, kurios metu jis sulauk\u0117 plojim\u0173 atsistojus, buvo \u012fvertinta kaip didel\u0117 s\u0117km\u0117, nes v\u0117liau <a rel=\"noopener nofollow\" target=\"_blank\" href=\"https:\/\/www.delfi.lt\/temos\/jav\" tag-id=\"39295467\">JAV<\/a> prezidentas su\u0161velnino retorik\u0105 d\u0117l JAV invazijos \u012f \u0161i\u0105 Taut\u0173 Sandraugos \u0161al\u012f.<\/p>\n<p class=\"MsoNormal\">Per pokalb\u012f su R. Hardmanu D. Trumpas taip pat pavadino karali\u0173 \u201efantasti\u0161ku vyruku\u201c ir gyr\u0117 j\u012f u\u017e tai, kad kovoja su v\u0117\u017eiu.<\/p>\n<p class=\"MsoNormal\">\u201eJis yra \u0161aunus vyrukas ir per pastaruosius 10 met\u0173 labai subrendo, ypa\u010d per pastaruosius kelerius metus, kai tapo karaliumi. Tai rodo jo kova\u201c, \u2013 sak\u0117 jis.<\/p>\n<p class=\"MsoNormal\">D. Trumpas taip pat pasakojo nes\u0117kmingai band\u0119s i\u0161kvosti velion\u0119 karalien\u0119 apie jos m\u0117gstamus prezidentus ir ministrus pirmininkus.<\/p>\n<p class=\"MsoNormal\">\u201eTada supratau: \u0161tai kod\u0117l ji i\u0161tv\u0117r\u0117 70 met\u0173 be joki\u0173 skund\u0173 \u2013 nes ji tai dar\u0117 taip puikiai, \u2013 teig\u0117 D. Trumpas. \u2013 Kiti \u017emon\u0117s b\u016bt\u0173 pasak\u0119: \u201eO, man patinka tas ir tas\u201c, bet ji buvo tokia protinga. Ir a\u0161 \u017einau, kad a\u0161 jai patikau, nes mes daug kalb\u0117jom\u0117s.\u201c<\/p>\n<p class=\"MsoNormal\">Pasak R. Hardmano, Jeremy Huntas, kuris 2018 metais per oficial\u0173 D. Trumpo vizit\u0105 Vindzore \u0117jo u\u017esienio reikal\u0173 sekretoriaus pareigas, tuo metu teig\u0117: \u201eAmerikie\u010diai mums pasak\u0117: &#8216;Jei norite, kad jis (D. Trumpas \u2013 red. past.) atvykt\u0173, jis tur\u0117s i\u0161gerti arbatos su karaliene.\u201c<\/p>\n<p class=\"MsoNormal\">V\u0117liau \u0161\u012f m\u0117nes\u012f karalius Karolis III ir karalien\u0117 Camilla dalyvaus bendroje Kongreso sesijoje, bankete Baltuosiuose r\u016bmuose ir lankysis Niujorke.<\/p>\n<p class=\"MsoNormal\">Diplomatai tikisi, kad \u0161is vizitas pad\u0117s su\u0161velninti tarp JAV ir <a rel=\"noopener nofollow\" target=\"_blank\" href=\"https:\/\/www.delfi.lt\/temos\/didzioji-britanija\" tag-id=\"39253693\">Did\u017eiosios Britanijos<\/a> d\u0117l karo Irane tvyran\u010di\u0105 \u012ftamp\u0105. D. Trumpas smarkiai kritikavo Did\u017eiosios Britanijos ministro pirmininko Keiro Starmerio po\u017ei\u016br\u012f \u012f konflikt\u0105 Persijos \u012flankoje.<\/p>\n","protected":false},"excerpt":{"rendered":"Apie tai jis prisipa\u017eino Did\u017eiosios Britanijos karali\u0161kosios \u0161eimos biografui Robertui Hardmanui, kai \u0161is, ra\u0161ydamas nauj\u0105 knyg\u0105 apie karalien\u0119&hellip;\n","protected":false},"author":2,"featured_media":147312,"comment_status":"","ping_status":"","sticky":false,"template":"","format":"standard","meta":{"footnotes":"","_share_on_mastodon":"0"},"categories":[6],"tags":[25,30,31,4743,194,34,35,24,223,350,3369,548,32,33,37,39,36,38,40,23,22,28,29,26,27],"class_list":["post-147311","post","type-post","status-publish","format-standard","has-post-thumbnail","category-antrastes","tag-antrastes","tag-breaking-news","tag-breakingnews","tag-didzioji-britanija","tag-donaldas-trumpas","tag-featured-news","tag-featurednews","tag-headlines","tag-jav","tag-kanada","tag-karaliene-elzbieta-ii","tag-karalius-karolis-iii","tag-latest-news","tag-latestnews","tag-lietuva","tag-lietuviu","tag-lithuania","tag-lithuanian","tag-lt","tag-naujienos","tag-news","tag-populiariausios-naujienos","tag-populiariausiosnaujienos","tag-top-stories","tag-topstories"],"share_on_mastodon":{"url":"https:\/\/pubeurope.com\/@lt\/116359779126869568","error":""},"_links":{"self":[{"href":"https:\/\/www.europesays.com\/lt\/wp-json\/wp\/v2\/posts\/147311","targetHints":{"allow":["GET"]}}],"collection":[{"href":"https:\/\/www.europesays.com\/lt\/wp-json\/wp\/v2\/posts"}],"about":[{"href":"https:\/\/www.europesays.com\/lt\/wp-json\/wp\/v2\/types\/post"}],"author":[{"embeddable":true,"href":"https:\/\/www.europesays.com\/lt\/wp-json\/wp\/v2\/users\/2"}],"replies":[{"embeddable":true,"href":"https:\/\/www.europesays.com\/lt\/wp-json\/wp\/v2\/comments?post=147311"}],"version-history":[{"count":0,"href":"https:\/\/www.europesays.com\/lt\/wp-json\/wp\/v2\/posts\/147311\/revisions"}],"wp:featuredmedia":[{"embeddable":true,"href":"https:\/\/www.europesays.com\/lt\/wp-json\/wp\/v2\/media\/147312"}],"wp:attachment":[{"href":"https:\/\/www.europesays.com\/lt\/wp-json\/wp\/v2\/media?parent=147311"}],"wp:term":[{"taxonomy":"category","embeddable":true,"href":"https:\/\/www.europesays.com\/lt\/wp-json\/wp\/v2\/categories?post=147311"},{"taxonomy":"post_tag","embeddable":true,"href":"https:\/\/www.europesays.com\/lt\/wp-json\/wp\/v2\/tags?post=147311"}],"curies":[{"name":"wp","href":"https:\/\/api.w.org\/{rel}","templated":true}]}}