{"id":147688,"date":"2026-04-07T10:59:10","date_gmt":"2026-04-07T10:59:10","guid":{"rendered":"https:\/\/www.europesays.com\/lt\/147688\/"},"modified":"2026-04-07T10:59:10","modified_gmt":"2026-04-07T10:59:10","slug":"atvira-klaipeda-atgimimo-aikste-rastus-pamatus-uzpils","status":"publish","type":"post","link":"https:\/\/www.europesays.com\/lt\/147688\/","title":{"rendered":"Atvira Klaip\u0117da | Atgimimo aik\u0161t\u0117: rastus pamatus u\u017epils"},"content":{"rendered":"<tr>\n<td><img loading=\"lazy\" decoding=\"async\" src=\"https:\/\/www.europesays.com\/lt\/wp-content\/uploads\/2026\/04\/Screenshot-2026-03-31-155017.png\" class=\"avatar avatar-100 photo\" width=\"100\" height=\"100\"\/><\/td>\n<td>Paulius Perminas<br \/>2026-04-06<\/td>\n<\/tr>\n<p>D\u0117l Klaip\u0117dos Atgimimo aik\u0161t\u0117je rast\u0173 istorini\u0173 pamat\u0173 kariuomen\u0117 negali atlikti planinio i\u0161minavimo, ta\u010diau patikrinus keliolika viet\u0173, kur gal\u0117jo b\u016bti sprogmen\u0173, darbai bus t\u0119siami.<\/p>\n<p><img fetchpriority=\"high\" decoding=\"async\" width=\"1024\" height=\"768\" src=\"https:\/\/www.europesays.com\/lt\/wp-content\/uploads\/2026\/04\/dji_fly_20260312_144342_163_1773319495122_photo_optimized-1024x768.jpg\" alt=\"Atgimimo aik\u0161t\u0117\" class=\"wp-image-454652\"  \/>Martyno Vainoriaus nuotr.<\/p>\n<p>Klaip\u0117dos savivaldyb\u0117 nurod\u0117, jog kariuomen\u0117s specialistai, patikrin\u0119 12 viet\u0173, kurios buvo identifikuotos po magnetometru atlikto teritorijos tyrimo, nustat\u0117 metalo fragmentus, ta\u010diau jose nebuvo sprogmen\u0173.<\/p>\n<p>\u201eKariuomen\u0117s specialistai patikrino tas 12 viet\u0173, ta\u010diau informavo ra\u0161tu, kad negarantuoja, jog teritorija yra visi\u0161kai saugi, nes (\u2026) u\u017etikrinti saugum\u0105 gal\u0117t\u0173 tik tuo atveju, jei b\u016bt\u0173 atliktas visos teritorijos i\u0161minavimas pagal kariuomen\u0117s metodik\u0105\u201c, \u2013 BNS \u0161i\u0105 savait\u0119 sak\u0117 savivaldyb\u0117s Teis\u0117s ir personalo skyriaus ved\u0117jas Andrius Ka\u010dalinas.<\/p>\n<p>\u201eNesinori taip jau kategori\u0161kai pasakyti, kad i\u0161minavimo darb\u0173 nereik\u0117s, nes galb\u016bt u\u017e statybos zonos bus aptiktas sprogmuo, (\u2026) bet kalb\u0117ti apie tai, kad bus vykdomas planinis i\u0161minavimas, kur\u012f kariuomen\u0117 \u012ftraukia \u012f kasmetin\u012f savo plan\u0105, manau, kad jo nebus ir, ko gero, jis taip ir ne\u012fvyks\u201c, \u2013 tikino jis.<\/p>\n<p>Visos teritorijos patikrinti ne\u012fmanoma nepa\u0161alinus betonini\u0173, plytini\u0173 konstrukcij\u0173, ta\u010diau tai ne\u012fmanoma, nes kov\u0105 Nekilnojamojo kult\u016bros paveldo vertinimo taryba nusprend\u0117, jog aik\u0161t\u0117je atidengtos nuo XVII am\u017eiaus pirmos pus\u0117s iki XX am\u017eiaus vidurio datuojamos 52 strukt\u016bros yra vertingos ir turi b\u016bti saugomos.<\/p>\n<p>Pasak A. Ka\u010dalino, \u0161iuo metu svarstoma padarant kuo ma\u017eesn\u012f poveik\u012f atrastas strukt\u016bras u\u017epilti.<\/p>\n<p>\u201eTas u\u017epylimas tur\u0117t\u0173 vykti tikrai greitai, galb\u016bt per m\u0117nes\u012f, pusantro ar du, o d\u0117l tolimesni\u0173 statybos darb\u0173 \u0161iai dienai negaliu pasakyti. Susid\u0117liojus su projektuotojais, rangovu visus sprendinius, t\u0105 kalendorin\u012f grafik\u0105, bus galima ka\u017ek\u0105 pasakyti tiksliau\u201c, \u2013 teig\u0117 jis.<\/p>\n<p>Atrastos strukt\u016bros l\u0117m\u0117 ir tai, jog tur\u0117s b\u016bti koreguojamas pirminis projektas. Pagal j\u012f aik\u0161t\u0117je buvo numatyta sukurti daugiafunkc\u012f akcent\u0105 su Klaip\u0117dos istoriniu \u017eem\u0117lapiu, \u012frengti amfiteatr\u0105 bei dviej\u0173 auk\u0161t\u0173 po\u017eemin\u0119 automobili\u0173 stov\u0117jimo aik\u0161tel\u0119.<\/p>\n<p>Pastaroji d\u0117l aptikt\u0173 strukt\u016br\u0173 \u012frengta grei\u010diausiai nebus, anot savivaldyb\u0117s Teis\u0117s ir personalo skyriaus ved\u0117jo, klausim\u0173, be kita ko, kelia komunikacij\u0173 tiesimas.<\/p>\n<p>\u201eSakykim, lietaus nuotek\u0173 kolektorius, jis kaip sprendinys turi b\u016bti vienaip ar kitaip \u012fgyvendintas. Ir dabar in\u017einieriai, projektuotojai svarsto galimyb\u0119 prastumti po strukt\u016bromis, jau j\u0173 nepa\u017eeid\u017eiant, j\u0173 nelie\u010diant\u201c, \u2013 ai\u0161kino A. Ka\u010dalinas.<\/p>\n<p>\u201eKitas dalykas, ant\u017eemin\u0117je dalyje buvo numatytas fontanas. Visa jo \u012franga tur\u0117jo b\u016bti sumontuota po\u017eemin\u0117je dalyje. Taigi tas sprendinys v\u0117l tur\u0117t\u0173 b\u016bti koreguojamas, tai yra ie\u0161koma, kur ta \u012franga tur\u0117t\u0173 b\u016bti\u201c, \u2013 pasakojo jis.<\/p>\n<p>U\u017epernai vasar\u0105 prad\u0117ti Atgimimo aik\u0161t\u0117s rekonstrukcijos darbai sustabdyti nuo 2024-\u0173j\u0173 spalio.<\/p>\n<p>Atgimimo aik\u0161t\u0117s rekonstrukcijos vie\u0161ojo pirkimo konkurs\u0105 yra laim\u0117jusi bendrov\u0117 \u201eInfes\u201c. Daugiau nei 21 mln. eur\u0173 vert\u0117s rangos darbus planuota baigti iki 2027 met\u0173 gruod\u017eio.<\/p>\n<p>BNS informacij\u0105 atgaminti visuomen\u0117s informavimo priemon\u0117se bei interneto tinklalapiuose be ra\u0161ti\u0161ko UAB \u201eBNS\u201c sutikimo draud\u017eiama<\/p>\n<p>\u017dymos: <a href=\"https:\/\/www.atviraklaipeda.lt\/zyma\/andrius-kacalinas\/\" rel=\"tag nofollow noopener\" target=\"_blank\">Andrius Ka\u010dalinas<\/a> | <a href=\"https:\/\/www.atviraklaipeda.lt\/zyma\/atgimimo-aikste\/\" rel=\"tag nofollow noopener\" target=\"_blank\">Atgimimo aik\u0161t\u0117<\/a> | <a href=\"https:\/\/www.atviraklaipeda.lt\/zyma\/klaipedos-miesto-savivaldybe\/\" rel=\"tag nofollow noopener\" target=\"_blank\">Klaip\u0117dos miesto savivaldyb\u0117<\/a> | <a href=\"https:\/\/www.atviraklaipeda.lt\/zyma\/sprogmenys\/\" rel=\"tag nofollow noopener\" target=\"_blank\">sprogmenys<\/a><\/p>\n<p>\tPrane\u0161ti apie klaid\u0105  <br \/>PANA\u0160\u016aS STRAIPSNIAI<\/p>\n","protected":false},"excerpt":{"rendered":"Paulius Perminas2026-04-06 D\u0117l Klaip\u0117dos Atgimimo aik\u0161t\u0117je rast\u0173 istorini\u0173 pamat\u0173 kariuomen\u0117 negali atlikti planinio i\u0161minavimo, ta\u010diau patikrinus keliolika viet\u0173,&hellip;\n","protected":false},"author":2,"featured_media":147689,"comment_status":"","ping_status":"","sticky":false,"template":"","format":"standard","meta":{"footnotes":"","_share_on_mastodon":"0"},"categories":[13],"tags":[25112,25,12556,30,31,34,35,24,14344,32,33,37,39,36,38,40,23,22,28,29,4893,26,27],"class_list":["post-147688","post","type-post","status-publish","format-standard","has-post-thumbnail","category-lietuva","tag-andrius-kacalinas","tag-antrastes","tag-atgimimo-aikste","tag-breaking-news","tag-breakingnews","tag-featured-news","tag-featurednews","tag-headlines","tag-klaipedos-miesto-savivaldybe","tag-latest-news","tag-latestnews","tag-lietuva","tag-lietuviu","tag-lithuania","tag-lithuanian","tag-lt","tag-naujienos","tag-news","tag-populiariausios-naujienos","tag-populiariausiosnaujienos","tag-sprogmenys","tag-top-stories","tag-topstories"],"share_on_mastodon":{"url":"https:\/\/pubeurope.com\/@lt\/116363078224861758","error":""},"_links":{"self":[{"href":"https:\/\/www.europesays.com\/lt\/wp-json\/wp\/v2\/posts\/147688","targetHints":{"allow":["GET"]}}],"collection":[{"href":"https:\/\/www.europesays.com\/lt\/wp-json\/wp\/v2\/posts"}],"about":[{"href":"https:\/\/www.europesays.com\/lt\/wp-json\/wp\/v2\/types\/post"}],"author":[{"embeddable":true,"href":"https:\/\/www.europesays.com\/lt\/wp-json\/wp\/v2\/users\/2"}],"replies":[{"embeddable":true,"href":"https:\/\/www.europesays.com\/lt\/wp-json\/wp\/v2\/comments?post=147688"}],"version-history":[{"count":0,"href":"https:\/\/www.europesays.com\/lt\/wp-json\/wp\/v2\/posts\/147688\/revisions"}],"wp:featuredmedia":[{"embeddable":true,"href":"https:\/\/www.europesays.com\/lt\/wp-json\/wp\/v2\/media\/147689"}],"wp:attachment":[{"href":"https:\/\/www.europesays.com\/lt\/wp-json\/wp\/v2\/media?parent=147688"}],"wp:term":[{"taxonomy":"category","embeddable":true,"href":"https:\/\/www.europesays.com\/lt\/wp-json\/wp\/v2\/categories?post=147688"},{"taxonomy":"post_tag","embeddable":true,"href":"https:\/\/www.europesays.com\/lt\/wp-json\/wp\/v2\/tags?post=147688"}],"curies":[{"name":"wp","href":"https:\/\/api.w.org\/{rel}","templated":true}]}}