{"id":14861,"date":"2025-10-10T17:33:08","date_gmt":"2025-10-10T17:33:08","guid":{"rendered":"https:\/\/www.europesays.com\/lt\/14861\/"},"modified":"2025-10-10T17:33:08","modified_gmt":"2025-10-10T17:33:08","slug":"nelaime-jav-sprogmenu-gamykloje-ivyko-sprogimas-yra-zuvusiuju","status":"publish","type":"post","link":"https:\/\/www.europesays.com\/lt\/14861\/","title":{"rendered":"Nelaim\u0117 JAV \u2013 sprogmen\u0173 gamykloje \u012fvyko sprogimas: yra \u017euvusi\u0173j\u0173"},"content":{"rendered":"<p>Vietos \u017einiasklaida prane\u0161a, kad keli \u017emon\u0117s laikomi dingusiais be \u017einios.<\/p>\n<p>\u012evykio vietoje dirba avarin\u0117s tarnybos. \u017dini\u0105 apie nelaim\u0119 patvirtino Hikmano apygardos \u0161erifo biuras.<\/p>\n<p>\u201eGalime patvirtinti, kad  \u201eAccurate Energetic Systems\u201c gamykloje \u012fvyko sprogimas. \u0160iuo metu \u012fvykio vietoje dirba greitosios pagalbos tarnybos\u201c, \u2013 prane\u0161\u0117 \u0161erifo biuras.<\/p>\n<p>\u201eThe Guardian\u201c prane\u0161a, kad su\u017eeist\u0173 \u017emoni\u0173 skai\u010dius ne\u017einomas, nes gelb\u0117tojai negali patekti \u012f pastat\u0105 d\u0117l besit\u0119sian\u010di\u0173 sprogim\u0173.<\/p>\n<p class=\"ssrcss-1q0x1qg-Paragraph e1jhz7w10\">Hamfrio apygardos \u0161erifas Chrisas Davisas prane\u0161\u0117, kad po pirmojo didelio sprogimo \u012fvyko keli nedideli sprogimai, prane\u0161a CBS News, cituoja BBC. <\/p>\n<p class=\"ssrcss-1q0x1qg-Paragraph e1jhz7w10\">\u201eTurime labai didel\u012f tyrim\u0105\u201c, \u2013 sak\u0117 jis. \u201eTikriausiai dirbsime \u010dia por\u0105 dien\u0173.\u201c<\/p>\n<p class=\"ssrcss-1q0x1qg-Paragraph e1jhz7w10\">Kitas pareig\u016bnas kaimynin\u0117je Hikmano apygardoje naujien\u0173 agent\u016brai \u201eAssociated Press\u201c sak\u0117, kad sprogimas trukd\u0117 pradin\u0117ms gelb\u0117jimo pastangoms.<\/p>\n<p>Leidinys ra\u0161o, kad sprogimas buvo stiprus \u2013 j\u012f pajuto ir u\u017e keli\u0173 kilometr\u0173 gyvenantys \u017emon\u0117s. <\/p>\n<p>Vaizdo \u012fra\u0161e i\u0161 \u012fvykio vietos matyti degantis pastatas, i\u0161 kurio \u012f or\u0105 kyla d\u016bmai. Ne\u0161vilio televizija WTVF-TV transliavo aplink \u012fvykio viet\u0105 i\u0161m\u0117tyt\u0173 nuolau\u017e\u0173 ir apgadint\u0173 automobili\u0173 stov\u0117jimo aik\u0161tel\u0117je vaizdus. <\/p>\n<p>Netoli \u012fvykio vietos gyvenantis vyras naujien\u0173 agent\u016brai AP pasakojo, kad j\u012f pri\u017eadino \u012fvyk\u0119s sprogimas. <\/p>\n<p>\u201eManiau, kad namas sugriuvo.  Gyvenu labai netoli \u201eAccurate\u201c ir ma\u017edaug po 30 sekund\u017ei\u0173 nuo pabudimo supratau, kad tai (sprogimas, \u2013 red. past.) tur\u0117jo \u012fvykti ten\u201c, \u2013 pasakojo vietos gyventojas. <\/p>\n<p>  Sprogimo aukos  <\/p>\n<p>Per sprogim\u0105 karin\u0117s amunicijos gamykloje Tenesyje \u017euvo keli \u017emon\u0117s, dar keli laikomi dingusiais, skelbia \u201eSky News\u201c.<\/p>\n<p>Anot BBC, tikslus \u017euvusi\u0173j\u0173 skai\u010dius dar n\u0117ra \u017einomas.<\/p>\n","protected":false},"excerpt":{"rendered":"Vietos \u017einiasklaida prane\u0161a, kad keli \u017emon\u0117s laikomi dingusiais be \u017einios. \u012evykio vietoje dirba avarin\u0117s tarnybos. \u017dini\u0105 apie nelaim\u0119&hellip;\n","protected":false},"author":2,"featured_media":14862,"comment_status":"","ping_status":"","sticky":false,"template":"","format":"standard","meta":{"footnotes":""},"categories":[15],"tags":[25,30,31,34,35,24,223,32,33,37,39,36,38,40,23,22,44,28,29,5217,26,27,74,75,76],"class_list":{"0":"post-14861","1":"post","2":"type-post","3":"status-publish","4":"format-standard","5":"has-post-thumbnail","7":"category-pasaulis","8":"tag-antrastes","9":"tag-breaking-news","10":"tag-breakingnews","11":"tag-featured-news","12":"tag-featurednews","13":"tag-headlines","14":"tag-jav","15":"tag-latest-news","16":"tag-latestnews","17":"tag-lietuva","18":"tag-lietuviu","19":"tag-lithuania","20":"tag-lithuanian","21":"tag-lt","22":"tag-naujienos","23":"tag-news","24":"tag-pasaulis","25":"tag-populiariausios-naujienos","26":"tag-populiariausiosnaujienos","27":"tag-tenesis","28":"tag-top-stories","29":"tag-topstories","30":"tag-world","31":"tag-world-news","32":"tag-worldnews"},"share_on_mastodon":{"url":"","error":""},"_links":{"self":[{"href":"https:\/\/www.europesays.com\/lt\/wp-json\/wp\/v2\/posts\/14861","targetHints":{"allow":["GET"]}}],"collection":[{"href":"https:\/\/www.europesays.com\/lt\/wp-json\/wp\/v2\/posts"}],"about":[{"href":"https:\/\/www.europesays.com\/lt\/wp-json\/wp\/v2\/types\/post"}],"author":[{"embeddable":true,"href":"https:\/\/www.europesays.com\/lt\/wp-json\/wp\/v2\/users\/2"}],"replies":[{"embeddable":true,"href":"https:\/\/www.europesays.com\/lt\/wp-json\/wp\/v2\/comments?post=14861"}],"version-history":[{"count":0,"href":"https:\/\/www.europesays.com\/lt\/wp-json\/wp\/v2\/posts\/14861\/revisions"}],"wp:featuredmedia":[{"embeddable":true,"href":"https:\/\/www.europesays.com\/lt\/wp-json\/wp\/v2\/media\/14862"}],"wp:attachment":[{"href":"https:\/\/www.europesays.com\/lt\/wp-json\/wp\/v2\/media?parent=14861"}],"wp:term":[{"taxonomy":"category","embeddable":true,"href":"https:\/\/www.europesays.com\/lt\/wp-json\/wp\/v2\/categories?post=14861"},{"taxonomy":"post_tag","embeddable":true,"href":"https:\/\/www.europesays.com\/lt\/wp-json\/wp\/v2\/tags?post=14861"}],"curies":[{"name":"wp","href":"https:\/\/api.w.org\/{rel}","templated":true}]}}