{"id":148949,"date":"2026-04-09T03:21:48","date_gmt":"2026-04-09T03:21:48","guid":{"rendered":"https:\/\/www.europesays.com\/lt\/148949\/"},"modified":"2026-04-09T03:21:48","modified_gmt":"2026-04-09T03:21:48","slug":"sostines-televizijos-bokste-suplevesuos-romu-veliava-respublika-lt","status":"publish","type":"post","link":"https:\/\/www.europesays.com\/lt\/148949\/","title":{"rendered":"Sostin\u0117s televizijos bok\u0161te suplev\u0117suos rom\u0173 v\u0117liava &#8211; Respublika.lt"},"content":{"rendered":"<p>    \u00d7<\/p>\n<p>    (1\/1) Tarptautin\u0117s Rom\u0173 dienos min\u0117jimas Vilniuje. Eltos nuotr. <a href=\"https:\/\/www.respublika.lt\/uploads\/img\/catalog\/1\/photo_1_93696779.jpg\" class=\"swiper-photo-download\" download=\"\" rel=\"nofollow noopener\" target=\"_blank\">Atsisi\u0173sti<\/a><\/p>\n<p><img loading=\"lazy\" decoding=\"async\" src=\"https:\/\/www.respublika.lt\/lt\/naujienos\/lietuva\/kitos-lietuvos-zinios\/sostines-televizijos-bokste-suplevesuos-romu-veliava\/images\/ico_camera_white.gif\" class=\"camera\" width=\"22\" height=\"15\" alt=\"nuotr.\" style=\"position:relative; top:-2px; right:2px;\"\/> 1 nuotr.<\/p>\n<p>Tarptautin\u0117s Rom\u0173 dienos min\u0117jimas Vilniuje. Eltos nuotr.<\/p>\n<p style=\"text-align: left;\">Minint Tarptautin\u0119 rom\u0173 dien\u0105, tre\u010diadien\u012f Vilniaus televizijos bok\u0161te suplev\u0117suos rom\u0173 v\u0117liava, vyks \u0161iai dienai pamin\u0117ti skirti renginiai.<\/p>\n<p style=\"text-align: justify;\" class=\"desktop_banner\">\u00a0<\/p>\n<p style=\"text-align: left;\">\u00a0<\/p>\n<p style=\"text-align: left;\">\u0160iemet sukanka 55 metai nuo tada, kai rom\u0173 v\u0117liava buvo \u012fteisinta pirmojo Pasaulio rom\u0173 kongrese.<\/p>\n<p style=\"text-align: left;\">\u201eMums \u0161i data labai svarbi kiekvienais metais, ta\u010diau \u0161iemet data ypatinga \u2013 minime rom\u0173 v\u0117liavos \u012fteisinimo\u00a0 55-met\u012f. Manau, tai puiki proga pla\u010diau kalb\u0117ti apie romams aktualias temas ir dar kart\u0105 priminti, kad romai yra tokie patys pilie\u010diai, kaip ir visi kiti\u201c, \u00a0\u2013 prane\u0161ime cituojamas Lietuvos rom\u0173 bendruomen\u0117s pirmininkas I\u0161tvanas Kvik.\u00a0<\/p>\n<p style=\"text-align: left;\">\u201ePastaraisiais metais daug pasiek\u0117me kaip visuomen\u0117, tod\u0117l tai proga pasid\u017eiaugti augan\u010diu progresu, kad tampame vieni kitiems atviresni, empati\u0161kesni. Rom\u0173 v\u0117liavos suplev\u0117savimas ant Televizijos bok\u0161to, manau, tik dar kart\u0105 \u012frodo \u0161\u012f progres\u0105\u201c, \u2013 pabr\u0117\u017e\u0117 jis.<\/p>\n<p style=\"text-align: left;\">\u0160iai sukak\u010diai pamin\u0117ti tre\u010diadien\u012f Seimo lankytoj\u0173 centre taip pat rengiamas min\u0117jimas. Jo metu\u00a0 bus galima ap\u017ei\u016br\u0117ti nauj\u0105 romi\u0173 rankdarbi\u0173 ir papuo\u0161al\u0173 nuotrauk\u0173 parod\u0105 \u201eA\u0161 rom\u0117 \u2013 a\u0161 europiet\u0117: tapatyb\u0117s, laisv\u0117s ir orumo manifestas\u201c.\u00a0<\/p>\n<p style=\"text-align: left;\">Taip pat tradici\u0161kai bus ne\u0161ama v\u0117liava, giedamas himnas bei \u012f Ner\u012f leid\u017eiamos g\u0117l\u0117s genocido aukoms pagerbti.<\/p>\n<p>Patiko straipsnis? Leisk mums apie tai su\u017einoti. Nepamir\u0161k pasidalinti Facebook! <\/p>\n<p><img loading=\"lazy\" decoding=\"async\" class=\"p2_social_circle_icon\" src=\"https:\/\/www.respublika.lt\/images\/thumbs_up.svg\" width=\"21\" height=\"22\" alt=\"L\"\/><\/p>\n<p><img loading=\"lazy\" decoding=\"async\" class=\"p2_social_circle_icon\" src=\"https:\/\/www.respublika.lt\/images\/facebook.svg\" alt=\"F\" width=\"22\" height=\"22\" style=\"filter: invert(37%) sepia(55%) saturate(2351%) hue-rotate(187deg) brightness(102%) contrast(106%);\"\/><\/p>\n<p>&#13;<br \/>\n\tNesutinkate &#8211; diskutuokime!<br \/>&#13;<br \/>\n\tNepykite komentatoriai, bet komentarai su keiksma\u017eod\u017eiais bus \u0161alinami automati\u0161kai, be atsipra\u0161ymo.\n    <\/p>\n<p>&#13;<br \/>\n              Respublika.lt pasilieka teis\u0119 pa\u0161alinti nekult\u016bringus, keiksma\u017eod\u017eiais pagardintus, su tema nesusijusius, kito asmens vardu pasira\u0161ytus, \u012fstatymus pa\u017eeid\u017eian\u010dius, \u0161lam\u0161t\u0105 reklamuojan\u010dius ar nusikalsti kurstan\u010dius komentarus. Jei kurstysite smurt\u0105, rasin\u0119, tautin\u0119, religin\u0119 ar kitokio pob\u016bd\u017eio neapykant\u0105, \u017evirbliu i\u0161skrid\u0119 j\u016bs\u0173 \u017eod\u017eiai gr\u012f\u017edami gali virsti ton\u0105 sverian\u010diu jau\u010diu &#8211; specialiosioms Lietuvos tarnyboms pareikalavus suteiksime j\u016bs\u0173 duomenis.\n            <\/p>\n","protected":false},"excerpt":{"rendered":"\u00d7 (1\/1) Tarptautin\u0117s Rom\u0173 dienos min\u0117jimas Vilniuje. Eltos nuotr. Atsisi\u0173sti 1 nuotr. Tarptautin\u0117s Rom\u0173 dienos min\u0117jimas Vilniuje. Eltos&hellip;\n","protected":false},"author":2,"featured_media":148950,"comment_status":"","ping_status":"","sticky":false,"template":"","format":"standard","meta":{"footnotes":"","_share_on_mastodon":"0"},"categories":[13],"tags":[25,30,31,10242,34,35,24,32,33,37,39,36,38,40,23,22,28,29,25217,26,27],"class_list":["post-148949","post","type-post","status-publish","format-standard","has-post-thumbnail","category-lietuva","tag-antrastes","tag-breaking-news","tag-breakingnews","tag-diena","tag-featured-news","tag-featurednews","tag-headlines","tag-latest-news","tag-latestnews","tag-lietuva","tag-lietuviu","tag-lithuania","tag-lithuanian","tag-lt","tag-naujienos","tag-news","tag-populiariausios-naujienos","tag-populiariausiosnaujienos","tag-romu","tag-top-stories","tag-topstories"],"share_on_mastodon":{"url":"https:\/\/pubeurope.com\/@lt\/116372605879608766","error":""},"_links":{"self":[{"href":"https:\/\/www.europesays.com\/lt\/wp-json\/wp\/v2\/posts\/148949","targetHints":{"allow":["GET"]}}],"collection":[{"href":"https:\/\/www.europesays.com\/lt\/wp-json\/wp\/v2\/posts"}],"about":[{"href":"https:\/\/www.europesays.com\/lt\/wp-json\/wp\/v2\/types\/post"}],"author":[{"embeddable":true,"href":"https:\/\/www.europesays.com\/lt\/wp-json\/wp\/v2\/users\/2"}],"replies":[{"embeddable":true,"href":"https:\/\/www.europesays.com\/lt\/wp-json\/wp\/v2\/comments?post=148949"}],"version-history":[{"count":0,"href":"https:\/\/www.europesays.com\/lt\/wp-json\/wp\/v2\/posts\/148949\/revisions"}],"wp:featuredmedia":[{"embeddable":true,"href":"https:\/\/www.europesays.com\/lt\/wp-json\/wp\/v2\/media\/148950"}],"wp:attachment":[{"href":"https:\/\/www.europesays.com\/lt\/wp-json\/wp\/v2\/media?parent=148949"}],"wp:term":[{"taxonomy":"category","embeddable":true,"href":"https:\/\/www.europesays.com\/lt\/wp-json\/wp\/v2\/categories?post=148949"},{"taxonomy":"post_tag","embeddable":true,"href":"https:\/\/www.europesays.com\/lt\/wp-json\/wp\/v2\/tags?post=148949"}],"curies":[{"name":"wp","href":"https:\/\/api.w.org\/{rel}","templated":true}]}}