{"id":149323,"date":"2026-04-09T11:59:58","date_gmt":"2026-04-09T11:59:58","guid":{"rendered":"https:\/\/www.europesays.com\/lt\/149323\/"},"modified":"2026-04-09T11:59:58","modified_gmt":"2026-04-09T11:59:58","slug":"urm-vadovas-apie-baltarusija-situacija-yra-stabilesne-bendraujama-respublika-lt","status":"publish","type":"post","link":"https:\/\/www.europesays.com\/lt\/149323\/","title":{"rendered":"URM vadovas apie Baltarusij\u0105: situacija yra stabilesn\u0117, bendraujama &#8211; Respublika.lt"},"content":{"rendered":"<p><img loading=\"lazy\" decoding=\"async\" src=\"https:\/\/www.respublika.lt\/lt\/naujienos\/lietuva\/lietuvos_politika\/urm-vadovas-apie-baltarusija-situacija-yra-stabilesne-bendraujama\/images\/ico_camera_white.gif\" class=\"camera\" width=\"22\" height=\"15\" alt=\"nuotr.\" style=\"position:relative; top:-2px; right:2px;\"\/> 1 nuotr.<\/p>\n<p>K\u0119stutis Budrys. Eltos nuotr.<\/p>\n<p style=\"text-align: justify;\" class=\"desktop_banner\">\u00a0<\/p>\n<p style=\"text-align: left;\">\u201e\u017demas ta\u0161kas tada buvo. Dabar situacija yra tikrai daug stabilesn\u0117 ir pa\u010di\u0173 leid\u017eiam\u0173 balion\u0173 kiekis yra suma\u017e\u0117j\u0119s, m\u016bs\u0173 aviacijos trikdymai yra visai ne tokio lygmens, kokie anks\u010diau buvo, reagavimas yra kitoks\u201c, \u2013 ketvirtadien\u012f \u201e\u017dini\u0173 radijui\u201c teig\u0117 K. Budrys.<\/p>\n<p style=\"text-align: left;\">Ministras nurod\u0117, jog su Baltarusija yra bendraujama, ta\u010diau pabr\u0117\u017e\u0117, jog tai yra reikalinga siekiant perduoti reikiam\u0105 informacij\u0105, pvz., protesto not\u0105, kai yra pa\u017eeid\u017eiama Lietuvos oro erdv\u0117.<\/p>\n<p style=\"text-align: left;\">\u201eD\u0117l m\u016bs\u0173 bendravimo su Baltarusija \u2013 bendraujame su Baltarusija. Negal\u0117\u010diau \u0161iandien patvirtinti, kad kasdien, bet saky\u010diau beveik kasdien, nes turime ne vien\u0105 kanal\u0105, per kur\u012f perduodame informacij\u0105. Gal\u0173 gale, ir U\u017esienio reikal\u0173 ministerija (URM) kiekvienu atveju, kai yra pa\u017eeid\u017eiama m\u016bs\u0173 erdv\u0117, kai gauname apie tai prane\u0161imus, \u012fteikia protesto not\u0105. Mes turime ir atskirose institucijose veikian\u010di\u0173 kanal\u0173\u201c, \u2013 kalb\u0117jo K. Budrys.<\/p>\n<p style=\"text-align: left;\">\u201eNereik\u0117t\u0173 i\u0161 to padaryti labai didel\u0117s istorijos ar ka\u017ekokio didelio \u012fvykio, kad ka\u017ekas paskambino ir sutiko baltarus\u012f ir ka\u017ek\u0105 jam pasak\u0117. \u010cia mes irgi tokios politin\u0117s dramos \u017eanr\u0105 \u012fsivedame. Priklausomai nuo situacijos, kokie yra klausimai ir k\u0105 reikia daryti, tokiu lygmeniu ir bendrausime. O tai, kad valstyb\u0117s turi bendravimo kanalus, yra daugiau nei normalu\u201c, \u2013 pabr\u0117\u017e\u0117 jis.\u00a0<\/p>\n<p style=\"text-align: left;\">Tuo metu kalb\u0117damas apie nacionalines Lietuvos sankcijas Baltarusijai ir Rusijai, ministras pabr\u0117\u017e\u0117, kad kol kas nemato prasm\u0117s grie\u017etinti sankcijas \u010dia gyvenantiems \u0161i\u0173 \u0161ali\u0173 pilie\u010diams.<\/p>\n<p style=\"text-align: left;\">\u201eManau, kad ties tuo tur\u0117t\u0173 ir apsistoti tas m\u016bs\u0173 svarstymas, nes vis tiek jau ne vieneri metai yra prab\u0117g\u0119. \u017dmon\u0117s, u\u017esienio pilie\u010diai, Rusijos ir Baltarusijos pilie\u010diai, kurie \u010dia gyvena Lietuvoje, jau irgi mato, koks m\u016bs\u0173 m\u0105stymas ir kokie ribojimai taikomi. Nemanau, kad dabar reik\u0117t\u0173 juos drasti\u0161kai i\u0161pl\u0117sti\u201c, \u2013 akcentavo ministras.<\/p>\n<p style=\"text-align: left;\">K. Budrys taip pat atkreip\u0117 d\u0117mes\u012f, kad konservatoriai savo valdymo laikotarpiu 2023 m. nepritar\u0117 prezidento veto, kuriuo si\u016blyta sulyginti nacionalines sankcijas Rusijos ir Baltarusijos pilie\u010diams.<\/p>\n<p style=\"text-align: left;\">\u201eTur\u0117tume kitok\u012f nusistov\u0117jus\u012f konsensus\u0105. Dabar, kai yra tas persivertimas 180 laipsni\u0173, matau krokodilo a\u0161ar\u0173 balut\u0119\u201c, \u2013 sak\u0117 jis.<\/p>\n<p style=\"text-align: left;\">\u201eDabar turime (nacionalini\u0173 sankcij\u0173 \u2013 ELTA) paket\u0105 tok\u012f apsitart\u0105, manau, su juo ir jud\u0117kime. O jeigu bus kreiptasi \u012f Vyriausyb\u0119, \u017einoma, svarstysime, kokios papildomos priemon\u0117s tur\u0117t\u0173 b\u016bti\u201c, \u2013 prid\u016br\u0117 ministras.<\/p>\n<p style=\"text-align: left;\">ELTA primena, kad Jungtini\u0173 Amerikos Valstij\u0173 (JAV) specialusis pasiuntinys Baltarusijai parei\u0161k\u0117, jog Lietuva tur\u0117t\u0173 surengti dvi\u0161al\u012f susitikim\u0105 su Minsku u\u017esienio reikal\u0173 viceministr\u0173 lygmeniu.<\/p>\n<p style=\"text-align: left;\">Be to, pasiuntinys Johnas Coale&#8217;as kalb\u0117jo, jog kalio tr\u0105\u0161os i\u0161 Baltarusijos ir v\u0117l tur\u0117t\u0173 keliauti per Lietuv\u0105, es\u0105 tokiu b\u016bdu \u201ejoms atsivert\u0173 Europa \u2013 iki pat Jungtini\u0173 Valstij\u0173\u201c.\u00a0<\/p>\n<p style=\"text-align: left;\">Savo ruo\u017etu prezidentas Gitanas Naus\u0117da sak\u0117, kad dialogas su Baltarusija b\u016bt\u0173 galimas tik tuomet, jei Baltarusija parodyt\u0173 real\u0173 nor\u0105 puosel\u0117ti kaimyni\u0161kus santykius bei nekelt\u0173 gr\u0117smi\u0173 Lietuvai.<\/p>\n<p style=\"text-align: left;\">Kol kas toki\u0173 \u017eenkl\u0173, anot \u0161alies vadovo, nematyti.<\/p>\n<p style=\"text-align: left;\">Tuo metu premjer\u0117 Inga Ruginien\u0117 naujien\u0173 portalui Lrt.lt nurod\u0117, kad Lietuva svarstyt\u0173 JAV pasiuntinio pasi\u016blym\u0105 susitikti su Baltarusijos atstovais viceministr\u0173 lygmeniu, jei Minskas \u012fvykdyt\u0173 Vilniaus keliamas s\u0105lygas.<\/p>\n<p style=\"text-align: left;\">Pirmiausia \u2013 per sien\u0105 neturi skristi kontrabandiniai balionai, antroji s\u0105lyga \u2013 visi Baltarusijoje sulaikyti vilkikai turi b\u016bti gr\u0105\u017einti be joki\u0173 papildom\u0173 mokes\u010di\u0173 ar finansini\u0173 baud\u0173, tre\u010dioji \u2013 Baltarusija tur\u0117t\u0173 neleisti per sien\u0105 neteis\u0117t\u0173 migrant\u0173.<\/p>\n","protected":false},"excerpt":{"rendered":"1 nuotr. K\u0119stutis Budrys. Eltos nuotr. \u00a0 \u201e\u017demas ta\u0161kas tada buvo. Dabar situacija yra tikrai daug stabilesn\u0117 ir&hellip;\n","protected":false},"author":2,"featured_media":149324,"comment_status":"","ping_status":"","sticky":false,"template":"","format":"standard","meta":{"footnotes":"","_share_on_mastodon":"0"},"categories":[13],"tags":[25,1496,10525,30,31,1501,34,35,24,32,33,37,39,36,38,40,23,22,28,29,119,2387,858,26,27,1502],"class_list":["post-149323","post","type-post","status-publish","format-standard","has-post-thumbnail","category-lietuva","tag-antrastes","tag-baltarusija","tag-bendravimas","tag-breaking-news","tag-breakingnews","tag-budrys","tag-featured-news","tag-featurednews","tag-headlines","tag-latest-news","tag-latestnews","tag-lietuva","tag-lietuviu","tag-lithuania","tag-lithuanian","tag-lt","tag-naujienos","tag-news","tag-populiariausios-naujienos","tag-populiariausiosnaujienos","tag-rusija","tag-sankcijos","tag-situacija","tag-top-stories","tag-topstories","tag-urm"],"share_on_mastodon":{"url":"https:\/\/pubeurope.com\/@lt\/116374642689607548","error":""},"_links":{"self":[{"href":"https:\/\/www.europesays.com\/lt\/wp-json\/wp\/v2\/posts\/149323","targetHints":{"allow":["GET"]}}],"collection":[{"href":"https:\/\/www.europesays.com\/lt\/wp-json\/wp\/v2\/posts"}],"about":[{"href":"https:\/\/www.europesays.com\/lt\/wp-json\/wp\/v2\/types\/post"}],"author":[{"embeddable":true,"href":"https:\/\/www.europesays.com\/lt\/wp-json\/wp\/v2\/users\/2"}],"replies":[{"embeddable":true,"href":"https:\/\/www.europesays.com\/lt\/wp-json\/wp\/v2\/comments?post=149323"}],"version-history":[{"count":0,"href":"https:\/\/www.europesays.com\/lt\/wp-json\/wp\/v2\/posts\/149323\/revisions"}],"wp:featuredmedia":[{"embeddable":true,"href":"https:\/\/www.europesays.com\/lt\/wp-json\/wp\/v2\/media\/149324"}],"wp:attachment":[{"href":"https:\/\/www.europesays.com\/lt\/wp-json\/wp\/v2\/media?parent=149323"}],"wp:term":[{"taxonomy":"category","embeddable":true,"href":"https:\/\/www.europesays.com\/lt\/wp-json\/wp\/v2\/categories?post=149323"},{"taxonomy":"post_tag","embeddable":true,"href":"https:\/\/www.europesays.com\/lt\/wp-json\/wp\/v2\/tags?post=149323"}],"curies":[{"name":"wp","href":"https:\/\/api.w.org\/{rel}","templated":true}]}}