{"id":149594,"date":"2026-04-09T18:53:49","date_gmt":"2026-04-09T18:53:49","guid":{"rendered":"https:\/\/www.europesays.com\/lt\/149594\/"},"modified":"2026-04-09T18:53:49","modified_gmt":"2026-04-09T18:53:49","slug":"kapciamiescio-poligono-steigimo-projektas-juda-i-prieki","status":"publish","type":"post","link":"https:\/\/www.europesays.com\/lt\/149594\/","title":{"rendered":"Kap\u010diamies\u010dio poligono steigimo projektas juda \u012f priek\u012f"},"content":{"rendered":"<p>Tre\u010diadien\u012f bent keli t\u016bkstan\u010diai protestuotoj\u0173 reikalavo politik\u0173 atsisakyti si\u016blym\u0173 d\u0117l Lietuvos nacionalinio radijo ir televizijos (LRT) \u012fstatymo pakeitim\u0173, kurie, pasak j\u0173, kelia gr\u0117sm\u0119 \u017einiasklaidos laisvei. Tuo metu Seimo Nacionalinio saugumo ir gynybos komitetas (NSGK) pritar\u0117 Kap\u010diamies\u010dio poligono steigimo projektui. Be to, Lietuvos energetikos agent\u016bra (LEA) teigia, kad duomenis apie kiekvienos dienos kuro pardavimo kainas pateik\u0117 537 i\u0161 ma\u017edaug 700 \u0161alies degalini\u0173. Savo ruo\u017etu JAV ir Iranas sutar\u0117 d\u0117l dviej\u0173 savai\u010di\u0173 trukm\u0117s paliaub\u0173.<\/p>\n<p>LIETUVOS POLITIKOS AKTUALIJOS<\/p>\n<p>Prie Seimo vyko protestas prie\u0161 nauj\u0105sias LRT \u012fstatymo pataisas. Bent keli t\u016bkstan\u010diai \u012f protest\u0105 \u201e\u0160alin rankas nuo laisvo \u017eod\u017eio! Nepasiduosime\u201c susirinkusi\u0173 gyventoj\u0173 reikalavo politik\u0173 atsisakyti si\u016blym\u0173, pasak j\u0173, kelian\u010di\u0173 gr\u0117sm\u0119 \u017einiasklaidos laisvei. Susirinkusieji pasisak\u0117 prie\u0161 pirm\u0105j\u012f balsavim\u0105 Seime \u012fveikusias \u012fstatymo pataisas ir i\u0161 j\u0173 neva kylant\u012f siek\u012f politizuoti Lietuvos visuomenin\u012f transliuotoj\u0105. <\/p>\n<p>Seimo NSGK pritar\u0117 Kap\u010diamies\u010dio poligono steigimo projektui. Komiteto pirmininkas Rimantas Sinkevi\u010dius si\u016bl\u0117 bendru sutarimu pritarti patobulintam \u012fstatymo projektui, vis tik 2 Seimo NSGK nariai balsuodami susilaik\u0117, u\u017e pasisak\u0117 11. Kra\u0161to apsaugos ministras Robertas Kaunas pos\u0117dyje kalb\u0117jo, kad i\u0161 septyni\u0173 analizuot\u0173 viet\u0173 planuojamam poligonui Kap\u010diamies\u010dio teritorija pasirinkta kaip daranti ma\u017eiausi\u0105 poveik\u012f privatiems sklypams. Komiteto nariai taip pat bendru sutarimu pritar\u0117 Taurag\u0117s poligono pl\u0117tr\u0105 numatan\u010diam \u012fstatymo projektui. <\/p>\n<p>Vidaus reikal\u0173 ministras Vladislavas Kondratovi\u010dius teigia nesiruo\u0161iantis priimti Vilniaus mero Valdo Benkunsko si\u016blym\u0173, kuriuose sostin\u0117s vadovas ragina \u012ftvirtinti privalom\u0105 lietuvi\u0173 kalbos mok\u0117jimo lyg\u012f laikinai Lietuvoje gyvenantiems u\u017esienie\u010diams. Pra\u0117jusi\u0105 savait\u0119 V. Benkunskas kreip\u0117si ra\u0161tu \u012f ministr\u0105 si\u016blydamas Seimui teikti \u012fstatymo pataisas, kad norint prat\u0119sti laikin\u0105 leidim\u0105 gyventi Lietuvoje u\u017esienietis prival\u0117t\u0173 tur\u0117ti sertifikat\u0105 ar kit\u0105 oficial\u0173 dokument\u0105, patvirtinant\u012f, kad moka lietuvi\u0173 kalb\u0105 ne pras\u010diau nei A2 lygiu. Reaguodamas \u012f tai, V. Kondratovi\u010dius socialiniame tinkle \u201eFacebook\u201c paskelb\u0117 \u012fra\u0161\u0105, kuriame teig\u0117, kad toki\u0173 sprendim\u0173 nesiruo\u0161ia priimti, nes tai \u2013 ne Vidaus reikal\u0173 ministerijos (VRM) kompetencij\u0173 sritis. Savo ruo\u017etu Vilniaus meras atsak\u0117, kad ministras kratosi atsakomyb\u0117s ir ragino j\u012f neb\u0117gti nuo jos.<\/p>\n<p>       <img decoding=\"async\" src=\"https:\/\/www.europesays.com\/lt\/wp-content\/uploads\/2026\/04\/bfcc7d56-8852-40f3-b4f2-d0f83c6ec5e9.jpg\" loading=\"lazy\" alt=\"Kondratovi\u010dius ir Benkunskas\"\/>      <\/p>\n<p>Seimo konservatoriai pristat\u0117 savo Nacionalinio saugumo strategijos variant\u0105. Jame akcentuojama, kad Lietuva turi b\u016bti pasiruo\u0161usi kur\u012f laik\u0105 gintis viena, o tam reikia visuotin\u0117s gynybos, karini\u0173 technologij\u0173 vystymo, fortifikacij\u0173 ir daugiasluoksn\u0117s oro gynybos. Pasak T\u0117vyn\u0117s s\u0105jungos\u2013Lietuvos krik\u0161\u010dioni\u0173 demokrat\u0173 (TS\u2013LKD) pirmininko Lauryno Kas\u010di\u016bno, Kra\u0161to apsaugos ministerija (KAM) parengta Nacionalinio saugumo strategija yra pernelyg biurokrati\u0161ka ir neatskleid\u017eia esmin\u0117s lietuvi\u0161kos gynybos minties. Konservatori\u0173 parengtame dokumente numatomi penki strateginiai tikslai. Pirmas tikslas yra patikima ir veiksminga Lietuvos gynyba, kurios pagrindas \u2013 visuotin\u0117 gynyba. Antras tikslas \u2013 patikima kolektyvin\u0117 gynyba ir s\u0105junginink\u0173 parama. Tre\u010dias tikslas yra valstyb\u0117s ir visuomen\u0117s atsparumo stiprinimas, t. y., kaip atlaikomas spaudimas informacin\u0117je, kibernetin\u0117je, infrastrukt\u016bros, sveikatos, ekonomikos ir energetikos srityse. Ketvirtas tikslas \u2013 valstyb\u0117s valdymo t\u0119stinumas kriz\u0117s ar karo atveju. Penktas \u2013 ilgalaiki\u0173 nacionalinio saugumo pagrind\u0173 sutvirtinimas.<\/p>\n<p>U\u017esienio reikal\u0173 ministras tikisi, kad Taivanui pasi\u016blytas veiksm\u0173 planas taps post\u016bmiu investicijoms. Anot K\u0119stu\u010dio Budrio, Taivanie\u010di\u0173 atstovybei perduotas planas, skirtas skatinti investicijas Lietuvoje, dabar yra derinamas. Pasak ministro, si\u016blymai apima \u012fvairias sritis, kuriose gal\u0117t\u0173 b\u016bti pasiektas prover\u017eis \u2013 pavyzd\u017eiui, finans\u0173, pramon\u0117s sektoriuose. K. Budrio teigimu, Taivano pusei perduotas planas gal\u0117t\u0173 atne\u0161ti \u201edaug daugiau naudos negu dabar sugebame tur\u0117ti\u201c. Taivanie\u010di\u0173 atstovyb\u0117s Lietuvoje atstovai pra\u0117jusi\u0105 savait\u0119 Eltai patvirtino gav\u0119 ministerijos paruo\u0161t\u0105 veiksm\u0173 plan\u0105, skirt\u0105 skatinti aktyvesn\u012f atstovyb\u0117s \u012fsitraukim\u0105 \u012f Lietuvos ekonomik\u0105. <\/p>\n<p>    <img decoding=\"async\" src=\"https:\/\/www.europesays.com\/lt\/wp-content\/uploads\/2026\/04\/1775760827_226_1ec7eaaf-a1eb-4e17-a00e-b4844860856a.jpg\" loading=\"lazy\" alt=\"Taivanie\u010di\u0173 atstovyb\u0117 Lietuvoje\"\/>      <\/p>\n<p>Seimo \u0160vietimo ir mokslo komitetas link\u0119s palaikyti Vyriausyb\u0117s parengt\u0105 projekt\u0105, kuris \u012fpareigot\u0173 \u0161alies ugdymo \u012fstaigas iki rugs\u0117jo parengti mobili\u0173j\u0173 telefon\u0173 naudojimo tvarkas. Pasak toki\u0105 i\u0161vad\u0105 parengusio socialdemokrato Dariaus Jakavi\u010diaus, sprendimas sudaryti s\u0105lygas d\u0117l \u012frengini\u0173 naudojimo ugdymo proceso metu apsispr\u0119sti pa\u010dioms mokykloms b\u016bt\u0173 efektyvesnis nei \u012fstatymu \u012ftvirtinti ribojimai. Prie\u0161 kelias savaites \u0160vietimo, mokslo ir sporto ministerijos (\u0160MSM) vadov\u0117 Raminta Popovien\u0117 teig\u0117, jog \u0161iuo metu daugiau nei 80 proc. \u0161alies mokykl\u0173 jau yra pasirengusios savo mobili\u0173j\u0173 telefon\u0173 naudojimo tvarkas.<\/p>\n<p>\u012e klausim\u0105, kam priklauso Krymas, i\u0161 pirmo karto neatsak\u0119s sveikatos apsaugos viceministras Arnomedas Galdikas buvo grie\u017etai \u012fsp\u0117tas, j\u012f \u017eadama si\u0173sti \u012f Ukrain\u0105, sako ministerijos vadov\u0117 Marija Jakubauskien\u0117. Pasak viceministr\u0117s, A. Galdikui taip pat pavesta mokytis komunikacijos, skirtas steb\u0117jimo laikotarpis. Kaip skelbta, pra\u0117jusi\u0105 savait\u0119 lrt.lt portale buvo publikuotas interviu su naujuoju sveikatos apsaugos viceministru. Jo metu A. Galdikas \u012f klausim\u0105, kam priklauso Krymas, atsak\u0117 tik perklausus kelis kartus.  Viceministras i\u0161 prad\u017ei\u0173 teig\u0117, jog n\u0117ra atsakingas u\u017e \u0161i\u0105 situacij\u0105 politikoje, akcentavo, jog tartasi kalb\u0117ti tik apie medicin\u0105. Jis pra\u0161\u0117 \u017eurnalist\u0117s neklausti \u0161io klausimo ir teig\u0117, jog ne\u017eino, kaip pasielgti \u0161ioje situacijoje. Tuomet A. Galdikas sak\u0117 ne\u017einantis, kam priklauso Krymas, ta\u010diau galiausiai nurod\u0117, jog Ukrainai. Ministerijos vadov\u0117 anks\u010diau yra sakiusi, jog tokius A. Galdiko pasisakymus laiko nepriimtinais.<\/p>\n<p>       <img decoding=\"async\" src=\"https:\/\/www.europesays.com\/lt\/wp-content\/uploads\/2026\/04\/1775760828_190_4972b4a1-a8e4-4df8-a810-138c30304e96.jpg\" loading=\"lazy\" alt=\"Arnomedas Galdikas\"\/>      <\/p>\n<p>Pra\u0117jusi\u0173 met\u0173 ruden\u012f kult\u016bros viceministru paskirtas Matas Drukteinis, vadovav\u0119s vie\u0161ajai \u012fstaigai \u201eMeno genas\u201c, tuo metu jokios realios veiklos \u0161ioje organizacijoje nevykd\u0117, teig\u0117 kult\u016bros ministr\u0117 Vaida Aleknavi\u010dien\u0117. Tiesa, pasak ministerijos vadov\u0117s, jei Vyriausioji tarnybin\u0117s etikos komisija (VTEK) \u0161ioje situacijoje nustatyt\u0173 pa\u017eeidim\u0105, b\u016bt\u0173 imtasi atitinkam\u0173 priemoni\u0173. Kaip skelbta, kult\u016bros viceministru dirbti M. Drukteinis prad\u0117jo pra\u0117jusi\u0173 met\u0173 lapkri\u010dio 20 d., o vie\u0161osios \u012fstaigos direktoriaus pareigas \u0117jo iki pra\u0117jusi\u0173 met\u0173 gruod\u017eio 31-osios. D\u0117l to parlamentaras Vytautas Kernagis antradien\u012f kreip\u0117si \u012f VTEK, pra\u0161ydamas \u012fvertinti M. Drukteinio veiksmus ir nustatyti, ar nebuvo supainioti vie\u0161i ir privat\u016bs interesai<\/p>\n<p>Prokuroras buvus\u012f Lietuvos kariuomen\u0117s vad\u0105 Valdemar\u0105 Rup\u0161\u012f pra\u0161o pripa\u017einti kaltu byloje d\u0117l neteis\u0117tai gaut\u0173 sveikatos paslaug\u0173 ir skirti jam 20 t\u016bkst. eur\u0173 baud\u0105. Valstyb\u0117s kaltintojas kartu V. Rup\u0161iui si\u016blo 5 metams u\u017edrausti dirbti valstyb\u0117s tarnyboje. Byloje taip pat teisiamam buvusiam Karo medicinos tarnybos odontologui \u0160ar\u016bnui Ratkui si\u016bloma skirti 15 t\u016bkst. eur\u0173 baud\u0105 ir u\u017edrausti dirbti valstyb\u0117s tarnyboje. Prokuroras Stanislavas Barsulis teisme akcentavo, kad \u0161i\u0173 auk\u0161\u010diausio rango pareig\u016bn\u0173 padarytos nusikalstamos veikos vertinamos kaip didel\u0117 \u017eala valstybei. Kaltinam\u0173j\u0173 advokatai pra\u0161\u0117 teismo j\u0173 ginamuosius i\u0161teisinti. Baud\u017eiamojoje byloje buvusiam kariuomen\u0117s vadui V. Rup\u0161iui pareik\u0161ti kaltinimai po tai, kai paai\u0161k\u0117jo, jog 2022 m. jam buvo sud\u0117ti dant\u0173 implantai, kurie buvo apmok\u0117ti kariuomen\u0117s l\u0117\u0161omis. <\/p>\n<p>       <img decoding=\"async\" src=\"https:\/\/www.europesays.com\/lt\/wp-content\/uploads\/2026\/04\/485420c0-1e73-4eb9-8b95-6dd9ec865aa0.jpg\" loading=\"lazy\" alt=\"Valdemaras Rup\u0161ys\"\/>      <\/p>\n<p>LIETUVOS VERSLO AKTUALIJOS<\/p>\n<p>Nuo tre\u010diadienio degalin\u0117ms \u012fsigaliojus \u012fpareigojimui teikti informacij\u0105 apie kiekvienos dienos kuro pardavimo kainas, Lietuvos energetikos agent\u016bra (LEA) teigia, kad \u0161iuos duomenis pateik\u0117 537 i\u0161 ma\u017edaug 700 \u0161alies degalini\u0173. Pagal tre\u010diadien\u012f \u012fsigaliojus\u012f energetikos ministro \u012fsipareigojim\u0105, 14 i\u0161 vis\u0173 20 degalines valdan\u010di\u0173 tinkl\u0173 \u2013 i\u0161 viso 537 degalin\u0117s, paskelbta daugiau kaip 1,5 t\u016bkst. produkt\u0173 kain\u0173. Tre\u010diadien\u012f Lietuvoje ma\u017eiausia dyzelino kaina buvo \u201eEniris\u201c degalin\u0117je, esan\u010dioje Kelm\u0117s raj. savivaldyb\u0117je \u2013 siek\u0117 2,090 eur\u0173 u\u017e litr\u0105, ma\u017eiausia benzino kaina \u2013 1,640 eur\u0173 u\u017e litr\u0105, tokia buvo taikoma \u201eMadalvos\u201c degalin\u0117je, esan\u010dioje Taurag\u0117s raj. savivaldyb\u0117je. Did\u017eiausia dyzelino kaina buvo dviejose degalini\u0173 tinklo \u201eCircle K\u201c degalin\u0117se, esan\u010diose Vilniaus ir Kauno miestuose \u2013 siek\u0117 2,389 eur\u0173 u\u017e litr\u0105, did\u017eiausia benzino kaina buvo 1,918 eur\u0173 u\u017e litr\u0105, j\u0105 taik\u0117 Kaune esanti degalini\u0173 tinklo \u201eCircle K\u201c degalin\u0117. Tinkluose dyzelino kainos svyruoja nuo 2,090 iki 2,389 eur\u0173 u\u017e litr\u0105, benzino \u2013 nuo 1,64 iki 1,918 eur\u0173 u\u017e litr\u0105, vidutin\u0117 dyzelino kaina siekia 2,3 eur\u0173 u\u017e litr\u0105, benzino \u2013 1,832 eur\u0173 u\u017e litr\u0105.<\/p>\n<p>U\u017dSIENIO AKTUALIJOS<\/p>\n<p>JAV ir Iranas sutar\u0117 d\u0117l dviej\u0173 savai\u010di\u0173 trukm\u0117s paliaub\u0173. JAV prezidentas Donaldas Trumpas parei\u0161k\u0117 min\u0117tam laikotarpiui nutrauksi\u0105s bombardavimus Irane, jeigu Teheranas visi\u0161kai atvers naftos ir duj\u0173 eksportui gyvybi\u0161kai svarb\u0173 Hormuzo s\u0105siaur\u012f. Pasak D. Trumpo, i\u0161 Irano buvo gautas 10 punkt\u0173 pasi\u016blymas, kur\u012f JAV prezidentas vadino \u201etinkamu pagrindu deryboms\u201c, o abi \u0161alys es\u0105 susitar\u0117 \u201ed\u0117l beveik vis\u0173 gin\u010dytin\u0173 klausim\u0173\u201c, kurie per \u0161ias dvi savaites bus baigti derinti. Tiek jis, tiek Teheranas po deryb\u0173 gyr\u0117si pasiekta pergale. D\u0117l ko b\u016btent \u0161alys susitar\u0117, kol kas lieka neai\u0161ku. Deryboms tarpininkavusio Pakistano teigimu, penktadien\u012f Islamabade planuojamas tiesioginis JAV ir Irano delegacij\u0173 susitikimas. Po prane\u0161im\u0173 apie pasiektas paliaubas smuktel\u0117jo naftos ir duj\u0173 kainos.<\/p>\n<p>       <img decoding=\"async\" src=\"https:\/\/www.europesays.com\/lt\/wp-content\/uploads\/2026\/04\/679371b8-57d5-4b45-9daf-d05cbb24c9a4.jpg\" loading=\"lazy\" alt=\"JAV\"\/>      <\/p>\n<p>Izraelis prane\u0161\u0117 sureng\u0119s \u201edid\u017eiausi\u0105 koordinuot\u0105 sm\u016bg\u012f\u201c Libane nuo karo prad\u017eios. Izraelio kariuomen\u0117 teig\u0117 tre\u010diadien\u012f smogusi ma\u017edaug 100-ui grupuot\u0117s \u201eHezbollah\u201c objekt\u0173 visoje Libano teritorijoje, nepaisant Artimuosiuose Rytuose paskelbt\u0173 paliaub\u0173. Izraelio kariuomen\u0117s vadas pabr\u0117\u017e\u0117, kad bus i\u0161naudojama \u201ekiekviena operatyvin\u0117 galimyb\u0117\u201c atakuoti \u201eHezbollah\u201c, \u201enesileid\u017eiant \u012f kompromisus d\u0117l \u0160iaur\u0117s Izraelio gyventoj\u0173 saugumo\u201c. Konflikte tarpininkavusio Pakistano ministras pirmininkas sak\u0117, kad dviej\u0173 savai\u010di\u0173 paliaubos galioja \u201evisur, \u012fskaitant Liban\u0105\u201c, o Izraelio premjeras tvirtino, kad paliaubos Libano neapima.<\/p>\n<p>    <img decoding=\"async\" src=\"https:\/\/www.europesays.com\/lt\/wp-content\/uploads\/2026\/04\/6f11bf05-8c8d-4454-b228-1ecd1aba59f2.jpg\" loading=\"lazy\" alt=\"J. D. Vance\u2018as\"\/>      <\/p>\n<p>JAV viceprezidentas parei\u0161k\u0117, kad Europos lyderiai nededa pakankamai pastang\u0173 u\u017ebaigti kar\u0105 Ukrainoje. Vizito Budape\u0161te metu J. D. Vance&#8217;as i\u0161skyr\u0117 Vengrijos ministr\u0105 priminink\u0105, es\u0105 pad\u0117jus\u012f suprasti tiek Rusijos, tiek Ukrainos pus\u0117s reikalavimus. Jis tikino, kad pastangos rasti sprendim\u0105 karui Ukrainoje \u201epad\u0117jo pasiekti reik\u0161ming\u0105 pa\u017eang\u0105\u201c, ir pakartojo JAV prezidento teigin\u012f, jog tai \u2013 \u201esunkiausiai i\u0161sprend\u017eiamas karas\u201c. Savo vizitu J. D. Vance&#8217;as demonstruoja param\u0105 nuo 2010 m. Vengrijos ministro pirmininko pareigas einan\u010diam Viktorui Orbanui, kuriam rink\u0117j\u0173 apklausos sekmadien\u012f vyksian\u010diuose rinkimuose prognozuoja pralaim\u0117jim\u0105.<\/p>\n","protected":false},"excerpt":{"rendered":"Tre\u010diadien\u012f bent keli t\u016bkstan\u010diai protestuotoj\u0173 reikalavo politik\u0173 atsisakyti si\u016blym\u0173 d\u0117l Lietuvos nacionalinio radijo ir televizijos (LRT) \u012fstatymo pakeitim\u0173,&hellip;\n","protected":false},"author":2,"featured_media":149595,"comment_status":"","ping_status":"","sticky":false,"template":"","format":"standard","meta":{"footnotes":"","_share_on_mastodon":"0"},"categories":[13],"tags":[25,30,31,34,35,24,32,33,37,39,36,38,40,23,22,2505,28,29,26,27],"class_list":["post-149594","post","type-post","status-publish","format-standard","has-post-thumbnail","category-lietuva","tag-antrastes","tag-breaking-news","tag-breakingnews","tag-featured-news","tag-featurednews","tag-headlines","tag-latest-news","tag-latestnews","tag-lietuva","tag-lietuviu","tag-lithuania","tag-lithuanian","tag-lt","tag-naujienos","tag-news","tag-poligonas","tag-populiariausios-naujienos","tag-populiariausiosnaujienos","tag-top-stories","tag-topstories"],"share_on_mastodon":{"url":"https:\/\/pubeurope.com\/@lt\/116376270510810965","error":""},"_links":{"self":[{"href":"https:\/\/www.europesays.com\/lt\/wp-json\/wp\/v2\/posts\/149594","targetHints":{"allow":["GET"]}}],"collection":[{"href":"https:\/\/www.europesays.com\/lt\/wp-json\/wp\/v2\/posts"}],"about":[{"href":"https:\/\/www.europesays.com\/lt\/wp-json\/wp\/v2\/types\/post"}],"author":[{"embeddable":true,"href":"https:\/\/www.europesays.com\/lt\/wp-json\/wp\/v2\/users\/2"}],"replies":[{"embeddable":true,"href":"https:\/\/www.europesays.com\/lt\/wp-json\/wp\/v2\/comments?post=149594"}],"version-history":[{"count":0,"href":"https:\/\/www.europesays.com\/lt\/wp-json\/wp\/v2\/posts\/149594\/revisions"}],"wp:featuredmedia":[{"embeddable":true,"href":"https:\/\/www.europesays.com\/lt\/wp-json\/wp\/v2\/media\/149595"}],"wp:attachment":[{"href":"https:\/\/www.europesays.com\/lt\/wp-json\/wp\/v2\/media?parent=149594"}],"wp:term":[{"taxonomy":"category","embeddable":true,"href":"https:\/\/www.europesays.com\/lt\/wp-json\/wp\/v2\/categories?post=149594"},{"taxonomy":"post_tag","embeddable":true,"href":"https:\/\/www.europesays.com\/lt\/wp-json\/wp\/v2\/tags?post=149594"}],"curies":[{"name":"wp","href":"https:\/\/api.w.org\/{rel}","templated":true}]}}