{"id":149784,"date":"2026-04-10T03:54:07","date_gmt":"2026-04-10T03:54:07","guid":{"rendered":"https:\/\/www.europesays.com\/lt\/149784\/"},"modified":"2026-04-10T03:54:07","modified_gmt":"2026-04-10T03:54:07","slug":"zelenskis-paaiskino-kodel-ukraina-negali-zengti-kito-zingsnio-taikos-derybose","status":"publish","type":"post","link":"https:\/\/www.europesays.com\/lt\/149784\/","title":{"rendered":"Zelenskis paai\u0161kino, kod\u0117l Ukraina negali \u017eengti kito \u017eingsnio taikos derybose"},"content":{"rendered":"\n<p>Donbasas \u2013 ne \u201e\u017eem\u0117s gabal\u0117lis\u201c<\/p>\n<p>Anks\u010diau <a rel=\"noopener nofollow\" target=\"_blank\" href=\"https:\/\/www.delfi.lt\/temos\/jav\" tag-id=\"39295467\">JAV<\/a> viceprezidentas <a rel=\"noopener nofollow\" target=\"_blank\" href=\"https:\/\/www.delfi.lt\/temos\/j-d-vance-as\" tag-id=\"96595719\">J. D. Vance&#8217;as<\/a> teig\u0117, kad derybos juda \u012f priek\u012f, ta\u010diau dar liko i\u0161spr\u0119sti tam tikro teritorij\u0173 \u201egabal\u0117lio\u201c klausim\u0105 \u2013 tur\u0117damas omenyje <a rel=\"noopener nofollow\" target=\"_blank\" href=\"https:\/\/www.delfi.lt\/temos\/donbasas\" tag-id=\"66604680\">Donbas\u0105<\/a>.<\/p>\n<p>\u201eKiekvienas m\u016bs\u0173 \u017eem\u0117s kvadratinis metras yra <a rel=\"noopener nofollow\" target=\"_blank\" href=\"https:\/\/www.delfi.lt\/temos\/ukraina\" tag-id=\"21801988\">Ukrainos<\/a> \u017eem\u0117. Ir, su visa pagarba m\u016bs\u0173 partneriams, tikrai ne j\u0173\u201c, \u2013 atsak\u0117 V. Zelenskis.<\/p>\n<p>Pasak Ukrainos prezidento, jei Ukraina palikt\u0173 Donbas\u0105, <a rel=\"noopener nofollow\" target=\"_blank\" href=\"https:\/\/www.delfi.lt\/temos\/rusija\" tag-id=\"40342315\">Rusija<\/a> \u0161ias teritorijas paverst\u0173 placdarmu naujiems puolimams.<\/p>\n<p>Tod\u0117l teritorij\u0173 klausimas n\u0117ra paprastas techninis dalykas ir negali b\u016bti sprend\u017eiamas kompromiso b\u016bdu.<\/p>\n<p>\u201ePrie\u0161 k\u0105 nors darant, reikia \u017einoti detales ir tur\u0117ti konkre\u010dias saugumo garantijas. Taip, mes kalbame apie detalias saugumo garantijas, ta\u010diau j\u0173 tiesiog neturime\u201c, \u2013 prid\u016br\u0117 V. Zelenskis.<\/p>\n<p>Kaip prane\u0161\u0117 RBC-Ukraine, V. Zelenskis paskelb\u0117 apie planuojam\u0105 tri\u0161al\u012f susitikim\u0105 d\u0117l karo pabaigos, ta\u010diau galutinis formatas dar nenustatytas.<\/p>\n<p>JAV derybinink\u0173 vizito datos tikimasi po Velyk\u0173 \u0161ven\u010di\u0173.<\/p>\n<p>Taip pat primenama, kad Volodymyras Zelenskis \u012fvardijo pagrindin\u0119 Ukrainos kuro problem\u0105 \u2013 dyzelino tr\u016bkum\u0105. Jis patikino, kad Ukraina i\u0161 anksto susitar\u0117 su Artim\u0173j\u0173 Ryt\u0173 partneriais d\u0117l tiekimo metams \u012f priek\u012f.<\/p>\n","protected":false},"excerpt":{"rendered":"Donbasas \u2013 ne \u201e\u017eem\u0117s gabal\u0117lis\u201c Anks\u010diau JAV viceprezidentas J. D. Vance&#8217;as teig\u0117, kad derybos juda \u012f priek\u012f, ta\u010diau&hellip;\n","protected":false},"author":2,"featured_media":149785,"comment_status":"","ping_status":"","sticky":false,"template":"","format":"standard","meta":{"footnotes":"","_share_on_mastodon":"0"},"categories":[15],"tags":[25,30,31,9110,34,35,24,706,223,32,33,37,39,36,38,40,23,22,44,28,29,119,26,27,360,971,74,75,76],"class_list":["post-149784","post","type-post","status-publish","format-standard","has-post-thumbnail","category-pasaulis","tag-antrastes","tag-breaking-news","tag-breakingnews","tag-donbasas","tag-featured-news","tag-featurednews","tag-headlines","tag-j-d-vanceas","tag-jav","tag-latest-news","tag-latestnews","tag-lietuva","tag-lietuviu","tag-lithuania","tag-lithuanian","tag-lt","tag-naujienos","tag-news","tag-pasaulis","tag-populiariausios-naujienos","tag-populiariausiosnaujienos","tag-rusija","tag-top-stories","tag-topstories","tag-ukraina","tag-volodymyras-zelenskis","tag-world","tag-world-news","tag-worldnews"],"share_on_mastodon":{"url":"https:\/\/pubeurope.com\/@lt\/116378393784243895","error":""},"_links":{"self":[{"href":"https:\/\/www.europesays.com\/lt\/wp-json\/wp\/v2\/posts\/149784","targetHints":{"allow":["GET"]}}],"collection":[{"href":"https:\/\/www.europesays.com\/lt\/wp-json\/wp\/v2\/posts"}],"about":[{"href":"https:\/\/www.europesays.com\/lt\/wp-json\/wp\/v2\/types\/post"}],"author":[{"embeddable":true,"href":"https:\/\/www.europesays.com\/lt\/wp-json\/wp\/v2\/users\/2"}],"replies":[{"embeddable":true,"href":"https:\/\/www.europesays.com\/lt\/wp-json\/wp\/v2\/comments?post=149784"}],"version-history":[{"count":0,"href":"https:\/\/www.europesays.com\/lt\/wp-json\/wp\/v2\/posts\/149784\/revisions"}],"wp:featuredmedia":[{"embeddable":true,"href":"https:\/\/www.europesays.com\/lt\/wp-json\/wp\/v2\/media\/149785"}],"wp:attachment":[{"href":"https:\/\/www.europesays.com\/lt\/wp-json\/wp\/v2\/media?parent=149784"}],"wp:term":[{"taxonomy":"category","embeddable":true,"href":"https:\/\/www.europesays.com\/lt\/wp-json\/wp\/v2\/categories?post=149784"},{"taxonomy":"post_tag","embeddable":true,"href":"https:\/\/www.europesays.com\/lt\/wp-json\/wp\/v2\/tags?post=149784"}],"curies":[{"name":"wp","href":"https:\/\/api.w.org\/{rel}","templated":true}]}}