{"id":149856,"date":"2026-04-10T05:53:27","date_gmt":"2026-04-10T05:53:27","guid":{"rendered":"https:\/\/www.europesays.com\/lt\/149856\/"},"modified":"2026-04-10T05:53:27","modified_gmt":"2026-04-10T05:53:27","slug":"savivaldybe-pardave-buta-tik-uz-399-eurus-prokuratura-siekia-priteisti-tukstancius-respublika-lt","status":"publish","type":"post","link":"https:\/\/www.europesays.com\/lt\/149856\/","title":{"rendered":"Savivaldyb\u0117 pardav\u0117 but\u0105 tik u\u017e 399 eurus \u2013 prokurat\u016bra siekia priteisti t\u016bkstan\u010dius &#8211; Respublika.lt"},"content":{"rendered":"<p><img loading=\"lazy\" decoding=\"async\" src=\"https:\/\/www.respublika.lt\/lt\/naujienos\/lietuva\/kitos-lietuvos-zinios\/savivaldybe-pardave-buta-tik-uz-399-eurus---prokuratura-siekia-priteisti-tukstancius\/images\/ico_camera_white.gif\" class=\"camera\" width=\"22\" height=\"15\" alt=\"nuotr.\" style=\"position:relative; top:-2px; right:2px;\"\/> 1 nuotr.<\/p>\n<p>Asociatyvi pixabay.com nuotr.<\/p>\n<p style=\"text-align: justify;\" class=\"desktop_banner\">\u00a0<\/p>\n<p>Panev\u0117\u017eio apygardos prokurat\u016bra tre\u010diadien\u012f prane\u0161\u0117, kad atliko tyrim\u0105 d\u0117l galimai padaryt\u0173 pa\u017eeidim\u0173 ir \u017ealos Panev\u0117\u017eio savivaldybei tik u\u017e 399 eurus pardavus 3 kambari\u0173 but\u0105.<\/p>\n<p>Ginantis vie\u0161\u0105j\u012f interes\u0105 prokuroras Mindaugas Klemenis kreip\u0117si \u012f teism\u0105 d\u0117l pirkimo-pardavimo sutartyje nurodytos kainos pakeitimo ir 9 t\u016bkst. 460 eur\u0173 skolos priteisimo savivaldyb\u0117s naudai.<\/p>\n<p>Kaip ra\u0161\u0117 \u201eVakaro \u017einios&#8221;, kov\u0105 vie\u0161ojoje erdv\u0117je nuskamb\u0117jo \u017einia apie 2022 m. itin pigiai Panev\u0117\u017eyje parduot\u0105 but\u0105 daugiabutyje, kur\u012f prie\u0161 tai buvusios tremtin\u0117s \u0161eima nuomojosi lengvatine tvarka. Svarstyta, kad tokio buto, esan\u010dio \u017dvaig\u017ed\u017ei\u0173 gatv\u0117je, 1983 m. pastatytame daugiabutyje, rinkos vert\u0117 gali siekti apie 40 t\u016bkst. eur\u0173.<\/p>\n<p>Pagal Paramos b\u016bstui \u012fsigyti ar i\u0161sinuomoti \u012fstatym\u0105, savivaldyb\u0117s b\u016bstas tremtiniams gali b\u016bti parduodamas u\u017e lengvatin\u0119 kain\u0105 &#8211;  50 proc. ma\u017eesne nei rinkos vert\u0117.<\/p>\n<p>Savivaldyb\u0117 ai\u0161kino, kad \u012fvyko \u017emogi\u0161ka klaida &#8211; u\u017e privatizuojamo b\u016bsto pardavim\u0105 atsakinga Socialini\u0173 reikal\u0173 skyriaus vyriausioji specialist\u0117 vadovavosi senu, jau nebegaliojan\u010diu Vyriausyb\u0117s nutarimu.<\/p>\n<p>Tai pat, kai paai\u0161k\u0117jo, nebuvo atliktas nepriklausomas turto vertinimas. Butas buvo \u012fkainotas 797 eurais, o jo vert\u0117, remiantis teis\u0117s aktais, suma\u017einta iki 399 eur\u0173. 2023 m. vasar\u0105 tai nustat\u0117 savivaldyb\u0117s Kontrol\u0117s ir audito tarnyba.<\/p>\n<p>Kaip pa\u017eym\u0117jo prokurat\u016bra, nors buto \u012fkainojimo akt\u0105 sura\u0161\u0117 viena darbuotoja, klaidos nepasteb\u0117jo ir kiti savivaldyb\u0117s administracijos darbuotojai, su kuriais buvo derintas tarybos sprendimo projektas. Netrukus buto pardavimui u\u017e itin ma\u017e\u0105 kain\u0105 vienbalsiai pritar\u0117 ir savivaldyb\u0117s taryba. 2022 m. baland\u012f savivaldyb\u0117 su buvusia tremtine E.Z. sudar\u0117 sutart\u012f.<\/p>\n<p>Po audito i\u0161vad\u0173 savivaldyb\u0117 skyr\u0117 papeikim\u0105 klaid\u0105 padariusiai darbuotojai ir \u012fpareigojo atlyginti \u017eal\u0105, ta\u010diau ji kreip\u0117si \u012f teism\u0105. \u0160iemet Lietuvos vyriausiasis administracinis teismas galutiniu sprendimu panaikino tiek nuobaud\u0105, tiek \u012fpareigojim\u0105 atlyginti \u017eal\u0105.<\/p>\n<p>Prokuroras atkreip\u0117 d\u0117mes\u012f, kad savivaldyb\u0117 visi\u0161kai nesi\u0117m\u0117 joki\u0173 veiksm\u0173, kad buto pirk\u0117ja sumok\u0117t\u0173 susidarius\u012f kainos skirtum\u0105 &#8211; nesikreip\u0117 \u012f teism\u0105 civiline tvarka, ir net neinformavo buto pirk\u0117jos apie susiklos\u010diusi\u0105 pad\u0117t\u012f bei nepra\u0161\u0117 sumok\u0117ti susidarius\u012f kainos skirtum\u0105.<\/p>\n<p>Lengvatin\u0117mis s\u0105lygomis buvusiai tremtinei \u0161is butas gal\u0117jo b\u016bti parduotas u\u017e 9 t\u016bkst. 859 eurus.<\/p>\n<p>\u00a0<\/p>\n","protected":false},"excerpt":{"rendered":"1 nuotr. Asociatyvi pixabay.com nuotr. \u00a0 Panev\u0117\u017eio apygardos prokurat\u016bra tre\u010diadien\u012f prane\u0161\u0117, kad atliko tyrim\u0105 d\u0117l galimai padaryt\u0173 pa\u017eeidim\u0173&hellip;\n","protected":false},"author":2,"featured_media":149857,"comment_status":"","ping_status":"","sticky":false,"template":"","format":"standard","meta":{"footnotes":"","_share_on_mastodon":"0"},"categories":[13],"tags":[25,30,31,8326,34,35,24,32,33,37,39,36,38,40,23,22,600,227,28,29,627,1821,26,27],"class_list":["post-149856","post","type-post","status-publish","format-standard","has-post-thumbnail","category-lietuva","tag-antrastes","tag-breaking-news","tag-breakingnews","tag-butas","tag-featured-news","tag-featurednews","tag-headlines","tag-latest-news","tag-latestnews","tag-lietuva","tag-lietuviu","tag-lithuania","tag-lithuanian","tag-lt","tag-naujienos","tag-news","tag-panevezys","tag-pardavimas","tag-populiariausios-naujienos","tag-populiariausiosnaujienos","tag-prokuratura","tag-savivaldybe","tag-top-stories","tag-topstories"],"share_on_mastodon":{"url":"https:\/\/pubeurope.com\/@lt\/116378861984277740","error":""},"_links":{"self":[{"href":"https:\/\/www.europesays.com\/lt\/wp-json\/wp\/v2\/posts\/149856","targetHints":{"allow":["GET"]}}],"collection":[{"href":"https:\/\/www.europesays.com\/lt\/wp-json\/wp\/v2\/posts"}],"about":[{"href":"https:\/\/www.europesays.com\/lt\/wp-json\/wp\/v2\/types\/post"}],"author":[{"embeddable":true,"href":"https:\/\/www.europesays.com\/lt\/wp-json\/wp\/v2\/users\/2"}],"replies":[{"embeddable":true,"href":"https:\/\/www.europesays.com\/lt\/wp-json\/wp\/v2\/comments?post=149856"}],"version-history":[{"count":0,"href":"https:\/\/www.europesays.com\/lt\/wp-json\/wp\/v2\/posts\/149856\/revisions"}],"wp:featuredmedia":[{"embeddable":true,"href":"https:\/\/www.europesays.com\/lt\/wp-json\/wp\/v2\/media\/149857"}],"wp:attachment":[{"href":"https:\/\/www.europesays.com\/lt\/wp-json\/wp\/v2\/media?parent=149856"}],"wp:term":[{"taxonomy":"category","embeddable":true,"href":"https:\/\/www.europesays.com\/lt\/wp-json\/wp\/v2\/categories?post=149856"},{"taxonomy":"post_tag","embeddable":true,"href":"https:\/\/www.europesays.com\/lt\/wp-json\/wp\/v2\/tags?post=149856"}],"curies":[{"name":"wp","href":"https:\/\/api.w.org\/{rel}","templated":true}]}}