{"id":150067,"date":"2026-04-10T10:22:58","date_gmt":"2026-04-10T10:22:58","guid":{"rendered":"https:\/\/www.europesays.com\/lt\/150067\/"},"modified":"2026-04-10T10:22:58","modified_gmt":"2026-04-10T10:22:58","slug":"isikurs-isskirtineje-ir-itin-patogioje-vietoje","status":"publish","type":"post","link":"https:\/\/www.europesays.com\/lt\/150067\/","title":{"rendered":"\u012fsikurs i\u0161skirtin\u0117je ir itin patogioje vietoje"},"content":{"rendered":"<p>Prekybos tinklas \u201eLidl\u201c t\u0119sia pl\u0117tr\u0105 \u0161alyje atidarydamas dar vien\u0105 parduotuv\u0119 \u2013 baland\u017eio 16 dien\u0105 nauja <a href=\"https:\/\/kaunas.kasvyksta.lt\/parduotuve\" title=\"Parduotuv\u0117\" rel=\"nofollow noopener\" target=\"_blank\">parduotuv\u0117<\/a> duris atvers Kauno rajone esan\u010dioje Garliavoje, vystomame Garliavos prekybos parke. Tai bus 86-oji prekybos tinklo parduotuv\u0117 Lietuvoje, ji \u012fsikurs adresu Vytauto g. 111B. \u0160iuo metu Kauno mieste ir rajone veikia 18 \u201eLidl\u201c parduotuvi\u0173. Atidarymo dien\u0105 pirk\u0117jai kvie\u010diami \u012f tradicin\u0119 rytin\u0119 \u0161vent\u0119, taip pat pasinaudoti i\u0161skirtiniais \u017eemos kainos pasi\u016blymais atidarymo proga. Pirm\u0105j\u0105 parduotuv\u0117s darbo dien\u0105 pirk\u0117j\u0173 taip pat lauks \u201eLidl Plus\u201c ekspert\u0173 komanda, kuri pad\u0117s \u012fsidiegti program\u0117l\u0119 bei paai\u0161kins apie jos funkcijas apsiperkant.<\/p>\n<p>Tai jau tre\u010dioji \u0161iais metais \u201eLidl\u201c atidaroma parduotuv\u0117. Sausio m\u0117nes\u012f prekybos tinklas atidar\u0117 nauj\u0105 parduotuv\u0119 Kaune, o pra\u0117jusi\u0105 savait\u0119 pirmoji \u201eLidl\u201c parduotuv\u0117 duris atv\u0117r\u0117 Raseiniuose.<\/p>\n<p>\u201eT\u0119siame pl\u0117tr\u0105 Lietuvoje ir dalijam\u0117s puikiomis \u017einiomis Garliavos gyventojams, kadangi jau u\u017e savait\u0117s \u010dia atidarysime parduotuv\u0119, tad dar daugiau m\u016bs\u0173 pirk\u0117j\u0173 \u201eLidl\u201c bus ar\u010diau nam\u0173 ar lengviau pasiekiamas. Parduotuv\u0117 \u012fsik\u016brusi naujame prekybos parke, tod\u0117l bus patogi ne tik gyvenantiems bei dirbantiems \u0161ioje vietoje, ta\u010diau ir va\u017eiuojantiems pro \u0161al\u012f. Tradici\u0161kai atidarymo ryt\u0105 surengsime ir \u0161vent\u0119 miesto bendruomenei\u201c, \u2013 kalb\u0117jo \u201eLidl Lietuva\u201c korporatyvini\u0173 reikal\u0173 ir komunikacijos vadovas Antanas Bubnelis.<\/p>\n<p>Baland\u017eio 16 dien\u0105 \u201eLidl\u201c surengs \u0161vent\u0119 vietos bendruomenei naujosios parduotuv\u0117s atidarymo proga. 8 val. ryto, atidarant parduotuv\u0119, klientai bus vai\u0161inami kar\u0161tais g\u0117rimais ir saldumynais, pirmieji pirk\u0117jai dovan\u0173 gaus specialiai atidarymui pagamintus daugkartinius pirkini\u0173 mai\u0161elius. Be vis\u0173 pramog\u0173 atidarymo proga, klient\u0173 lauks special\u016bs pasi\u016blymai tiek maisto, tiek ir ne maisto prek\u0117ms, kurie leis apsipirkti u\u017e jau \u012fprast\u0105 \u017eem\u0105 \u201eLidl\u201c kain\u0105.<\/p>\n<p><img decoding=\"async\" width=\"500\" height=\"280\" loading=\"lazy\" src=\"https:\/\/www.europesays.com\/lt\/wp-content\/uploads\/2026\/04\/vizualizacija-69d771041c7b4.jpg@webp.webp\" class=\"w-auto h-auto\" alt=\"Vizualizacija\"\/><\/p>\n<p>Naujojo \u201eLidl\u201c vizualizacija \/ \u012fmon\u0117s nuotr.<\/p>\n<p>Pirm\u0105j\u0105 naujosios parduotuv\u0117s darbo dien\u0105 klient\u0173 lauks \u201eLidl Plus\u201c ekspert\u0173 komanda, kuri pad\u0117s \u012fdiegti program\u0117l\u0119 bei patars, kaip ja naudotis. Program\u0117l\u0117je \u201eLidl Plus\u201c klientai mato tik jiems skirtus prekybos tinklo nuolaid\u0173 kuponus, kitus specialius pasi\u016blymus, skaitmeninius apsipirkimo  kvitus ir apsipirkimo istorij\u0105, taip pat gali dalyvauti specialiuose \u017eaidimuose bei naudotis partneri\u0173 pasi\u016blymais.<\/p>\n<p>Atidarymo proga klient\u0173 lauks special\u016bs pasi\u016blymai tiek maisto, tiek ir ne maisto prek\u0117ms, kurie leis \u012fsigyti auk\u0161tos kokyb\u0117s preki\u0173 u\u017e \u017eem\u0105 \u201eLidl\u201c kain\u0105. Pavyzd\u017eiui, elektrin\u0117 vejapjov\u0117 \u201eParkside\u201c kainuos vos 30 eur\u0173, gr\u0105\u017et\u0173 arba antgali\u0173 rinkinys \u2013 tik 2 eurus, o maisto laikymo indeli\u0173 rinkinys \u2013 vos 5 eurus. Ypatingi pasi\u016blymai atidarymo proga bus taikomi ir maisto prek\u0117ms \u2013 \u201ePilos\u201c sviesto bus galima \u012fsigyti u\u017e 0,85 euro, skrudint\u0173 ir s\u016bdyt\u0173 pistacij\u0173 \u2013 u\u017e 2,65 euro, o r\u016bkytos la\u0161i\u0161\u0173 fil\u0117 \u2013 tik u\u017e 1,99 euro.<\/p>\n<p>Atidarymo dien\u0105 naujoji parduotuv\u0117 duris atvers 8 val., kitomis dienomis pirk\u0117j\u0173 ji taip pat lauks nuo 8 iki 22 valandos. Parduotuv\u0117s komand\u0105 sudarys ma\u017edaug 30 darbuotoj\u0173. Vienus auk\u0161\u010diausi\u0173 vidutini\u0173 atlyginim\u0173 ma\u017emenin\u0117s prekybos rinkoje mokan\u010dio \u201eLidl\u201c vidutinis vis\u0173 darbuotoj\u0173 atlyginimas, portalo \u201eRekvizitai.lt\u201c 2026 met\u0173 vasario m\u0117nesio duomenimis, siek\u0117 2781,14 eur\u0173 prie\u0161 mokes\u010dius. Vidutinis darbo u\u017emokestis apskai\u010diuojamas remiantis vis\u0105 kalendorin\u012f m\u0117nes\u012f \u012fmon\u0117je dirbusi\u0173 darbuotoj\u0173 atlyginimo duomenimis.<\/p>\n<p>Patogioje lokacijoje ir ar\u010diau klient\u0173<\/p>\n<p>Garliavos prekybos parkas \u012fsik\u016br\u0119s Vytauto g. \u2013  vienoje pagrindini\u0173 miesto gatvi\u0173. Patogi prekybos parko vieta ir du \u012fva\u017eiavimai \u2013 i\u0161 Vytauto g. ir Atgimimo g. \u2013 leis j\u012f bei nauj\u0105j\u0105 \u201eLidl\u201c parduotuv\u0119 lengvai pasiekti tiek prava\u017eiuojantiems, tiek ateinantiems p\u0117s\u010diomis. \u010cia duris atversianti parduotuv\u0117 taps viso prekybos parko centrine a\u0161imi \u2013 ji dalinsis bendra parkavimo aik\u0161tele su greta \u012fsikursian\u010diomis paslaug\u0173 erdv\u0117mis. Toks i\u0161d\u0117stymas leis u\u017etikrinti vientis\u0105 apsipirkimo patirt\u012f ir skland\u0173 pirk\u0117j\u0173 jud\u0117jim\u0105.<\/p>\n<p>Garliavos prekybos parko vystytojai pabr\u0117\u017eia, kad \u0161ioje teritorijoje iki \u0161iol tr\u016bko maisto preki\u0173 parduotuvi\u0173 pasirinkimo, o \u201eLidl\u201c \u012fsitraukimas ne tik u\u017epild\u0117 infrastrukt\u016bros sprag\u0105, bet ir tampa svarbia jungtimi tarp kit\u0173 parko prekybinink\u0173 ir paslaug\u0173 teik\u0117j\u0173.<\/p>\n<p>\u201eTiek vietos gyventojams, tiek pro \u0161al\u012f va\u017eiuojantiems tai bus patogi vieta greitam ir patogiam apsipirkimui. \u0160alia \u201eLidl\u201c \u012fsikurs ir drabu\u017ei\u0173, buities ir nam\u0173 apyvokos preki\u0173 parduotuv\u0117s, vaistin\u0117, kosmetikos ir gro\u017eio preki\u0173 parduotuv\u0117, sporto klubas. Tikim\u0117s, kad Garliavos prekybos parkas taps patogia vieta kasdieniams apsipirkimams, sportui bei susitikimams,\u201c \u2013 sako UAB \u201eGarliavos prekybos parkas\u201c direktorius Art\u016bras \u0160ukys.<\/p>\n<p>Naujoji \u201eLidl\u201c parduotuv\u0117 pasi\u017eymi erdviu prekybos sal\u0117s plotu, kuris siekia ma\u017edaug 1300 kv. metr\u0173, o fasadas \u012frengtas su aliumin\u0117mis dekoratyvin\u0117mis plok\u0161t\u0117mis bei kirstu tinklu. Parduotuv\u0117je \u012fdiegti kruop\u0161\u010diai apgalvoti sprendimai \u2013 ai\u0161kios produkt\u0173 zon\u0173 navigacijos, kurios pad\u0117s greitai rasti reikiamas prekes ir patogiai apsipirkti.<\/p>\n<p><img decoding=\"async\" width=\"500\" height=\"280\" loading=\"lazy\" src=\"https:\/\/www.europesays.com\/lt\/wp-content\/uploads\/2026\/04\/lidl-savitarnos-kasu-zona-69d771424f4a9.jpg@webp.webp\" class=\"w-auto h-auto\" alt=\"Lidl savitarnos kas\u0173 zona\"\/><\/p>\n<p>\u201eLidl\u201c savitarnos kas\u0173 zona \/ \u012fmon\u0117s nuotr.<\/p>\n<p>Garliavos \u201eLidl\u201c i\u0161 viso veiks 12 kas\u0173: 4 \u012fprastin\u0117s bei 8 XXL dyd\u017eio savitarnos kasos. Parduotuv\u0117je lankytoj\u0173 lauks atnaujinta savitarnos zona su moderniausiomis kasomis, u\u017etikrinan\u010diomis greit\u0105 ir skland\u0173 atsiskaitymo proces\u0105. \u010cia sumontuotos naujos kartos kasos pasi\u017eymi intuityviu valdymu ir yra puikiai pritaikytos esant didesniems pirkiniams. Prekybos tinklas skai\u010diuoja, kad savitarnos kasoje apsipirkti vidutini\u0161kai galima vos per 2 minutes. \u0160i atnaujinto dizaino ir funkcionalumo kas\u0173 zona yra antroji Lietuvoje, pirmoji tokio tipo savitarnos zona \u012frengta Raseini\u0173 \u201eLidl\u201c, kuris duris atv\u0117r\u0117 pra\u0117jusi\u0105 savait\u0119. Parkavimo aik\u0161tel\u0117je taip pat numatyta \u012frengti elektromobili\u0173 \u012fkrovimo stoteles.<\/p>\n<p>\u0160iuo metu veikia 85 \u201eLidl\u201c parduotuv\u0117s 30 \u0161alies miest\u0173: Vilniuje, Kaune, Klaip\u0117doje, \u0160iauliuose, Alytuje, Marijampol\u0117je, K\u0117dainiuose, Tel\u0161iuose, Kretingoje, Ma\u017eeikiuose, Taurag\u0117je, Jonavoje, Panev\u0117\u017eyje, Ukmerg\u0117je, Utenoje, Plung\u0117je, Palangoje, Elektr\u0117nuose, Visagine, \u0160ilut\u0117je, Radvili\u0161kyje, Vilkavi\u0161kyje, Druskininkuose, Roki\u0161kyje, Kai\u0161iadoryse, Nemen\u010din\u0117je, Garg\u017eduose, Raseiniuose, Mol\u0117tuose, Jurbarke ir Raseiniuose.<\/p>\n","protected":false},"excerpt":{"rendered":"Prekybos tinklas \u201eLidl\u201c t\u0119sia pl\u0117tr\u0105 \u0161alyje atidarydamas dar vien\u0105 parduotuv\u0119 \u2013 baland\u017eio 16 dien\u0105 nauja parduotuv\u0117 duris atvers&hellip;\n","protected":false},"author":2,"featured_media":150068,"comment_status":"","ping_status":"","sticky":false,"template":"","format":"standard","meta":{"footnotes":"","_share_on_mastodon":"0"},"categories":[13],"tags":[25,30,31,34,35,3223,24,1061,32,33,7365,37,39,36,38,40,23,22,10322,28,29,26,27,46],"class_list":["post-150067","post","type-post","status-publish","format-standard","has-post-thumbnail","category-lietuva","tag-antrastes","tag-breaking-news","tag-breakingnews","tag-featured-news","tag-featurednews","tag-garliava","tag-headlines","tag-kaunas","tag-latest-news","tag-latestnews","tag-lidl","tag-lietuva","tag-lietuviu","tag-lithuania","tag-lithuanian","tag-lt","tag-naujienos","tag-news","tag-parduotuve","tag-populiariausios-naujienos","tag-populiariausiosnaujienos","tag-top-stories","tag-topstories","tag-verslas"],"share_on_mastodon":{"url":"https:\/\/pubeurope.com\/@lt\/116379923432663329","error":""},"_links":{"self":[{"href":"https:\/\/www.europesays.com\/lt\/wp-json\/wp\/v2\/posts\/150067","targetHints":{"allow":["GET"]}}],"collection":[{"href":"https:\/\/www.europesays.com\/lt\/wp-json\/wp\/v2\/posts"}],"about":[{"href":"https:\/\/www.europesays.com\/lt\/wp-json\/wp\/v2\/types\/post"}],"author":[{"embeddable":true,"href":"https:\/\/www.europesays.com\/lt\/wp-json\/wp\/v2\/users\/2"}],"replies":[{"embeddable":true,"href":"https:\/\/www.europesays.com\/lt\/wp-json\/wp\/v2\/comments?post=150067"}],"version-history":[{"count":0,"href":"https:\/\/www.europesays.com\/lt\/wp-json\/wp\/v2\/posts\/150067\/revisions"}],"wp:featuredmedia":[{"embeddable":true,"href":"https:\/\/www.europesays.com\/lt\/wp-json\/wp\/v2\/media\/150068"}],"wp:attachment":[{"href":"https:\/\/www.europesays.com\/lt\/wp-json\/wp\/v2\/media?parent=150067"}],"wp:term":[{"taxonomy":"category","embeddable":true,"href":"https:\/\/www.europesays.com\/lt\/wp-json\/wp\/v2\/categories?post=150067"},{"taxonomy":"post_tag","embeddable":true,"href":"https:\/\/www.europesays.com\/lt\/wp-json\/wp\/v2\/tags?post=150067"}],"curies":[{"name":"wp","href":"https:\/\/api.w.org\/{rel}","templated":true}]}}