{"id":150629,"date":"2026-04-11T03:46:31","date_gmt":"2026-04-11T03:46:31","guid":{"rendered":"https:\/\/www.europesays.com\/lt\/150629\/"},"modified":"2026-04-11T03:46:31","modified_gmt":"2026-04-11T03:46:31","slug":"is-pareigu-traukiasi-lietuvos-gelezinkeliu-generalinis-direktorius-respublika-lt","status":"publish","type":"post","link":"https:\/\/www.europesays.com\/lt\/150629\/","title":{"rendered":"I\u0161 pareig\u0173 traukiasi \u201eLietuvos gele\u017einkeli\u0173\u201c generalinis direktorius &#8211; Respublika.lt"},"content":{"rendered":"<p>    \u00d7<\/p>\n<p>    (1\/1) I\u0161 pareig\u0173 traukiasi LTG generalinis direktorius Egidijus Lazauskas. Eltos nuotr. <a href=\"https:\/\/www.respublika.lt\/uploads\/img\/catalog\/1\/photo_1_46774575.jpg\" class=\"swiper-photo-download\" download=\"\" rel=\"nofollow noopener\" target=\"_blank\">Atsisi\u0173sti<\/a><\/p>\n<p><img loading=\"lazy\" decoding=\"async\" src=\"https:\/\/www.respublika.lt\/lt\/naujienos\/lietuva\/verslas\/is-pareigu-traukiasi-ltg-generalinis-direktorius-lazauskas\/images\/ico_camera_white.gif\" class=\"camera\" width=\"22\" height=\"15\" alt=\"nuotr.\" style=\"position:relative; top:-2px; right:2px;\"\/> 1 nuotr.<\/p>\n<p>I\u0161 pareig\u0173 traukiasi LTG generalinis direktorius Egidijus Lazauskas. Eltos nuotr.<\/p>\n<p style=\"text-align: left;\">\u0160ali\u0173 susitarimu pareigas palieka pastaruosius ketverius metus \u201eLietuvos gele\u017einkeliams\u201c vadovav\u0119s\u00a0Egidijus Lazauskas.<\/p>\n<p style=\"text-align: justify;\" class=\"desktop_banner\">\u00a0<\/p>\n<p style=\"text-align: left;\">\u00a0<\/p>\n<p style=\"text-align: left;\">Paskutin\u0117 \u00a0jo darbo diena yra baland\u017eio 10 dien\u0105, prane\u0161\u0117 bendrov\u0117.<\/p>\n<p style=\"text-align: left;\">Iki kol bus i\u0161rinktas ir paskirtas naujas generalinis direktorius, bendrovei laikinai vadovaus LTG finans\u0173 direktorius Ar\u016bnas Rumskas. Dal\u012f bendrov\u0117s vadovo funkcij\u0173 laikinai taip pat atliks strategijos bei verslo vystymo direktorius Vytautas Radzevi\u010dius.<\/p>\n<p style=\"text-align: left;\">\u201eD\u0117kojame Egidijui u\u017e svar\u0173 ind\u0117l\u012f \u012f organizacijos augim\u0105 ir nuosekl\u0173 strategijos \u012fgyvendinim\u0105. Jo vadovavimo laikotarpiu buvo sustiprinti organizacijos veiklos pamatai, u\u017etikrintas stabilumas ir suformuota tvirta platforma tolesniam bendrov\u0117s vystymuisi\u201c, \u2013 prane\u0161ime cituojamas LTG grup\u0117s valdybos pirmininkas Robertas Vy\u0161niauskas.<\/p>\n<p style=\"text-align: left;\">E. Lazauskas LTG vadovavo nuo 2022 met\u0173 bir\u017eelio, o bendrov\u0117s grup\u0117je dirbo beveik de\u0161imtmet\u012f.\u00a0<\/p>\n<p style=\"text-align: left;\">LTG generalin\u012f direktori\u0173 skiria ir atleid\u017eia bendrov\u0117s valdyba.\u00a0Konkurs\u0105 \u0161ioms pareigoms ketinama paskelbti artimiausiu metu.<\/p>\n<p>Naujausios \u017einios<\/p>\n<p><\/p>\n<p>        <a href=\"https:\/\/www.respublika.lt\/lt\/naujienos\/pramogos\/idomybes\/balandzio-11-d-vardadieniai-ir-kitos-idomybes-87253303\/\" rel=\"nofollow noopener\" target=\"_blank\"><img decoding=\"async\" oncontextmenu=\"return false\" class=\"block_item_newest_photo\" src=\"https:\/\/www.respublika.lt\/lt\/naujienos\/lietuva\/verslas\/is-pareigu-traukiasi-ltg-generalinis-direktorius-lazauskas\/uploads\/img\/catalog\/1\/photo_for_homepage_1_85044796.jpg\" alt=\"\" width=\"240\" height=\"154.45\"\/><\/a><\/p>\n<p>        <a href=\"https:\/\/www.respublika.lt\/lt\/naujienos\/sportas\/krepsinis\/belgrade-pergale-iskovojes-zalgiris-priartejo-prie-finiso-sesetuke\/\" rel=\"nofollow noopener\" target=\"_blank\"><img decoding=\"async\" oncontextmenu=\"return false\" class=\"block_item_newest_photo\" src=\"https:\/\/www.respublika.lt\/lt\/naujienos\/lietuva\/verslas\/is-pareigu-traukiasi-ltg-generalinis-direktorius-lazauskas\/uploads\/img\/catalog\/1\/photo_for_homepage_1_39004867.jpg\" alt=\"\" width=\"240\" height=\"154.45\"\/><\/a><\/p>\n<p>Patiko straipsnis? Leisk mums apie tai su\u017einoti. Nepamir\u0161k pasidalinti Facebook! <\/p>\n<p><img loading=\"lazy\" decoding=\"async\" class=\"p2_social_circle_icon\" src=\"https:\/\/www.respublika.lt\/images\/thumbs_up.svg\" width=\"21\" height=\"22\" alt=\"L\"\/><\/p>\n<p><img loading=\"lazy\" decoding=\"async\" class=\"p2_social_circle_icon\" src=\"https:\/\/www.respublika.lt\/images\/facebook.svg\" alt=\"F\" width=\"22\" height=\"22\" style=\"filter: invert(37%) sepia(55%) saturate(2351%) hue-rotate(187deg) brightness(102%) contrast(106%);\"\/><\/p>\n<p>&#13;<br \/>\n\tNesutinkate &#8211; diskutuokime!<br \/>&#13;<br \/>\n\tNepykite komentatoriai, bet komentarai su keiksma\u017eod\u017eiais bus \u0161alinami automati\u0161kai, be atsipra\u0161ymo.\n    <\/p>\n<p>&#13;<br \/>\n              Respublika.lt pasilieka teis\u0119 pa\u0161alinti nekult\u016bringus, keiksma\u017eod\u017eiais pagardintus, su tema nesusijusius, kito asmens vardu pasira\u0161ytus, \u012fstatymus pa\u017eeid\u017eian\u010dius, \u0161lam\u0161t\u0105 reklamuojan\u010dius ar nusikalsti kurstan\u010dius komentarus. Jei kurstysite smurt\u0105, rasin\u0119, tautin\u0119, religin\u0119 ar kitokio pob\u016bd\u017eio neapykant\u0105, \u017evirbliu i\u0161skrid\u0119 j\u016bs\u0173 \u017eod\u017eiai gr\u012f\u017edami gali virsti ton\u0105 sverian\u010diu jau\u010diu &#8211; specialiosioms Lietuvos tarnyboms pareikalavus suteiksime j\u016bs\u0173 duomenis.\n            <\/p>\n","protected":false},"excerpt":{"rendered":"\u00d7 (1\/1) I\u0161 pareig\u0173 traukiasi LTG generalinis direktorius Egidijus Lazauskas. Eltos nuotr. Atsisi\u0173sti 1 nuotr. I\u0161 pareig\u0173 traukiasi&hellip;\n","protected":false},"author":2,"featured_media":150630,"comment_status":"","ping_status":"","sticky":false,"template":"","format":"standard","meta":{"footnotes":"","_share_on_mastodon":"0"},"categories":[13],"tags":[25,30,31,34,35,8809,24,32,33,4741,37,39,36,38,40,5931,23,22,28,29,4025,25396,26,27],"class_list":["post-150629","post","type-post","status-publish","format-standard","has-post-thumbnail","category-lietuva","tag-antrastes","tag-breaking-news","tag-breakingnews","tag-featured-news","tag-featurednews","tag-gelezinkeliai","tag-headlines","tag-latest-news","tag-latestnews","tag-lazauskas","tag-lietuva","tag-lietuviu","tag-lithuania","tag-lithuanian","tag-lt","tag-ltg","tag-naujienos","tag-news","tag-populiariausios-naujienos","tag-populiariausiosnaujienos","tag-radzevicius","tag-rumskas","tag-top-stories","tag-topstories"],"share_on_mastodon":{"url":"https:\/\/pubeurope.com\/@lt\/116384024843202697","error":""},"_links":{"self":[{"href":"https:\/\/www.europesays.com\/lt\/wp-json\/wp\/v2\/posts\/150629","targetHints":{"allow":["GET"]}}],"collection":[{"href":"https:\/\/www.europesays.com\/lt\/wp-json\/wp\/v2\/posts"}],"about":[{"href":"https:\/\/www.europesays.com\/lt\/wp-json\/wp\/v2\/types\/post"}],"author":[{"embeddable":true,"href":"https:\/\/www.europesays.com\/lt\/wp-json\/wp\/v2\/users\/2"}],"replies":[{"embeddable":true,"href":"https:\/\/www.europesays.com\/lt\/wp-json\/wp\/v2\/comments?post=150629"}],"version-history":[{"count":0,"href":"https:\/\/www.europesays.com\/lt\/wp-json\/wp\/v2\/posts\/150629\/revisions"}],"wp:featuredmedia":[{"embeddable":true,"href":"https:\/\/www.europesays.com\/lt\/wp-json\/wp\/v2\/media\/150630"}],"wp:attachment":[{"href":"https:\/\/www.europesays.com\/lt\/wp-json\/wp\/v2\/media?parent=150629"}],"wp:term":[{"taxonomy":"category","embeddable":true,"href":"https:\/\/www.europesays.com\/lt\/wp-json\/wp\/v2\/categories?post=150629"},{"taxonomy":"post_tag","embeddable":true,"href":"https:\/\/www.europesays.com\/lt\/wp-json\/wp\/v2\/tags?post=150629"}],"curies":[{"name":"wp","href":"https:\/\/api.w.org\/{rel}","templated":true}]}}