{"id":15108,"date":"2025-10-11T06:58:26","date_gmt":"2025-10-11T06:58:26","guid":{"rendered":"https:\/\/www.europesays.com\/lt\/15108\/"},"modified":"2025-10-11T06:58:26","modified_gmt":"2025-10-11T06:58:26","slug":"baltarusijos-opozicijos-aktyvistei-kalesnikavai-leista-parasyti-laiska-is-kalejimo","status":"publish","type":"post","link":"https:\/\/www.europesays.com\/lt\/15108\/","title":{"rendered":"Baltarusijos opozicijos aktyvistei Kalesnikavai leista para\u0161yti lai\u0161k\u0105 i\u0161 kal\u0117jimo"},"content":{"rendered":"<p>\u201eM\u016bs\u0173 susitikimo laikas nei\u0161vengiamai art\u0117ja \u2013 ir tai bus pati laimingiausia diena, \u2013 ra\u0161\u0117 ji lai\u0161ke t\u0117vui, kurio i\u0161traukas opozicija ketvirtadien\u012f paskelb\u0117 \u201eInstagram\u201c tinkle. \u2013 Kiekvien\u0105 ryt\u0105 \u017evelgiu \u012f rytin\u012f dang\u0173, o kiekvien\u0105 vakar\u0105 \u2013 \u012f \u017evaig\u017ed\u0117t\u0105 dang\u0173, galvoju apie tave ir mintimis stipriai tave apkabinu! Ir visada jau\u010diu tavo meil\u0119 ir r\u016bpest\u012f, kurie mane saugo ir suteikia pasitik\u0117jimo, kad mes visk\u0105 \u012fveiksime.\u201c<\/p>\n<p>Pra\u0117jusiais metais jos t\u0117vui buvo leista aplankyti 43 met\u0173 M. Kalesnikav\u0105 Gomelio pataisos kolonijos ligonin\u0117je, gavus prane\u0161im\u0173 apie blog\u0117jan\u010di\u0105 jos sveikat\u0105.<\/p>\n<p>Pagal profesij\u0105 muzikant\u0117 M. Kalesnikava 2020 m. buvo ry\u0161ki lyder\u0117 protestuose prie\u0161 ilgamet\u012f prezident\u0105 Aliaksandr\u0105 Luka\u0161enk\u0105 po rinkim\u0173, kurie buvo pla\u010diai kritikuojami kaip suklastoti.<\/p>\n<p>T\u0173 met\u0173 rugs\u0117j\u012f ji buvo sulaikyta ir supl\u0117\u0161\u0117 savo pas\u0105, kad i\u0161vengt\u0173 priverstin\u0117s deportacijos. Ji buvo apkaltinta bandymu neteis\u0117tai u\u017egrobti vald\u017ei\u0105 ir nuteista 11 met\u0173 kal\u0117jimo.<\/p>\n<p>Jos \u0161eimos teigimu, \u0161is lai\u0161kas yra pirmasis, gautas nuo 2023 m. vasario.<\/p>\n<p>Baltarusijoje teb\u0117ra \u012fkalinta daugiau kaip 1 000 A. Luka\u0161enkos kritik\u0173.<\/p>\n","protected":false},"excerpt":{"rendered":"\u201eM\u016bs\u0173 susitikimo laikas nei\u0161vengiamai art\u0117ja \u2013 ir tai bus pati laimingiausia diena, \u2013 ra\u0161\u0117 ji lai\u0161ke t\u0117vui, kurio&hellip;\n","protected":false},"author":2,"featured_media":15109,"comment_status":"","ping_status":"","sticky":false,"template":"","format":"standard","meta":{"footnotes":""},"categories":[15],"tags":[25,1496,30,31,34,35,24,32,33,37,39,36,38,40,23,22,44,28,29,26,27,74,75,76],"class_list":{"0":"post-15108","1":"post","2":"type-post","3":"status-publish","4":"format-standard","5":"has-post-thumbnail","7":"category-pasaulis","8":"tag-antrastes","9":"tag-baltarusija","10":"tag-breaking-news","11":"tag-breakingnews","12":"tag-featured-news","13":"tag-featurednews","14":"tag-headlines","15":"tag-latest-news","16":"tag-latestnews","17":"tag-lietuva","18":"tag-lietuviu","19":"tag-lithuania","20":"tag-lithuanian","21":"tag-lt","22":"tag-naujienos","23":"tag-news","24":"tag-pasaulis","25":"tag-populiariausios-naujienos","26":"tag-populiariausiosnaujienos","27":"tag-top-stories","28":"tag-topstories","29":"tag-world","30":"tag-world-news","31":"tag-worldnews"},"share_on_mastodon":{"url":"","error":""},"_links":{"self":[{"href":"https:\/\/www.europesays.com\/lt\/wp-json\/wp\/v2\/posts\/15108","targetHints":{"allow":["GET"]}}],"collection":[{"href":"https:\/\/www.europesays.com\/lt\/wp-json\/wp\/v2\/posts"}],"about":[{"href":"https:\/\/www.europesays.com\/lt\/wp-json\/wp\/v2\/types\/post"}],"author":[{"embeddable":true,"href":"https:\/\/www.europesays.com\/lt\/wp-json\/wp\/v2\/users\/2"}],"replies":[{"embeddable":true,"href":"https:\/\/www.europesays.com\/lt\/wp-json\/wp\/v2\/comments?post=15108"}],"version-history":[{"count":0,"href":"https:\/\/www.europesays.com\/lt\/wp-json\/wp\/v2\/posts\/15108\/revisions"}],"wp:featuredmedia":[{"embeddable":true,"href":"https:\/\/www.europesays.com\/lt\/wp-json\/wp\/v2\/media\/15109"}],"wp:attachment":[{"href":"https:\/\/www.europesays.com\/lt\/wp-json\/wp\/v2\/media?parent=15108"}],"wp:term":[{"taxonomy":"category","embeddable":true,"href":"https:\/\/www.europesays.com\/lt\/wp-json\/wp\/v2\/categories?post=15108"},{"taxonomy":"post_tag","embeddable":true,"href":"https:\/\/www.europesays.com\/lt\/wp-json\/wp\/v2\/tags?post=15108"}],"curies":[{"name":"wp","href":"https:\/\/api.w.org\/{rel}","templated":true}]}}