{"id":15123,"date":"2025-10-11T07:29:22","date_gmt":"2025-10-11T07:29:22","guid":{"rendered":"https:\/\/www.europesays.com\/lt\/15123\/"},"modified":"2025-10-11T07:29:22","modified_gmt":"2025-10-11T07:29:22","slug":"sostineje-vilniaus-rajone-ir-kupiskyje-sukciai-is-zmoniu-isviliojo-apie-228-tukst-euru","status":"publish","type":"post","link":"https:\/\/www.europesays.com\/lt\/15123\/","title":{"rendered":"Sostin\u0117je, Vilniaus rajone ir Kupi\u0161kyje suk\u010diai i\u0161 \u017emoni\u0173 i\u0161viliojo apie 22,8 t\u016bkst. eur\u0173"},"content":{"rendered":"<p>Kaip prane\u0161\u0117 Policijos departamentas, ketvirtadien\u012f, 9.18 val., gautas prane\u0161imas, kad tre\u010diadien\u012f Vilniuje suk\u010diai i\u0161 moters (gim. 1941 m.) galimai i\u0161viliojo <a rel=\"noopener nofollow\" target=\"_blank\" href=\"https:\/\/www.delfi.lt\/temos\/pinigai\" tag-id=\"39421205\">pinigus<\/a>.<\/p>\n<p>Nurodyta, kad moteriai b\u016bnant namuose, jai paskambino nepa\u017e\u012fstami asmenys (bendravo rus\u0173 kalba), kurie prisistat\u0117 telekomunikacij\u0173 \u012fmon\u0117s, banko ir policijos darbuotojais, ir apgaul\u0117s b\u016bdu i\u0161 jos i\u0161viliojo 14 t\u016bkst. eur\u0173. <\/p>\n<p>Vilniaus apskrities vyriausiojo policijos komisariato (AVPK) duomenimis, ketvirtadien\u012f, 9 val., gautas vyro (gim. 1960 m.) prane\u0161imas apie galimai i\u0161 jo i\u0161viliotus pinigus.<\/p>\n<p>Vyras nurod\u0117, kad rugs\u0117jo 30 d., apie 9.30 val., b\u016bnant Vilniaus rajone, jam paskambino nepa\u017e\u012fstami asmenys, kurie, prisistat\u0119 banko bei policijos darbuotojais, apgaule i\u0161viliojo 5,7 t\u016bkst. eur\u0173. <\/p>\n<p>Dar vienas galimas suk\u010diavimo atvejis fiksuotas Kupi\u0161kyje.<\/p>\n<p>Anot Panev\u0117\u017eio AVPK, tre\u010diadien\u012f, apie 14.47 val., moteris (gim. 1966 m.) prane\u0161\u0117, kad paspaudus jai atsi\u0173st\u0105 nuorod\u0105 skelbim\u0173 portale, i\u0161 s\u0105skaitos buvo nuskai\u010diuoti pinigai. <\/p>\n<p>Parei\u0161k\u0117ja nurod\u0117 patyrusi apie 3,1 t\u016bkst. eur\u0173 turtin\u0119 \u017eal\u0105.<\/p>\n","protected":false},"excerpt":{"rendered":"Kaip prane\u0161\u0117 Policijos departamentas, ketvirtadien\u012f, 9.18 val., gautas prane\u0161imas, kad tre\u010diadien\u012f Vilniuje suk\u010diai i\u0161 moters (gim. 1941 m.)&hellip;\n","protected":false},"author":2,"featured_media":8177,"comment_status":"","ping_status":"","sticky":false,"template":"","format":"standard","meta":{"footnotes":""},"categories":[13],"tags":[25,30,31,34,35,24,32,33,37,39,36,38,40,23,22,1666,28,29,1153,26,27],"class_list":{"0":"post-15123","1":"post","2":"type-post","3":"status-publish","4":"format-standard","5":"has-post-thumbnail","7":"category-lietuva","8":"tag-antrastes","9":"tag-breaking-news","10":"tag-breakingnews","11":"tag-featured-news","12":"tag-featurednews","13":"tag-headlines","14":"tag-latest-news","15":"tag-latestnews","16":"tag-lietuva","17":"tag-lietuviu","18":"tag-lithuania","19":"tag-lithuanian","20":"tag-lt","21":"tag-naujienos","22":"tag-news","23":"tag-pinigai","24":"tag-populiariausios-naujienos","25":"tag-populiariausiosnaujienos","26":"tag-sukciavimas","27":"tag-top-stories","28":"tag-topstories"},"share_on_mastodon":{"url":"","error":""},"_links":{"self":[{"href":"https:\/\/www.europesays.com\/lt\/wp-json\/wp\/v2\/posts\/15123","targetHints":{"allow":["GET"]}}],"collection":[{"href":"https:\/\/www.europesays.com\/lt\/wp-json\/wp\/v2\/posts"}],"about":[{"href":"https:\/\/www.europesays.com\/lt\/wp-json\/wp\/v2\/types\/post"}],"author":[{"embeddable":true,"href":"https:\/\/www.europesays.com\/lt\/wp-json\/wp\/v2\/users\/2"}],"replies":[{"embeddable":true,"href":"https:\/\/www.europesays.com\/lt\/wp-json\/wp\/v2\/comments?post=15123"}],"version-history":[{"count":0,"href":"https:\/\/www.europesays.com\/lt\/wp-json\/wp\/v2\/posts\/15123\/revisions"}],"wp:featuredmedia":[{"embeddable":true,"href":"https:\/\/www.europesays.com\/lt\/wp-json\/wp\/v2\/media\/8177"}],"wp:attachment":[{"href":"https:\/\/www.europesays.com\/lt\/wp-json\/wp\/v2\/media?parent=15123"}],"wp:term":[{"taxonomy":"category","embeddable":true,"href":"https:\/\/www.europesays.com\/lt\/wp-json\/wp\/v2\/categories?post=15123"},{"taxonomy":"post_tag","embeddable":true,"href":"https:\/\/www.europesays.com\/lt\/wp-json\/wp\/v2\/tags?post=15123"}],"curies":[{"name":"wp","href":"https:\/\/api.w.org\/{rel}","templated":true}]}}